{"id":484090,"date":"2023-05-30T17:13:48","date_gmt":"2023-05-30T23:13:48","guid":{"rendered":"https:\/\/www.zunoticia.com\/noticias-de-hidalgo\/?p=484090"},"modified":"2023-05-30T17:13:49","modified_gmt":"2023-05-30T23:13:49","slug":"tlanchinol-atiende-red-interinstitucional-de-atencion-a-la-violencia","status":"publish","type":"post","link":"https:\/\/www.zunoticia.com\/noticias-de-hidalgo\/2023\/05\/30\/tlanchinol-atiende-red-interinstitucional-de-atencion-a-la-violencia\/","title":{"rendered":"Tlanchinol atiende &#8220;Red Interinstitucional de atenci\u00f3n a la violencia&#8221;"},"content":{"rendered":"<aside class=\"mashsb-container mashsb-main mashsb-stretched\"><div class=\"mashsb-box\"><div class=\"mashsb-count mash-large\" style=\"float:left\"><div class=\"counts mashsbcount\">12<\/div><span class=\"mashsb-sharetext\">SHARES<\/span><\/div><div class=\"mashsb-buttons\"><a class=\"mashicon-facebook mash-large mash-center mashsb-noshadow\" href=\"https:\/\/www.facebook.com\/sharer.php?u=https%3A%2F%2Fwww.zunoticia.com%2Fnoticias-de-hidalgo%2F2023%2F05%2F30%2Ftlanchinol-atiende-red-interinstitucional-de-atencion-a-la-violencia%2F\" target=\"_top\" rel=\"nofollow\"><span class=\"icon\"><\/span><span class=\"text\">Share<\/span><\/a><a class=\"mashicon-twitter mash-large mash-center mashsb-noshadow\" href=\"https:\/\/twitter.com\/intent\/tweet?text=&amp;url=https:\/\/www.zunoticia.com\/noticias-de-hidalgo\/2023\/05\/30\/tlanchinol-atiende-red-interinstitucional-de-atencion-a-la-violencia\/\" target=\"_top\" rel=\"nofollow\"><span class=\"icon\"><\/span><span class=\"text\">Tweet<\/span><\/a><div class=\"onoffswitch2 mash-large mashsb-noshadow\" style=\"display:none\"><\/div><\/div>\n            <\/div>\n                <div style=\"clear:both\"><\/div><div class=\"mashsb-toggle-container\"><\/div><\/aside>\n            <!-- Share buttons by mashshare.net - Version: 4.0.47-->\n<p>Por Zunoticia\/Redacci\u00f3n<\/p>\n\n\n\n<p>Tlanchinol, Hgo.- A fin de realizar un trabajo coordinado, oportuno y eficiente en la atenci\u00f3n de ni\u00f1os, ni\u00f1as y mujeres v\u00edctimas de violencia, este martes el SMDIF, Sipinna, el Municipio de Tlanchinol 2020-2024 , La Instancia Municipal de la Mujer y Seguridad P\u00fablica asistieron al municipio de Molango de Escamilla para la instalaci\u00f3n de la \u201cRed Interinstitucional de Atenci\u00f3n a la Violencia\u201d, la cual estuvo encabezada por la Jurisdicci\u00f3n Sanitaria IX Molango.<\/p>\n\n\n\n<p>Dicho acto busca que las diferentes dependencias encargadas de atender estos casos, lo hagan salvaguardando los derechos de cada persona y bajo el marco legal que le compete a cada una de ellas.<\/p>\n\n\n\n<figure class=\"wp-block-image size-large\"><img fetchpriority=\"high\" decoding=\"async\" width=\"1024\" height=\"576\" src=\"https:\/\/www.zunoticia.com\/noticias-de-hidalgo\/wp-content\/uploads\/2023\/05\/WhatsApp-Image-2023-05-30-at-15.58.37-1024x576.jpeg\" alt=\"\" class=\"wp-image-484092\" srcset=\"https:\/\/www.zunoticia.com\/noticias-de-hidalgo\/wp-content\/uploads\/2023\/05\/WhatsApp-Image-2023-05-30-at-15.58.37-1024x576.jpeg 1024w, https:\/\/www.zunoticia.com\/noticias-de-hidalgo\/wp-content\/uploads\/2023\/05\/WhatsApp-Image-2023-05-30-at-15.58.37-300x169.jpeg 300w, https:\/\/www.zunoticia.com\/noticias-de-hidalgo\/wp-content\/uploads\/2023\/05\/WhatsApp-Image-2023-05-30-at-15.58.37-768x432.jpeg 768w, https:\/\/www.zunoticia.com\/noticias-de-hidalgo\/wp-content\/uploads\/2023\/05\/WhatsApp-Image-2023-05-30-at-15.58.37.jpeg 1080w\" sizes=\"(max-width: 1024px) 100vw, 1024px\" \/><\/figure>\n","protected":false},"excerpt":{"rendered":"<p>Por Zunoticia\/Redacci\u00f3n Tlanchinol, Hgo.- A fin de realizar un trabajo coordinado, oportuno y eficiente en la atenci\u00f3n de ni\u00f1os, ni\u00f1as y mujeres v\u00edctimas de violencia, este martes el SMDIF, Sipinna, el Municipio de Tlanchinol 2020-2024 , La Instancia Municipal de la Mujer y Seguridad P\u00fablica asistieron al municipio de Molango de Escamilla para la instalaci\u00f3n&hellip; <a class=\"more-link\" href=\"https:\/\/www.zunoticia.com\/noticias-de-hidalgo\/2023\/05\/30\/tlanchinol-atiende-red-interinstitucional-de-atencion-a-la-violencia\/\">Seguir leyendo <span class=\"screen-reader-text\">Tlanchinol atiende &#8220;Red Interinstitucional de atenci\u00f3n a la violencia&#8221;<\/span><\/a><\/p>\n","protected":false},"author":20,"featured_media":484091,"comment_status":"closed","ping_status":"open","sticky":false,"template":"","format":"standard","meta":{"rop_custom_images_group":[],"rop_custom_messages_group":[],"rop_publish_now":"initial","rop_publish_now_accounts":{"facebook_10159540855086992_322828327761733":""},"rop_publish_now_history":[],"rop_publish_now_status":"pending","footnotes":""},"categories":[201],"tags":[127],"class_list":["post-484090","post","type-post","status-publish","format-standard","has-post-thumbnail","hentry","category-tlanchinol","tag-tlanchinol","entry"],"_links":{"self":[{"href":"https:\/\/www.zunoticia.com\/noticias-de-hidalgo\/wp-json\/wp\/v2\/posts\/484090","targetHints":{"allow":["GET"]}}],"collection":[{"href":"https:\/\/www.zunoticia.com\/noticias-de-hidalgo\/wp-json\/wp\/v2\/posts"}],"about":[{"href":"https:\/\/www.zunoticia.com\/noticias-de-hidalgo\/wp-json\/wp\/v2\/types\/post"}],"author":[{"embeddable":true,"href":"https:\/\/www.zunoticia.com\/noticias-de-hidalgo\/wp-json\/wp\/v2\/users\/20"}],"replies":[{"embeddable":true,"href":"https:\/\/www.zunoticia.com\/noticias-de-hidalgo\/wp-json\/wp\/v2\/comments?post=484090"}],"version-history":[{"count":1,"href":"https:\/\/www.zunoticia.com\/noticias-de-hidalgo\/wp-json\/wp\/v2\/posts\/484090\/revisions"}],"predecessor-version":[{"id":484093,"href":"https:\/\/www.zunoticia.com\/noticias-de-hidalgo\/wp-json\/wp\/v2\/posts\/484090\/revisions\/484093"}],"wp:featuredmedia":[{"embeddable":true,"href":"https:\/\/www.zunoticia.com\/noticias-de-hidalgo\/wp-json\/wp\/v2\/media\/484091"}],"wp:attachment":[{"href":"https:\/\/www.zunoticia.com\/noticias-de-hidalgo\/wp-json\/wp\/v2\/media?parent=484090"}],"wp:term":[{"taxonomy":"category","embeddable":true,"href":"https:\/\/www.zunoticia.com\/noticias-de-hidalgo\/wp-json\/wp\/v2\/categories?post=484090"},{"taxonomy":"post_tag","embeddable":true,"href":"https:\/\/www.zunoticia.com\/noticias-de-hidalgo\/wp-json\/wp\/v2\/tags?post=484090"}],"curies":[{"name":"wp","href":"https:\/\/api.w.org\/{rel}","templated":true}]}}