{"id":484103,"date":"2023-05-30T18:09:02","date_gmt":"2023-05-31T00:09:02","guid":{"rendered":"https:\/\/www.zunoticia.com\/noticias-de-hidalgo\/?p=484103"},"modified":"2023-05-30T18:09:03","modified_gmt":"2023-05-31T00:09:03","slug":"garantizado-abasto-de-agua-a-la-cabecera","status":"publish","type":"post","link":"https:\/\/www.zunoticia.com\/noticias-de-hidalgo\/2023\/05\/30\/garantizado-abasto-de-agua-a-la-cabecera\/","title":{"rendered":"Garantizado abasto de agua a la cabecera"},"content":{"rendered":"<aside class=\"mashsb-container mashsb-main mashsb-stretched\"><div class=\"mashsb-box\"><div class=\"mashsb-count mash-large\" style=\"float:left\"><div class=\"counts mashsbcount\">56<\/div><span class=\"mashsb-sharetext\">SHARES<\/span><\/div><div class=\"mashsb-buttons\"><a class=\"mashicon-facebook mash-large mash-center mashsb-noshadow\" href=\"https:\/\/www.facebook.com\/sharer.php?u=https%3A%2F%2Fwww.zunoticia.com%2Fnoticias-de-hidalgo%2F2023%2F05%2F30%2Fgarantizado-abasto-de-agua-a-la-cabecera%2F\" target=\"_top\" rel=\"nofollow\"><span class=\"icon\"><\/span><span class=\"text\">Share<\/span><\/a><a class=\"mashicon-twitter mash-large mash-center mashsb-noshadow\" href=\"https:\/\/twitter.com\/intent\/tweet?text=&amp;url=https:\/\/www.zunoticia.com\/noticias-de-hidalgo\/2023\/05\/30\/garantizado-abasto-de-agua-a-la-cabecera\/\" target=\"_top\" rel=\"nofollow\"><span class=\"icon\"><\/span><span class=\"text\">Tweet<\/span><\/a><div class=\"onoffswitch2 mash-large mashsb-noshadow\" style=\"display:none\"><\/div><\/div>\n            <\/div>\n                <div style=\"clear:both\"><\/div><div class=\"mashsb-toggle-container\"><\/div><\/aside>\n            <!-- Share buttons by mashshare.net - Version: 4.0.47-->\n<p><em>Por Redacci\u00f3n \/ Zunoticia<\/em><\/p>\n\n\n\n<p><strong>Xochiatipan, Hgo.-<\/strong> El departamento de Agua Potable del gobierno municipal a cargo de \u00d3scar Bautista Guti\u00e9rrez, dio a conocer que el abasto del vital l\u00edquido a la cabecera y sus barrios est\u00e1 plenamente garantizado.<\/p>\n\n\n\n<p>Lo anterior, debido a que recientemente se dio mantenimiento al equipo de bombeo y l\u00edneas de conducci\u00f3n, por lo que no existe ning\u00fan impedimento, por el momento, que pudiera afectar el suministro a los hogares.<\/p>\n\n\n\n<p>Cabe mencionar que, de acuerdo con la informaci\u00f3n proporcionada, en caso de que hubieran lluvias torrenciales que provocaran arrastre de arena, piedras y lodo en el r\u00edo Garc\u00e9s, se suspender\u00eda temporalmente el bombeo para proteger los equipos, reanud\u00e1ndose inmediatamente el servicio cuando sea posible.<\/p>\n","protected":false},"excerpt":{"rendered":"<p>Por Redacci\u00f3n \/ Zunoticia Xochiatipan, Hgo.- El departamento de Agua Potable del gobierno municipal a cargo de \u00d3scar Bautista Guti\u00e9rrez, dio a conocer que el abasto del vital l\u00edquido a la cabecera y sus barrios est\u00e1 plenamente garantizado. Lo anterior, debido a que recientemente se dio mantenimiento al equipo de bombeo y l\u00edneas de conducci\u00f3n,&hellip; <a class=\"more-link\" href=\"https:\/\/www.zunoticia.com\/noticias-de-hidalgo\/2023\/05\/30\/garantizado-abasto-de-agua-a-la-cabecera\/\">Seguir leyendo <span class=\"screen-reader-text\">Garantizado abasto de agua a la cabecera<\/span><\/a><\/p>\n","protected":false},"author":20,"featured_media":484104,"comment_status":"closed","ping_status":"open","sticky":false,"template":"","format":"standard","meta":{"rop_custom_images_group":[],"rop_custom_messages_group":[],"rop_publish_now":"initial","rop_publish_now_accounts":{"facebook_10159540855086992_322828327761733":""},"rop_publish_now_history":[],"rop_publish_now_status":"pending","footnotes":""},"categories":[202],"tags":[135],"class_list":["post-484103","post","type-post","status-publish","format-standard","has-post-thumbnail","hentry","category-xochiatipan","tag-xochiatipan","entry"],"_links":{"self":[{"href":"https:\/\/www.zunoticia.com\/noticias-de-hidalgo\/wp-json\/wp\/v2\/posts\/484103","targetHints":{"allow":["GET"]}}],"collection":[{"href":"https:\/\/www.zunoticia.com\/noticias-de-hidalgo\/wp-json\/wp\/v2\/posts"}],"about":[{"href":"https:\/\/www.zunoticia.com\/noticias-de-hidalgo\/wp-json\/wp\/v2\/types\/post"}],"author":[{"embeddable":true,"href":"https:\/\/www.zunoticia.com\/noticias-de-hidalgo\/wp-json\/wp\/v2\/users\/20"}],"replies":[{"embeddable":true,"href":"https:\/\/www.zunoticia.com\/noticias-de-hidalgo\/wp-json\/wp\/v2\/comments?post=484103"}],"version-history":[{"count":1,"href":"https:\/\/www.zunoticia.com\/noticias-de-hidalgo\/wp-json\/wp\/v2\/posts\/484103\/revisions"}],"predecessor-version":[{"id":484105,"href":"https:\/\/www.zunoticia.com\/noticias-de-hidalgo\/wp-json\/wp\/v2\/posts\/484103\/revisions\/484105"}],"wp:featuredmedia":[{"embeddable":true,"href":"https:\/\/www.zunoticia.com\/noticias-de-hidalgo\/wp-json\/wp\/v2\/media\/484104"}],"wp:attachment":[{"href":"https:\/\/www.zunoticia.com\/noticias-de-hidalgo\/wp-json\/wp\/v2\/media?parent=484103"}],"wp:term":[{"taxonomy":"category","embeddable":true,"href":"https:\/\/www.zunoticia.com\/noticias-de-hidalgo\/wp-json\/wp\/v2\/categories?post=484103"},{"taxonomy":"post_tag","embeddable":true,"href":"https:\/\/www.zunoticia.com\/noticias-de-hidalgo\/wp-json\/wp\/v2\/tags?post=484103"}],"curies":[{"name":"wp","href":"https:\/\/api.w.org\/{rel}","templated":true}]}}