{"id":484125,"date":"2023-05-30T20:34:02","date_gmt":"2023-05-31T02:34:02","guid":{"rendered":"https:\/\/www.zunoticia.com\/noticias-de-hidalgo\/?p=484125"},"modified":"2023-05-30T20:34:05","modified_gmt":"2023-05-31T02:34:05","slug":"integran-comunidades-tlanchinol-al-catalogo-nacional-de-pueblos-indigenas","status":"publish","type":"post","link":"https:\/\/www.zunoticia.com\/noticias-de-hidalgo\/2023\/05\/30\/integran-comunidades-tlanchinol-al-catalogo-nacional-de-pueblos-indigenas\/","title":{"rendered":"Integran comunidades Tlanchinol al Cat\u00e1logo Nacional de Pueblos Ind\u00edgenas"},"content":{"rendered":"<aside class=\"mashsb-container mashsb-main mashsb-stretched\"><div class=\"mashsb-box\"><div class=\"mashsb-count mash-large\" style=\"float:left\"><div class=\"counts mashsbcount\">34<\/div><span class=\"mashsb-sharetext\">SHARES<\/span><\/div><div class=\"mashsb-buttons\"><a class=\"mashicon-facebook mash-large mash-center mashsb-noshadow\" href=\"https:\/\/www.facebook.com\/sharer.php?u=https%3A%2F%2Fwww.zunoticia.com%2Fnoticias-de-hidalgo%2F2023%2F05%2F30%2Fintegran-comunidades-tlanchinol-al-catalogo-nacional-de-pueblos-indigenas%2F\" target=\"_top\" rel=\"nofollow\"><span class=\"icon\"><\/span><span class=\"text\">Share<\/span><\/a><a class=\"mashicon-twitter mash-large mash-center mashsb-noshadow\" href=\"https:\/\/twitter.com\/intent\/tweet?text=&amp;url=https:\/\/www.zunoticia.com\/noticias-de-hidalgo\/2023\/05\/30\/integran-comunidades-tlanchinol-al-catalogo-nacional-de-pueblos-indigenas\/\" target=\"_top\" rel=\"nofollow\"><span class=\"icon\"><\/span><span class=\"text\">Tweet<\/span><\/a><div class=\"onoffswitch2 mash-large mashsb-noshadow\" style=\"display:none\"><\/div><\/div>\n            <\/div>\n                <div style=\"clear:both\"><\/div><div class=\"mashsb-toggle-container\"><\/div><\/aside>\n            <!-- Share buttons by mashshare.net - Version: 4.0.47-->\n<p><em>Por Redacci\u00f3n\/Zunoticia<\/em><\/p>\n\n\n\n<p><strong>Tlanchinol, Hgo.-<\/strong> Este lunes y martes se estar\u00e1 llevando a cabo en las oficinas de Desarrollo Ind\u00edgena Municipal la Inscripci\u00f3n de algunas comunidades del municipio de al Cat\u00e1logo Nacional&nbsp;&nbsp; de Pueblos Ind\u00edgenas.<\/p>\n\n\n\n<figure class=\"wp-block-image size-large\"><img fetchpriority=\"high\" decoding=\"async\" width=\"1024\" height=\"624\" src=\"https:\/\/www.zunoticia.com\/noticias-de-hidalgo\/wp-content\/uploads\/2023\/05\/eZy-Watermark-30-05-2023-07-45-17-5220p.m.-1024x624.jpg\" alt=\"\" class=\"wp-image-484140\" srcset=\"https:\/\/www.zunoticia.com\/noticias-de-hidalgo\/wp-content\/uploads\/2023\/05\/eZy-Watermark-30-05-2023-07-45-17-5220p.m.-1024x624.jpg 1024w, https:\/\/www.zunoticia.com\/noticias-de-hidalgo\/wp-content\/uploads\/2023\/05\/eZy-Watermark-30-05-2023-07-45-17-5220p.m.-300x183.jpg 300w, https:\/\/www.zunoticia.com\/noticias-de-hidalgo\/wp-content\/uploads\/2023\/05\/eZy-Watermark-30-05-2023-07-45-17-5220p.m.-768x468.jpg 768w, https:\/\/www.zunoticia.com\/noticias-de-hidalgo\/wp-content\/uploads\/2023\/05\/eZy-Watermark-30-05-2023-07-45-17-5220p.m..jpg 1280w\" sizes=\"(max-width: 1024px) 100vw, 1024px\" \/><\/figure>\n\n\n\n<p>En estas actividades estuvo presente el Secretario Municipal Juan Oliver Regino quien agradeci\u00f3 a las autoridades del Instituto Nacional de Pueblos Ind\u00edgenas (INPI) por colaborar con el municipio de Tlanchinol para afiliar a las localidades que cumplan con los requerimos establecidos en las reglas de operaci\u00f3n del INPI, se cont\u00f3 tambi\u00e9n con la presencia del m\u00e9dico David Olgu\u00edn quien es encargado de este proceso en la instancia gubernamental, adem\u00e1s estuvo presente la Lic. Vianney Hern\u00e1ndez Enr\u00edquez quien est\u00e1 a cargo del \u00e1rea de Desarrollo Ind\u00edgena Municipal.<\/p>\n\n\n\n<figure class=\"wp-block-image size-large\"><img decoding=\"async\" width=\"1024\" height=\"461\" src=\"https:\/\/www.zunoticia.com\/noticias-de-hidalgo\/wp-content\/uploads\/2023\/05\/eZy-Watermark-30-05-2023-07-45-58-6260p.m.-1024x461.jpg\" alt=\"\" class=\"wp-image-484138\" srcset=\"https:\/\/www.zunoticia.com\/noticias-de-hidalgo\/wp-content\/uploads\/2023\/05\/eZy-Watermark-30-05-2023-07-45-58-6260p.m.-1024x461.jpg 1024w, https:\/\/www.zunoticia.com\/noticias-de-hidalgo\/wp-content\/uploads\/2023\/05\/eZy-Watermark-30-05-2023-07-45-58-6260p.m.-300x135.jpg 300w, https:\/\/www.zunoticia.com\/noticias-de-hidalgo\/wp-content\/uploads\/2023\/05\/eZy-Watermark-30-05-2023-07-45-58-6260p.m.-768x346.jpg 768w, https:\/\/www.zunoticia.com\/noticias-de-hidalgo\/wp-content\/uploads\/2023\/05\/eZy-Watermark-30-05-2023-07-45-58-6260p.m..jpg 1280w\" sizes=\"(max-width: 1024px) 100vw, 1024px\" \/><\/figure>\n\n\n\n<p>La importancia de estas afiliaciones radica en que las comunidades inscritas al patr\u00f3n de Pueblos Ind\u00edgenas reciben una constancia que las acredita como comunidades o pueblos ind\u00edgenas, y estas a su vez pueden ser beneficiadas con programas especiales para este sector de&nbsp;la&nbsp;poblaci\u00f3n.<\/p>\n\n\n<div class=\"wp-block-image\">\n<figure class=\"aligncenter size-large\"><img decoding=\"async\" width=\"1024\" height=\"954\" src=\"https:\/\/www.zunoticia.com\/noticias-de-hidalgo\/wp-content\/uploads\/2023\/05\/eZy-Watermark-30-05-2023-07-46-19-3430p.m.-1024x954.jpg\" alt=\"\" class=\"wp-image-484137\" srcset=\"https:\/\/www.zunoticia.com\/noticias-de-hidalgo\/wp-content\/uploads\/2023\/05\/eZy-Watermark-30-05-2023-07-46-19-3430p.m.-1024x954.jpg 1024w, https:\/\/www.zunoticia.com\/noticias-de-hidalgo\/wp-content\/uploads\/2023\/05\/eZy-Watermark-30-05-2023-07-46-19-3430p.m.-300x279.jpg 300w, https:\/\/www.zunoticia.com\/noticias-de-hidalgo\/wp-content\/uploads\/2023\/05\/eZy-Watermark-30-05-2023-07-46-19-3430p.m.-768x715.jpg 768w, https:\/\/www.zunoticia.com\/noticias-de-hidalgo\/wp-content\/uploads\/2023\/05\/eZy-Watermark-30-05-2023-07-46-19-3430p.m..jpg 1280w\" sizes=\"(max-width: 1024px) 100vw, 1024px\" \/><\/figure>\n<\/div>","protected":false},"excerpt":{"rendered":"<p>Por Redacci\u00f3n\/Zunoticia Tlanchinol, Hgo.- Este lunes y martes se estar\u00e1 llevando a cabo en las oficinas de Desarrollo Ind\u00edgena Municipal la Inscripci\u00f3n de algunas comunidades del municipio de al Cat\u00e1logo Nacional&nbsp;&nbsp; de Pueblos Ind\u00edgenas. En estas actividades estuvo presente el Secretario Municipal Juan Oliver Regino quien agradeci\u00f3 a las autoridades del Instituto Nacional de Pueblos&hellip; <a class=\"more-link\" href=\"https:\/\/www.zunoticia.com\/noticias-de-hidalgo\/2023\/05\/30\/integran-comunidades-tlanchinol-al-catalogo-nacional-de-pueblos-indigenas\/\">Seguir leyendo <span class=\"screen-reader-text\">Integran comunidades Tlanchinol al Cat\u00e1logo Nacional de Pueblos Ind\u00edgenas<\/span><\/a><\/p>\n","protected":false},"author":12,"featured_media":484139,"comment_status":"closed","ping_status":"open","sticky":false,"template":"","format":"standard","meta":{"rop_custom_images_group":[],"rop_custom_messages_group":[],"rop_publish_now":"initial","rop_publish_now_accounts":{"facebook_10159540855086992_322828327761733":""},"rop_publish_now_history":[],"rop_publish_now_status":"pending","footnotes":""},"categories":[219,201],"tags":[127],"class_list":["post-484125","post","type-post","status-publish","format-standard","has-post-thumbnail","hentry","category-sierra","category-tlanchinol","tag-tlanchinol","entry"],"_links":{"self":[{"href":"https:\/\/www.zunoticia.com\/noticias-de-hidalgo\/wp-json\/wp\/v2\/posts\/484125","targetHints":{"allow":["GET"]}}],"collection":[{"href":"https:\/\/www.zunoticia.com\/noticias-de-hidalgo\/wp-json\/wp\/v2\/posts"}],"about":[{"href":"https:\/\/www.zunoticia.com\/noticias-de-hidalgo\/wp-json\/wp\/v2\/types\/post"}],"author":[{"embeddable":true,"href":"https:\/\/www.zunoticia.com\/noticias-de-hidalgo\/wp-json\/wp\/v2\/users\/12"}],"replies":[{"embeddable":true,"href":"https:\/\/www.zunoticia.com\/noticias-de-hidalgo\/wp-json\/wp\/v2\/comments?post=484125"}],"version-history":[{"count":1,"href":"https:\/\/www.zunoticia.com\/noticias-de-hidalgo\/wp-json\/wp\/v2\/posts\/484125\/revisions"}],"predecessor-version":[{"id":484159,"href":"https:\/\/www.zunoticia.com\/noticias-de-hidalgo\/wp-json\/wp\/v2\/posts\/484125\/revisions\/484159"}],"wp:featuredmedia":[{"embeddable":true,"href":"https:\/\/www.zunoticia.com\/noticias-de-hidalgo\/wp-json\/wp\/v2\/media\/484139"}],"wp:attachment":[{"href":"https:\/\/www.zunoticia.com\/noticias-de-hidalgo\/wp-json\/wp\/v2\/media?parent=484125"}],"wp:term":[{"taxonomy":"category","embeddable":true,"href":"https:\/\/www.zunoticia.com\/noticias-de-hidalgo\/wp-json\/wp\/v2\/categories?post=484125"},{"taxonomy":"post_tag","embeddable":true,"href":"https:\/\/www.zunoticia.com\/noticias-de-hidalgo\/wp-json\/wp\/v2\/tags?post=484125"}],"curies":[{"name":"wp","href":"https:\/\/api.w.org\/{rel}","templated":true}]}}