{"id":484156,"date":"2023-05-30T20:26:59","date_gmt":"2023-05-31T02:26:59","guid":{"rendered":"https:\/\/www.zunoticia.com\/noticias-de-hidalgo\/?p=484156"},"modified":"2023-05-30T20:27:02","modified_gmt":"2023-05-31T02:27:02","slug":"herido-al-caer-de-cabeza","status":"publish","type":"post","link":"https:\/\/www.zunoticia.com\/noticias-de-hidalgo\/2023\/05\/30\/herido-al-caer-de-cabeza\/","title":{"rendered":"Herido al caer de cabeza"},"content":{"rendered":"<aside class=\"mashsb-container mashsb-main mashsb-stretched\"><div class=\"mashsb-box\"><div class=\"mashsb-count mash-large\" style=\"float:left\"><div class=\"counts mashsbcount\">41<\/div><span class=\"mashsb-sharetext\">SHARES<\/span><\/div><div class=\"mashsb-buttons\"><a class=\"mashicon-facebook mash-large mash-center mashsb-noshadow\" href=\"https:\/\/www.facebook.com\/sharer.php?u=https%3A%2F%2Fwww.zunoticia.com%2Fnoticias-de-hidalgo%2F2023%2F05%2F30%2Fherido-al-caer-de-cabeza%2F\" target=\"_top\" rel=\"nofollow\"><span class=\"icon\"><\/span><span class=\"text\">Share<\/span><\/a><a class=\"mashicon-twitter mash-large mash-center mashsb-noshadow\" href=\"https:\/\/twitter.com\/intent\/tweet?text=&amp;url=https:\/\/www.zunoticia.com\/noticias-de-hidalgo\/2023\/05\/30\/herido-al-caer-de-cabeza\/\" target=\"_top\" rel=\"nofollow\"><span class=\"icon\"><\/span><span class=\"text\">Tweet<\/span><\/a><div class=\"onoffswitch2 mash-large mashsb-noshadow\" style=\"display:none\"><\/div><\/div>\n            <\/div>\n                <div style=\"clear:both\"><\/div><div class=\"mashsb-toggle-container\"><\/div><\/aside>\n            <!-- Share buttons by mashshare.net - Version: 4.0.47-->\n<p><em>Por Francisco Rosas\/Zunoticia<\/em><\/p>\n\n\n\n<p><strong>Huejutla, Hgo.-<\/strong> Con una herida contusa cortante en la cabeza, result\u00f3 una persona del sexo masculino que cay\u00f3 accidentalmente de una peque\u00f1a barda al momento de cerrar una farmacia en la zona Centro de esta ciudad.<\/p>\n\n\n\n<p>Fue alrededor de las 17:30 horas de este martes, cuando param\u00e9dicos de la Cruz Roja Mexicana recibieron el reporte de que un hombre estaba tirado cerca de la tienda Elektra y requer\u00eda atenci\u00f3n prehospitalaria, debido que a presentaba una lesi\u00f3n en la cabeza.<\/p>\n\n\n\n<figure class=\"wp-block-image size-large\"><img fetchpriority=\"high\" decoding=\"async\" width=\"1024\" height=\"708\" src=\"https:\/\/www.zunoticia.com\/noticias-de-hidalgo\/wp-content\/uploads\/2023\/05\/Imagen-de-WhatsApp-2023-05-30-a-las-19.33.58-1024x708.jpg\" alt=\"\" class=\"wp-image-484144\" srcset=\"https:\/\/www.zunoticia.com\/noticias-de-hidalgo\/wp-content\/uploads\/2023\/05\/Imagen-de-WhatsApp-2023-05-30-a-las-19.33.58-1024x708.jpg 1024w, https:\/\/www.zunoticia.com\/noticias-de-hidalgo\/wp-content\/uploads\/2023\/05\/Imagen-de-WhatsApp-2023-05-30-a-las-19.33.58-300x207.jpg 300w, https:\/\/www.zunoticia.com\/noticias-de-hidalgo\/wp-content\/uploads\/2023\/05\/Imagen-de-WhatsApp-2023-05-30-a-las-19.33.58-768x531.jpg 768w, https:\/\/www.zunoticia.com\/noticias-de-hidalgo\/wp-content\/uploads\/2023\/05\/Imagen-de-WhatsApp-2023-05-30-a-las-19.33.58.jpg 1280w\" sizes=\"(max-width: 1024px) 100vw, 1024px\" \/><\/figure>\n\n\n\n<p>Atendiendo el reporte realizado a trav\u00e9s de los grupos de emergencias, los socorristas llegaron de inmediato y atendieron a un masculino, quien presentaba una herida en el cr\u00e1neo, ya que cuando estaba cerrando la cortina de una farmacia, resbal\u00f3 y cay\u00f3 de una bardita de aproximadamente un metro de altura.<\/p>\n\n\n\n<p>Para descartar una probable fractura en la cabeza, el hombre fue llevado a una cl\u00ednica particular.<\/p>\n","protected":false},"excerpt":{"rendered":"<p>Por Francisco Rosas\/Zunoticia Huejutla, Hgo.- Con una herida contusa cortante en la cabeza, result\u00f3 una persona del sexo masculino que cay\u00f3 accidentalmente de una peque\u00f1a barda al momento de cerrar una farmacia en la zona Centro de esta ciudad. Fue alrededor de las 17:30 horas de este martes, cuando param\u00e9dicos de la Cruz Roja Mexicana&hellip; <a class=\"more-link\" href=\"https:\/\/www.zunoticia.com\/noticias-de-hidalgo\/2023\/05\/30\/herido-al-caer-de-cabeza\/\">Seguir leyendo <span class=\"screen-reader-text\">Herido al caer de cabeza<\/span><\/a><\/p>\n","protected":false},"author":12,"featured_media":484145,"comment_status":"closed","ping_status":"open","sticky":false,"template":"","format":"standard","meta":{"rop_custom_images_group":[],"rop_custom_messages_group":[],"rop_publish_now":"initial","rop_publish_now_accounts":{"facebook_10159540855086992_322828327761733":""},"rop_publish_now_history":[],"rop_publish_now_status":"pending","footnotes":""},"categories":[178],"tags":[259],"class_list":["post-484156","post","type-post","status-publish","format-standard","has-post-thumbnail","hentry","category-policiaca","tag-policiaca","entry"],"_links":{"self":[{"href":"https:\/\/www.zunoticia.com\/noticias-de-hidalgo\/wp-json\/wp\/v2\/posts\/484156","targetHints":{"allow":["GET"]}}],"collection":[{"href":"https:\/\/www.zunoticia.com\/noticias-de-hidalgo\/wp-json\/wp\/v2\/posts"}],"about":[{"href":"https:\/\/www.zunoticia.com\/noticias-de-hidalgo\/wp-json\/wp\/v2\/types\/post"}],"author":[{"embeddable":true,"href":"https:\/\/www.zunoticia.com\/noticias-de-hidalgo\/wp-json\/wp\/v2\/users\/12"}],"replies":[{"embeddable":true,"href":"https:\/\/www.zunoticia.com\/noticias-de-hidalgo\/wp-json\/wp\/v2\/comments?post=484156"}],"version-history":[{"count":1,"href":"https:\/\/www.zunoticia.com\/noticias-de-hidalgo\/wp-json\/wp\/v2\/posts\/484156\/revisions"}],"predecessor-version":[{"id":484157,"href":"https:\/\/www.zunoticia.com\/noticias-de-hidalgo\/wp-json\/wp\/v2\/posts\/484156\/revisions\/484157"}],"wp:featuredmedia":[{"embeddable":true,"href":"https:\/\/www.zunoticia.com\/noticias-de-hidalgo\/wp-json\/wp\/v2\/media\/484145"}],"wp:attachment":[{"href":"https:\/\/www.zunoticia.com\/noticias-de-hidalgo\/wp-json\/wp\/v2\/media?parent=484156"}],"wp:term":[{"taxonomy":"category","embeddable":true,"href":"https:\/\/www.zunoticia.com\/noticias-de-hidalgo\/wp-json\/wp\/v2\/categories?post=484156"},{"taxonomy":"post_tag","embeddable":true,"href":"https:\/\/www.zunoticia.com\/noticias-de-hidalgo\/wp-json\/wp\/v2\/tags?post=484156"}],"curies":[{"name":"wp","href":"https:\/\/api.w.org\/{rel}","templated":true}]}}