{"id":484158,"date":"2023-05-30T21:04:28","date_gmt":"2023-05-31T03:04:28","guid":{"rendered":"https:\/\/www.zunoticia.com\/noticias-de-hidalgo\/?p=484158"},"modified":"2023-05-30T21:04:29","modified_gmt":"2023-05-31T03:04:29","slug":"san-felipe-estara-presente-en-el-festival-de-las-huastecas","status":"publish","type":"post","link":"https:\/\/www.zunoticia.com\/noticias-de-hidalgo\/2023\/05\/30\/san-felipe-estara-presente-en-el-festival-de-las-huastecas\/","title":{"rendered":"San Felipe estar\u00e1 presente en el Festival de las Huastecas"},"content":{"rendered":"<aside class=\"mashsb-container mashsb-main mashsb-stretched\"><div class=\"mashsb-box\"><div class=\"mashsb-count mash-large\" style=\"float:left\"><div class=\"counts mashsbcount\">48<\/div><span class=\"mashsb-sharetext\">SHARES<\/span><\/div><div class=\"mashsb-buttons\"><a class=\"mashicon-facebook mash-large mash-center mashsb-noshadow\" href=\"https:\/\/www.facebook.com\/sharer.php?u=https%3A%2F%2Fwww.zunoticia.com%2Fnoticias-de-hidalgo%2F2023%2F05%2F30%2Fsan-felipe-estara-presente-en-el-festival-de-las-huastecas%2F\" target=\"_top\" rel=\"nofollow\"><span class=\"icon\"><\/span><span class=\"text\">Share<\/span><\/a><a class=\"mashicon-twitter mash-large mash-center mashsb-noshadow\" href=\"https:\/\/twitter.com\/intent\/tweet?text=&amp;url=https:\/\/www.zunoticia.com\/noticias-de-hidalgo\/2023\/05\/30\/san-felipe-estara-presente-en-el-festival-de-las-huastecas\/\" target=\"_top\" rel=\"nofollow\"><span class=\"icon\"><\/span><span class=\"text\">Tweet<\/span><\/a><div class=\"onoffswitch2 mash-large mashsb-noshadow\" style=\"display:none\"><\/div><\/div>\n            <\/div>\n                <div style=\"clear:both\"><\/div><div class=\"mashsb-toggle-container\"><\/div><\/aside>\n            <!-- Share buttons by mashshare.net - Version: 4.0.47-->\n<p><em>Por \u00c1ngel Silverio\/Zunoticia<\/em><\/p>\n\n\n\n<p><strong>San Felipe Orizatl\u00e1n, Hgo.-<\/strong> La ma\u00f1ana de este martes, la alcaldesa Erika Saab Lara recibi\u00f3 a la Secretaria de Cultura, Tania Meza Escorza, junto a los alcaldes de Huejutla, Xochiatipan y los representantes de los dem\u00e1s municipios de la huasteca; para llevar a cabo la cuarta &#8220;Reuni\u00f3n Plenaria de la XXVI edici\u00f3n del Festival de las Huastecas&#8221;, que este a\u00f1o se realizar\u00e1 en los 8 municipios pertenecientes a la huasteca hidalguense.<\/p>\n\n\n\n<p>En entrevista exclusiva con la secretaria de cultura, Tania Meza Escorza, explic\u00f3 que, se trat\u00f3 de una reuni\u00f3n mensual para la realizaci\u00f3n del Festival de la Huasteca, el cual se realizar\u00e1 en el mes de noviembre; -\u201cPero como es un festival nacional y viene gente de otros estados y de otros pa\u00edses requiere de mucha organizaci\u00f3n, nos estamos reuniendo en un municipio distinto, de los 8 municipios de la huasteca que van a participar\u201d.<\/p>\n\n\n\n<figure class=\"wp-block-image size-large\"><img fetchpriority=\"high\" decoding=\"async\" width=\"1024\" height=\"683\" src=\"https:\/\/www.zunoticia.com\/noticias-de-hidalgo\/wp-content\/uploads\/2023\/05\/eZy-Watermark-30-05-2023-07-46-37-6600p.m.-1024x683.jpg\" alt=\"\" class=\"wp-image-484136\" srcset=\"https:\/\/www.zunoticia.com\/noticias-de-hidalgo\/wp-content\/uploads\/2023\/05\/eZy-Watermark-30-05-2023-07-46-37-6600p.m.-1024x683.jpg 1024w, https:\/\/www.zunoticia.com\/noticias-de-hidalgo\/wp-content\/uploads\/2023\/05\/eZy-Watermark-30-05-2023-07-46-37-6600p.m.-300x200.jpg 300w, https:\/\/www.zunoticia.com\/noticias-de-hidalgo\/wp-content\/uploads\/2023\/05\/eZy-Watermark-30-05-2023-07-46-37-6600p.m.-768x512.jpg 768w, https:\/\/www.zunoticia.com\/noticias-de-hidalgo\/wp-content\/uploads\/2023\/05\/eZy-Watermark-30-05-2023-07-46-37-6600p.m..jpg 1080w\" sizes=\"(max-width: 1024px) 100vw, 1024px\" \/><\/figure>\n\n\n\n<p>Explic\u00f3 que este festival se realiza en su edici\u00f3n 26, -\u201cSon 6 estados de la rep\u00fablica quienes tienen la regi\u00f3n huasteca, y se incluye tambi\u00e9n a puebla que aunque geogr\u00e1ficamente no es huasteca, pero por las migraciones tambi\u00e9n tiene mucha poblaci\u00f3n huasteca de distintos estados, y cada a\u00f1o se hace, pero la sede oficial es itinerante, en esta ocasi\u00f3n le toca a Hidalgo y la instrucci\u00f3n es que no hubiese una sede, si no que se hiciera en los 8 municipios que integran la huasteca en nuestro estado.<\/p>\n\n\n\n<p>Meza Escorza a\u00f1adi\u00f3 que, cada municipio va a tomar la decisi\u00f3n de lo que destaque, -\u201cTendr\u00e1n un escenario principal y ah\u00ed abra m\u00fasica, danza, muestra gastron\u00f3mica y artesanal, en algunos casos presentaciones de libros, inauguraciones de exposici\u00f3n pict\u00f3rica, en fin, cada municipio decidir\u00e1 qu\u00e9 quiere en su sede, pero en todos habr\u00e1 mucha cultura huasteca y espec\u00edficamente el tema del huapango\u201d.<\/p>\n","protected":false},"excerpt":{"rendered":"<p>Por \u00c1ngel Silverio\/Zunoticia San Felipe Orizatl\u00e1n, Hgo.- La ma\u00f1ana de este martes, la alcaldesa Erika Saab Lara recibi\u00f3 a la Secretaria de Cultura, Tania Meza Escorza, junto a los alcaldes de Huejutla, Xochiatipan y los representantes de los dem\u00e1s municipios de la huasteca; para llevar a cabo la cuarta &#8220;Reuni\u00f3n Plenaria de la XXVI edici\u00f3n&hellip; <a class=\"more-link\" href=\"https:\/\/www.zunoticia.com\/noticias-de-hidalgo\/2023\/05\/30\/san-felipe-estara-presente-en-el-festival-de-las-huastecas\/\">Seguir leyendo <span class=\"screen-reader-text\">San Felipe estar\u00e1 presente en el Festival de las Huastecas<\/span><\/a><\/p>\n","protected":false},"author":12,"featured_media":484135,"comment_status":"closed","ping_status":"open","sticky":false,"template":"","format":"standard","meta":{"rop_custom_images_group":[],"rop_custom_messages_group":[],"rop_publish_now":"initial","rop_publish_now_accounts":{"facebook_10159540855086992_322828327761733":""},"rop_publish_now_history":[],"rop_publish_now_status":"pending","footnotes":""},"categories":[180],"tags":[129],"class_list":["post-484158","post","type-post","status-publish","format-standard","has-post-thumbnail","hentry","category-orizatlan","tag-orizatlan","entry"],"_links":{"self":[{"href":"https:\/\/www.zunoticia.com\/noticias-de-hidalgo\/wp-json\/wp\/v2\/posts\/484158","targetHints":{"allow":["GET"]}}],"collection":[{"href":"https:\/\/www.zunoticia.com\/noticias-de-hidalgo\/wp-json\/wp\/v2\/posts"}],"about":[{"href":"https:\/\/www.zunoticia.com\/noticias-de-hidalgo\/wp-json\/wp\/v2\/types\/post"}],"author":[{"embeddable":true,"href":"https:\/\/www.zunoticia.com\/noticias-de-hidalgo\/wp-json\/wp\/v2\/users\/12"}],"replies":[{"embeddable":true,"href":"https:\/\/www.zunoticia.com\/noticias-de-hidalgo\/wp-json\/wp\/v2\/comments?post=484158"}],"version-history":[{"count":1,"href":"https:\/\/www.zunoticia.com\/noticias-de-hidalgo\/wp-json\/wp\/v2\/posts\/484158\/revisions"}],"predecessor-version":[{"id":484168,"href":"https:\/\/www.zunoticia.com\/noticias-de-hidalgo\/wp-json\/wp\/v2\/posts\/484158\/revisions\/484168"}],"wp:featuredmedia":[{"embeddable":true,"href":"https:\/\/www.zunoticia.com\/noticias-de-hidalgo\/wp-json\/wp\/v2\/media\/484135"}],"wp:attachment":[{"href":"https:\/\/www.zunoticia.com\/noticias-de-hidalgo\/wp-json\/wp\/v2\/media?parent=484158"}],"wp:term":[{"taxonomy":"category","embeddable":true,"href":"https:\/\/www.zunoticia.com\/noticias-de-hidalgo\/wp-json\/wp\/v2\/categories?post=484158"},{"taxonomy":"post_tag","embeddable":true,"href":"https:\/\/www.zunoticia.com\/noticias-de-hidalgo\/wp-json\/wp\/v2\/tags?post=484158"}],"curies":[{"name":"wp","href":"https:\/\/api.w.org\/{rel}","templated":true}]}}