{"id":484172,"date":"2023-05-30T21:13:14","date_gmt":"2023-05-31T03:13:14","guid":{"rendered":"https:\/\/www.zunoticia.com\/noticias-de-hidalgo\/?p=484172"},"modified":"2023-05-30T21:13:15","modified_gmt":"2023-05-31T03:13:15","slug":"derecho-de-espera-y-estabilizacion-psicoemocional-en-victimas-propone-timoteo-lopez","status":"publish","type":"post","link":"https:\/\/www.zunoticia.com\/noticias-de-hidalgo\/2023\/05\/30\/derecho-de-espera-y-estabilizacion-psicoemocional-en-victimas-propone-timoteo-lopez\/","title":{"rendered":"Derecho de espera y estabilizaci\u00f3n psicoemocional en v\u00edctimas propone Timoteo L\u00f3pez&nbsp;"},"content":{"rendered":"<aside class=\"mashsb-container mashsb-main mashsb-stretched\"><div class=\"mashsb-box\"><div class=\"mashsb-count mash-large\" style=\"float:left\"><div class=\"counts mashsbcount\">1<\/div><span class=\"mashsb-sharetext\">SHARES<\/span><\/div><div class=\"mashsb-buttons\"><a class=\"mashicon-facebook mash-large mash-center mashsb-noshadow\" href=\"https:\/\/www.facebook.com\/sharer.php?u=https%3A%2F%2Fwww.zunoticia.com%2Fnoticias-de-hidalgo%2F2023%2F05%2F30%2Fderecho-de-espera-y-estabilizacion-psicoemocional-en-victimas-propone-timoteo-lopez%2F\" target=\"_top\" rel=\"nofollow\"><span class=\"icon\"><\/span><span class=\"text\">Share<\/span><\/a><a class=\"mashicon-twitter mash-large mash-center mashsb-noshadow\" href=\"https:\/\/twitter.com\/intent\/tweet?text=&amp;url=https:\/\/www.zunoticia.com\/noticias-de-hidalgo\/2023\/05\/30\/derecho-de-espera-y-estabilizacion-psicoemocional-en-victimas-propone-timoteo-lopez\/\" target=\"_top\" rel=\"nofollow\"><span class=\"icon\"><\/span><span class=\"text\">Tweet<\/span><\/a><div class=\"onoffswitch2 mash-large mashsb-noshadow\" style=\"display:none\"><\/div><\/div>\n            <\/div>\n                <div style=\"clear:both\"><\/div><div class=\"mashsb-toggle-container\"><\/div><\/aside>\n            <!-- Share buttons by mashshare.net - Version: 4.0.47-->\n<p><em>Por Redacci\u00f3n\/Zunoticia<\/em><\/p>\n\n\n\n<p><strong>Pachuca, Hgo.-<\/strong> Timoteo L\u00f3pez P\u00e9rez, diputado local de Morena, someti\u00f3 a la consideraci\u00f3n del Pleno del Congreso estatal una iniciativa con proyecto de decreto por el que se adiciona la fracci\u00f3n XXI al art\u00edculo 123 de la Ley de V\u00edctimas para el Estado de Hidalgo, cuyo objetivo es generar una mayor protecci\u00f3n a las v\u00edctimas del delito al momento de que este se encuentre ante \u00f3rganos jurisdiccionales y\/o el Ministerio P\u00fablico.<\/p>\n\n\n\n<p>Indic\u00f3, en la exposici\u00f3n de motivos, que el 25 de abril del 2023 se public\u00f3 en el Diario Oficial de la Federaci\u00f3n (DOF), la reforma a la Ley General de V\u00edctimas, que en su art\u00edculo s\u00e9ptimo destaca otorgar a la v\u00edctima un periodo de espera y estabilizaci\u00f3n f\u00edsica y psicoemocional al momento de encontrarse en las diligencias pertinentes consecuencias del hecho il\u00edcito.<\/p>\n\n\n\n<p>Lo anterior -dijo- en virtud de que la v\u00edctima de un delito violento es un ser humano que sufre un malestar emocional a causa del da\u00f1o intencionado provocado por otro ser humano. En esta definici\u00f3n, a\u00f1adi\u00f3, hay dos componentes: el hecho violento en s\u00ed (agresi\u00f3n sexual, violencia contra la pareja, acoso, acto terrorista, tortura, entre otros) y el da\u00f1o psicol\u00f3gico sufrido por la v\u00edctima, que se experimenta de forma inmediata (lesi\u00f3n ps\u00edquica) o que puede incluso tener secuelas emocionales.<\/p>\n\n\n\n<p>Explic\u00f3 que los sucesos traum\u00e1ticos generan terror e indefensi\u00f3n, ponen en peligro la integridad f\u00edsica o psicol\u00f3gica de una persona y dejan a la v\u00edctima con una sensaci\u00f3n de soledad y en una situaci\u00f3n emocional que frecuentemente es incapaz de afrontar con sus recursos psicol\u00f3gicos habituales.<\/p>\n\n\n\n<p>Subray\u00f3 que las reacciones de las v\u00edctimas pueden ser variables, ya que el trauma sufrido suele producir humillaci\u00f3n, desvalimiento y una quiebra de la sensaci\u00f3n de seguridad y de la confianza en los seres humanos (m\u00e1s a\u00fan cuando el agresor pertenece al c\u00edrculo de la v\u00edctima), as\u00ed como una interferencia negativa en la vida cotidiana, en la capacidad de amar y en la capacidad de trabajar.<\/p>\n\n\n\n<p>Por ello, dijo que la presente iniciativa busca que el Ministerio P\u00fablico y los \u00f3rganos jurisdiccionales, de verificar que la v\u00edctima u ofendidos que no se encuentran en condiciones para rendir su declaraci\u00f3n, le reconozcan su derecho a tener un periodo de espera y estabilizaci\u00f3n f\u00edsica y psicoemocional.&nbsp;<\/p>\n","protected":false},"excerpt":{"rendered":"<p>Por Redacci\u00f3n\/Zunoticia Pachuca, Hgo.- Timoteo L\u00f3pez P\u00e9rez, diputado local de Morena, someti\u00f3 a la consideraci\u00f3n del Pleno del Congreso estatal una iniciativa con proyecto de decreto por el que se adiciona la fracci\u00f3n XXI al art\u00edculo 123 de la Ley de V\u00edctimas para el Estado de Hidalgo, cuyo objetivo es generar una mayor protecci\u00f3n a&hellip; <a class=\"more-link\" href=\"https:\/\/www.zunoticia.com\/noticias-de-hidalgo\/2023\/05\/30\/derecho-de-espera-y-estabilizacion-psicoemocional-en-victimas-propone-timoteo-lopez\/\">Seguir leyendo <span class=\"screen-reader-text\">Derecho de espera y estabilizaci\u00f3n psicoemocional en v\u00edctimas propone Timoteo L\u00f3pez&nbsp;<\/span><\/a><\/p>\n","protected":false},"author":12,"featured_media":484170,"comment_status":"closed","ping_status":"open","sticky":false,"template":"","format":"standard","meta":{"rop_custom_images_group":[],"rop_custom_messages_group":[],"rop_publish_now":"initial","rop_publish_now_accounts":{"facebook_10159540855086992_322828327761733":""},"rop_publish_now_history":[],"rop_publish_now_status":"pending","footnotes":""},"categories":[208],"tags":[214],"class_list":["post-484172","post","type-post","status-publish","format-standard","has-post-thumbnail","hentry","category-estado","tag-estado","entry"],"_links":{"self":[{"href":"https:\/\/www.zunoticia.com\/noticias-de-hidalgo\/wp-json\/wp\/v2\/posts\/484172","targetHints":{"allow":["GET"]}}],"collection":[{"href":"https:\/\/www.zunoticia.com\/noticias-de-hidalgo\/wp-json\/wp\/v2\/posts"}],"about":[{"href":"https:\/\/www.zunoticia.com\/noticias-de-hidalgo\/wp-json\/wp\/v2\/types\/post"}],"author":[{"embeddable":true,"href":"https:\/\/www.zunoticia.com\/noticias-de-hidalgo\/wp-json\/wp\/v2\/users\/12"}],"replies":[{"embeddable":true,"href":"https:\/\/www.zunoticia.com\/noticias-de-hidalgo\/wp-json\/wp\/v2\/comments?post=484172"}],"version-history":[{"count":1,"href":"https:\/\/www.zunoticia.com\/noticias-de-hidalgo\/wp-json\/wp\/v2\/posts\/484172\/revisions"}],"predecessor-version":[{"id":484174,"href":"https:\/\/www.zunoticia.com\/noticias-de-hidalgo\/wp-json\/wp\/v2\/posts\/484172\/revisions\/484174"}],"wp:featuredmedia":[{"embeddable":true,"href":"https:\/\/www.zunoticia.com\/noticias-de-hidalgo\/wp-json\/wp\/v2\/media\/484170"}],"wp:attachment":[{"href":"https:\/\/www.zunoticia.com\/noticias-de-hidalgo\/wp-json\/wp\/v2\/media?parent=484172"}],"wp:term":[{"taxonomy":"category","embeddable":true,"href":"https:\/\/www.zunoticia.com\/noticias-de-hidalgo\/wp-json\/wp\/v2\/categories?post=484172"},{"taxonomy":"post_tag","embeddable":true,"href":"https:\/\/www.zunoticia.com\/noticias-de-hidalgo\/wp-json\/wp\/v2\/tags?post=484172"}],"curies":[{"name":"wp","href":"https:\/\/api.w.org\/{rel}","templated":true}]}}