{"id":484193,"date":"2023-05-30T23:08:05","date_gmt":"2023-05-31T05:08:05","guid":{"rendered":"https:\/\/www.zunoticia.com\/noticias-de-hidalgo\/?p=484193"},"modified":"2023-05-30T23:08:06","modified_gmt":"2023-05-31T05:08:06","slug":"edda-vite-pide-a-presidencias-municipales-incrementar-presupuestos-a-los-smdif","status":"publish","type":"post","link":"https:\/\/www.zunoticia.com\/noticias-de-hidalgo\/2023\/05\/30\/edda-vite-pide-a-presidencias-municipales-incrementar-presupuestos-a-los-smdif\/","title":{"rendered":"Edda Vite pide a Presidencias Municipales Incrementar Presupuestos a los SMDIF"},"content":{"rendered":"<aside class=\"mashsb-container mashsb-main mashsb-stretched\"><div class=\"mashsb-box\"><div class=\"mashsb-count mash-large\" style=\"float:left\"><div class=\"counts mashsbcount\">21<\/div><span class=\"mashsb-sharetext\">SHARES<\/span><\/div><div class=\"mashsb-buttons\"><a class=\"mashicon-facebook mash-large mash-center mashsb-noshadow\" href=\"https:\/\/www.facebook.com\/sharer.php?u=https%3A%2F%2Fwww.zunoticia.com%2Fnoticias-de-hidalgo%2F2023%2F05%2F30%2Fedda-vite-pide-a-presidencias-municipales-incrementar-presupuestos-a-los-smdif%2F\" target=\"_top\" rel=\"nofollow\"><span class=\"icon\"><\/span><span class=\"text\">Share<\/span><\/a><a class=\"mashicon-twitter mash-large mash-center mashsb-noshadow\" href=\"https:\/\/twitter.com\/intent\/tweet?text=&amp;url=https:\/\/www.zunoticia.com\/noticias-de-hidalgo\/2023\/05\/30\/edda-vite-pide-a-presidencias-municipales-incrementar-presupuestos-a-los-smdif\/\" target=\"_top\" rel=\"nofollow\"><span class=\"icon\"><\/span><span class=\"text\">Tweet<\/span><\/a><div class=\"onoffswitch2 mash-large mashsb-noshadow\" style=\"display:none\"><\/div><\/div>\n            <\/div>\n                <div style=\"clear:both\"><\/div><div class=\"mashsb-toggle-container\"><\/div><\/aside>\n            <!-- Share buttons by mashshare.net - Version: 4.0.47-->\n<ul class=\"wp-block-list\">\n<li>En la mesa de trabajo con los SMDIF, Edda Vite exhort\u00f3 a las y los presidentes a generar pol\u00edticas p\u00fablicas que les permitan trabajar de manera preventiva en favor de los grupos prioritarios.<\/li>\n<\/ul>\n\n\n\n<p><em>Por Redacci\u00f3n\/Zunoticia<\/em><\/p>\n\n\n\n<p><strong>Pachuca de Soto, Hgo.-<\/strong> \u201cEn la construcci\u00f3n del Hidalgo que queremos, se trabaja todos los d\u00edas por quienes m\u00e1s lo necesitan\u201d, as\u00ed lo confirm\u00f3 Edda Vite, presidente del Patronato del Sistema DIFH, quien presidi\u00f3 la Reuni\u00f3n de Fortalecimiento para los Sistemas Municipales DIF de la Regi\u00f3n 10, con cabecera en Apan.&nbsp;<\/p>\n\n\n\n<p>Ah\u00ed, en compa\u00f1\u00eda de su equipo de trabajo y el titular del organismo, Javier Rodr\u00edguez Sagah\u00f3n, Edda Vite hizo un llamado a reconocer las fortalezas de los municipios, a fin de incrementar la adquisici\u00f3n e implementaci\u00f3n de los recursos, as\u00ed como a mantener el trabajo coordinado con todos los niveles de gobierno, para dar respuesta a las necesidades de los grupos prioritarios.<\/p>\n\n\n\n<figure class=\"wp-block-image size-large\"><img fetchpriority=\"high\" decoding=\"async\" width=\"1024\" height=\"656\" src=\"https:\/\/www.zunoticia.com\/noticias-de-hidalgo\/wp-content\/uploads\/2023\/05\/eZy-Watermark-30-05-2023-10-52-38-1850p.m.-1024x656.jpg\" alt=\"\" class=\"wp-image-484198\" srcset=\"https:\/\/www.zunoticia.com\/noticias-de-hidalgo\/wp-content\/uploads\/2023\/05\/eZy-Watermark-30-05-2023-10-52-38-1850p.m.-1024x656.jpg 1024w, https:\/\/www.zunoticia.com\/noticias-de-hidalgo\/wp-content\/uploads\/2023\/05\/eZy-Watermark-30-05-2023-10-52-38-1850p.m.-300x192.jpg 300w, https:\/\/www.zunoticia.com\/noticias-de-hidalgo\/wp-content\/uploads\/2023\/05\/eZy-Watermark-30-05-2023-10-52-38-1850p.m.-768x492.jpg 768w, https:\/\/www.zunoticia.com\/noticias-de-hidalgo\/wp-content\/uploads\/2023\/05\/eZy-Watermark-30-05-2023-10-52-38-1850p.m..jpg 1280w\" sizes=\"(max-width: 1024px) 100vw, 1024px\" \/><\/figure>\n\n\n\n<p>Resalt\u00f3 la importancia de que cada alcald\u00eda cuente con subprocuradur\u00edas de Protecci\u00f3n a Ni\u00f1as, Ni\u00f1os, Adolescentes y Familia (NNAyF); espacios destinados a los Programas de Atenci\u00f3n a Menores y Adolescentes en Riesgo (PAMAR); Centros de Atenci\u00f3n Infantil Comunitaria (CAIC); as\u00ed como Unidades B\u00e1sicas de Rehabilitaci\u00f3n que propicien la inclusi\u00f3n y acceso a servicios para la poblaci\u00f3n que vive con discapacidad.<\/p>\n\n\n\n<p>En ese sentido, se reconoci\u00f3 que todav\u00eda falta mucho por hacer pues, aunque en los municipios de Apan, Emiliano Zapata y Tlanalapa suman seis centros PAMAR, Almoloya y Tepeapulco todav\u00eda no cuentan con este beneficio.<\/p>\n\n\n\n<p>Adem\u00e1s, la restituci\u00f3n de los derechos de ni\u00f1as, ni\u00f1os y adolescentes fue uno de los ejes rectores de la reuni\u00f3n, por lo que las ponencias de seguridad, prevenci\u00f3n y educaci\u00f3n arrojaron un diagn\u00f3stico sobre el estatus de la Regi\u00f3n 10 respecto a la puesta en marcha de programas de asistencia social.<\/p>\n\n\n\n<p>En ese sentido la Procuradur\u00eda de Protecci\u00f3n a NNyAF inform\u00f3 que, el pr\u00f3ximo mes se implementar\u00e1n una serie de talleres para establecer estrategias en conjunto con las unidades de primer contacto de los cinco municipios de la zona, as\u00ed como detallar los canales de acci\u00f3n que permitan brindar atenci\u00f3n oportuna y eficiente.<\/p>\n\n\n\n<p>Al t\u00e9rmino de las ponencias, Javier Rodr\u00edguez Sagah\u00f3n invit\u00f3 a mantener una din\u00e1mica de coordinaci\u00f3n y cooperaci\u00f3n entre los diferentes \u00f3rdenes de gobierno, pues de esa forma se podr\u00e1 atender a un mayor n\u00famero de personas, con mejor calidad.<\/p>\n\n\n\n<p>Para finalizar la reuni\u00f3n, los representantes municipales de los Sistemas DIF expusieron sus inquietudes, pero sobre todo compartieron sus experiencias, con el objetivo de ampliar el panorama respecto a c\u00f3mo realizar con mayor eficiencia su labor.<\/p>\n","protected":false},"excerpt":{"rendered":"<p>Por Redacci\u00f3n\/Zunoticia Pachuca de Soto, Hgo.- \u201cEn la construcci\u00f3n del Hidalgo que queremos, se trabaja todos los d\u00edas por quienes m\u00e1s lo necesitan\u201d, as\u00ed lo confirm\u00f3 Edda Vite, presidente del Patronato del Sistema DIFH, quien presidi\u00f3 la Reuni\u00f3n de Fortalecimiento para los Sistemas Municipales DIF de la Regi\u00f3n 10, con cabecera en Apan.&nbsp; Ah\u00ed, en&hellip; <a class=\"more-link\" href=\"https:\/\/www.zunoticia.com\/noticias-de-hidalgo\/2023\/05\/30\/edda-vite-pide-a-presidencias-municipales-incrementar-presupuestos-a-los-smdif\/\">Seguir leyendo <span class=\"screen-reader-text\">Edda Vite pide a Presidencias Municipales Incrementar Presupuestos a los SMDIF<\/span><\/a><\/p>\n","protected":false},"author":12,"featured_media":484199,"comment_status":"closed","ping_status":"open","sticky":false,"template":"","format":"standard","meta":{"rop_custom_images_group":[],"rop_custom_messages_group":[],"rop_publish_now":"initial","rop_publish_now_accounts":{"facebook_10159540855086992_322828327761733":""},"rop_publish_now_history":[],"rop_publish_now_status":"pending","footnotes":""},"categories":[208],"tags":[214],"class_list":["post-484193","post","type-post","status-publish","format-standard","has-post-thumbnail","hentry","category-estado","tag-estado","entry"],"_links":{"self":[{"href":"https:\/\/www.zunoticia.com\/noticias-de-hidalgo\/wp-json\/wp\/v2\/posts\/484193","targetHints":{"allow":["GET"]}}],"collection":[{"href":"https:\/\/www.zunoticia.com\/noticias-de-hidalgo\/wp-json\/wp\/v2\/posts"}],"about":[{"href":"https:\/\/www.zunoticia.com\/noticias-de-hidalgo\/wp-json\/wp\/v2\/types\/post"}],"author":[{"embeddable":true,"href":"https:\/\/www.zunoticia.com\/noticias-de-hidalgo\/wp-json\/wp\/v2\/users\/12"}],"replies":[{"embeddable":true,"href":"https:\/\/www.zunoticia.com\/noticias-de-hidalgo\/wp-json\/wp\/v2\/comments?post=484193"}],"version-history":[{"count":1,"href":"https:\/\/www.zunoticia.com\/noticias-de-hidalgo\/wp-json\/wp\/v2\/posts\/484193\/revisions"}],"predecessor-version":[{"id":484204,"href":"https:\/\/www.zunoticia.com\/noticias-de-hidalgo\/wp-json\/wp\/v2\/posts\/484193\/revisions\/484204"}],"wp:featuredmedia":[{"embeddable":true,"href":"https:\/\/www.zunoticia.com\/noticias-de-hidalgo\/wp-json\/wp\/v2\/media\/484199"}],"wp:attachment":[{"href":"https:\/\/www.zunoticia.com\/noticias-de-hidalgo\/wp-json\/wp\/v2\/media?parent=484193"}],"wp:term":[{"taxonomy":"category","embeddable":true,"href":"https:\/\/www.zunoticia.com\/noticias-de-hidalgo\/wp-json\/wp\/v2\/categories?post=484193"},{"taxonomy":"post_tag","embeddable":true,"href":"https:\/\/www.zunoticia.com\/noticias-de-hidalgo\/wp-json\/wp\/v2\/tags?post=484193"}],"curies":[{"name":"wp","href":"https:\/\/api.w.org\/{rel}","templated":true}]}}