{"id":484931,"date":"2023-06-04T15:08:22","date_gmt":"2023-06-04T21:08:22","guid":{"rendered":"https:\/\/www.zunoticia.com\/noticias-de-hidalgo\/?p=484931"},"modified":"2023-06-04T15:08:24","modified_gmt":"2023-06-04T21:08:24","slug":"llaman-a-participar-en-concurso-de-diseno-del-festival-de-las-huastecas","status":"publish","type":"post","link":"https:\/\/www.zunoticia.com\/noticias-de-hidalgo\/2023\/06\/04\/llaman-a-participar-en-concurso-de-diseno-del-festival-de-las-huastecas\/","title":{"rendered":"Llaman a participar en concurso de dise\u00f1o del Festival de las Huastecas"},"content":{"rendered":"<aside class=\"mashsb-container mashsb-main mashsb-stretched\"><div class=\"mashsb-box\"><div class=\"mashsb-count mash-large\" style=\"float:left\"><div class=\"counts mashsbcount\">25<\/div><span class=\"mashsb-sharetext\">SHARES<\/span><\/div><div class=\"mashsb-buttons\"><a class=\"mashicon-facebook mash-large mash-center mashsb-noshadow\" href=\"https:\/\/www.facebook.com\/sharer.php?u=https%3A%2F%2Fwww.zunoticia.com%2Fnoticias-de-hidalgo%2F2023%2F06%2F04%2Fllaman-a-participar-en-concurso-de-diseno-del-festival-de-las-huastecas%2F\" target=\"_top\" rel=\"nofollow\"><span class=\"icon\"><\/span><span class=\"text\">Share<\/span><\/a><a class=\"mashicon-twitter mash-large mash-center mashsb-noshadow\" href=\"https:\/\/twitter.com\/intent\/tweet?text=&amp;url=https:\/\/www.zunoticia.com\/noticias-de-hidalgo\/2023\/06\/04\/llaman-a-participar-en-concurso-de-diseno-del-festival-de-las-huastecas\/\" target=\"_top\" rel=\"nofollow\"><span class=\"icon\"><\/span><span class=\"text\">Tweet<\/span><\/a><div class=\"onoffswitch2 mash-large mashsb-noshadow\" style=\"display:none\"><\/div><\/div>\n            <\/div>\n                <div style=\"clear:both\"><\/div><div class=\"mashsb-toggle-container\"><\/div><\/aside>\n            <!-- Share buttons by mashshare.net - Version: 4.0.47-->\n<p><em>Por \u00c1ngel Silverio\/Zunoticia<\/em><\/p>\n\n\n\n<p><strong>San Felipe Orizatl\u00e1n, Hgo.-<\/strong> El departamento de Cultura Municipal hizo un llamado a los artistas locales con dotes en dibujo, pintura y dise\u00f1o, a que participen en el concurso de dise\u00f1o del Festival de las Huastecas, a realizarse en el mes de noviembre, y donde San Felipe Orizatl\u00e1n ser\u00e1 participe.<\/p>\n\n\n\n<p>Nevenka Camargo Hern\u00e1ndez, titular del \u00e1rea de cultura, se\u00f1al\u00f3 que, en colaboraci\u00f3n con la Secretar\u00eda de Cultura, a trav\u00e9s del Programa de Desarrollo Cultural de la Huasteca, se est\u00e1 haciendo la invitaci\u00f3n a participar en la convocatoria para el Concurso Regional del Dise\u00f1o del XXVI Festival de la Huasteca.<\/p>\n\n\n\n<p>En la convocatoria se\u00f1ala que podr\u00e1n participar creadores, dise\u00f1adores y poblaci\u00f3n en general, mayores de 18 a\u00f1os y residan en los municipios de Atlapexco, Huautla, Huazalingo, Huejutla, Jaltoc\u00e1n, San Felipe Orizatl\u00e1n, Xochiatipan y Yahualica, y tomando en cuenta que, en Orizatl\u00e1n, hay mucho talento, los invitan a registrarse.<\/p>\n\n\n\n<p>Los interesados y para m\u00e1s informaci\u00f3n, pueden consultar la convocatoria en: https:\/\/culturahidalgo.gob.mx\/wp-content\/uploads\/2023\/04\/cartel_convocatoria_huasteca.pdf.<\/p>\n","protected":false},"excerpt":{"rendered":"<p>Por \u00c1ngel Silverio\/Zunoticia San Felipe Orizatl\u00e1n, Hgo.- El departamento de Cultura Municipal hizo un llamado a los artistas locales con dotes en dibujo, pintura y dise\u00f1o, a que participen en el concurso de dise\u00f1o del Festival de las Huastecas, a realizarse en el mes de noviembre, y donde San Felipe Orizatl\u00e1n ser\u00e1 participe. Nevenka Camargo&hellip; <a class=\"more-link\" href=\"https:\/\/www.zunoticia.com\/noticias-de-hidalgo\/2023\/06\/04\/llaman-a-participar-en-concurso-de-diseno-del-festival-de-las-huastecas\/\">Seguir leyendo <span class=\"screen-reader-text\">Llaman a participar en concurso de dise\u00f1o del Festival de las Huastecas<\/span><\/a><\/p>\n","protected":false},"author":12,"featured_media":484929,"comment_status":"closed","ping_status":"open","sticky":false,"template":"","format":"standard","meta":{"rop_custom_images_group":[],"rop_custom_messages_group":[],"rop_publish_now":"initial","rop_publish_now_accounts":{"facebook_10159540855086992_322828327761733":""},"rop_publish_now_history":[],"rop_publish_now_status":"pending","footnotes":""},"categories":[180],"tags":[129],"class_list":["post-484931","post","type-post","status-publish","format-standard","has-post-thumbnail","hentry","category-orizatlan","tag-orizatlan","entry"],"_links":{"self":[{"href":"https:\/\/www.zunoticia.com\/noticias-de-hidalgo\/wp-json\/wp\/v2\/posts\/484931","targetHints":{"allow":["GET"]}}],"collection":[{"href":"https:\/\/www.zunoticia.com\/noticias-de-hidalgo\/wp-json\/wp\/v2\/posts"}],"about":[{"href":"https:\/\/www.zunoticia.com\/noticias-de-hidalgo\/wp-json\/wp\/v2\/types\/post"}],"author":[{"embeddable":true,"href":"https:\/\/www.zunoticia.com\/noticias-de-hidalgo\/wp-json\/wp\/v2\/users\/12"}],"replies":[{"embeddable":true,"href":"https:\/\/www.zunoticia.com\/noticias-de-hidalgo\/wp-json\/wp\/v2\/comments?post=484931"}],"version-history":[{"count":1,"href":"https:\/\/www.zunoticia.com\/noticias-de-hidalgo\/wp-json\/wp\/v2\/posts\/484931\/revisions"}],"predecessor-version":[{"id":484932,"href":"https:\/\/www.zunoticia.com\/noticias-de-hidalgo\/wp-json\/wp\/v2\/posts\/484931\/revisions\/484932"}],"wp:featuredmedia":[{"embeddable":true,"href":"https:\/\/www.zunoticia.com\/noticias-de-hidalgo\/wp-json\/wp\/v2\/media\/484929"}],"wp:attachment":[{"href":"https:\/\/www.zunoticia.com\/noticias-de-hidalgo\/wp-json\/wp\/v2\/media?parent=484931"}],"wp:term":[{"taxonomy":"category","embeddable":true,"href":"https:\/\/www.zunoticia.com\/noticias-de-hidalgo\/wp-json\/wp\/v2\/categories?post=484931"},{"taxonomy":"post_tag","embeddable":true,"href":"https:\/\/www.zunoticia.com\/noticias-de-hidalgo\/wp-json\/wp\/v2\/tags?post=484931"}],"curies":[{"name":"wp","href":"https:\/\/api.w.org\/{rel}","templated":true}]}}