{"id":485102,"date":"2023-06-05T20:47:38","date_gmt":"2023-06-06T02:47:38","guid":{"rendered":"https:\/\/www.zunoticia.com\/noticias-de-hidalgo\/?p=485102"},"modified":"2023-06-05T20:47:40","modified_gmt":"2023-06-06T02:47:40","slug":"se-integra-xochiatipan-al-catalogo-de-pueblos-indigenas","status":"publish","type":"post","link":"https:\/\/www.zunoticia.com\/noticias-de-hidalgo\/2023\/06\/05\/se-integra-xochiatipan-al-catalogo-de-pueblos-indigenas\/","title":{"rendered":"Se integra Xochiatipan al cat\u00e1logo de Pueblos Ind\u00edgenas"},"content":{"rendered":"<aside class=\"mashsb-container mashsb-main mashsb-stretched\"><div class=\"mashsb-box\"><div class=\"mashsb-count mash-large\" style=\"float:left\"><div class=\"counts mashsbcount\">4<\/div><span class=\"mashsb-sharetext\">SHARES<\/span><\/div><div class=\"mashsb-buttons\"><a class=\"mashicon-facebook mash-large mash-center mashsb-noshadow\" href=\"https:\/\/www.facebook.com\/sharer.php?u=https%3A%2F%2Fwww.zunoticia.com%2Fnoticias-de-hidalgo%2F2023%2F06%2F05%2Fse-integra-xochiatipan-al-catalogo-de-pueblos-indigenas%2F\" target=\"_top\" rel=\"nofollow\"><span class=\"icon\"><\/span><span class=\"text\">Share<\/span><\/a><a class=\"mashicon-twitter mash-large mash-center mashsb-noshadow\" href=\"https:\/\/twitter.com\/intent\/tweet?text=&amp;url=https:\/\/www.zunoticia.com\/noticias-de-hidalgo\/2023\/06\/05\/se-integra-xochiatipan-al-catalogo-de-pueblos-indigenas\/\" target=\"_top\" rel=\"nofollow\"><span class=\"icon\"><\/span><span class=\"text\">Tweet<\/span><\/a><div class=\"onoffswitch2 mash-large mashsb-noshadow\" style=\"display:none\"><\/div><\/div>\n            <\/div>\n                <div style=\"clear:both\"><\/div><div class=\"mashsb-toggle-container\"><\/div><\/aside>\n            <!-- Share buttons by mashshare.net - Version: 4.0.47-->\n<p><em>Por Redacci\u00f3n\/Zunoticia<\/em><\/p>\n\n\n\n<p><strong>Xochiatipan, Hgo. &#8211;<\/strong> Este lunes con el acompa\u00f1amiento del Secretario Municipal General, Profr. Yocundo Hern\u00e1ndez Mart\u00ednez, se llev\u00f3 a cabo la integraci\u00f3n del cat\u00e1logo de Pueblos Ind\u00edgenas, actividad realizada por el personal del Instituto Nacional de Pueblos ind\u00edgenas.<\/p>\n\n\n\n<figure class=\"wp-block-image size-full\"><img fetchpriority=\"high\" decoding=\"async\" width=\"720\" height=\"480\" src=\"https:\/\/www.zunoticia.com\/noticias-de-hidalgo\/wp-content\/uploads\/2023\/06\/eZy-Watermark-05-06-2023-08-12-23-0280p.m..jpg\" alt=\"\" class=\"wp-image-485112\" srcset=\"https:\/\/www.zunoticia.com\/noticias-de-hidalgo\/wp-content\/uploads\/2023\/06\/eZy-Watermark-05-06-2023-08-12-23-0280p.m..jpg 720w, https:\/\/www.zunoticia.com\/noticias-de-hidalgo\/wp-content\/uploads\/2023\/06\/eZy-Watermark-05-06-2023-08-12-23-0280p.m.-300x200.jpg 300w\" sizes=\"(max-width: 720px) 100vw, 720px\" \/><\/figure>\n\n\n\n<p>Con dicho cat\u00e1logo, se dijo, las comunidades aparecer\u00e1n en el Listado Nacional de Localidades Ind\u00edgenas, para poder ser beneficiarias de los diferentes programas que el Gobierno de M\u00e9xico tiene para los habitantes.<\/p>\n\n\n\n<figure class=\"wp-block-image size-full\"><img decoding=\"async\" width=\"720\" height=\"480\" src=\"https:\/\/www.zunoticia.com\/noticias-de-hidalgo\/wp-content\/uploads\/2023\/06\/eZy-Watermark-05-06-2023-08-12-40-3890p.m..jpg\" alt=\"\" class=\"wp-image-485111\" srcset=\"https:\/\/www.zunoticia.com\/noticias-de-hidalgo\/wp-content\/uploads\/2023\/06\/eZy-Watermark-05-06-2023-08-12-40-3890p.m..jpg 720w, https:\/\/www.zunoticia.com\/noticias-de-hidalgo\/wp-content\/uploads\/2023\/06\/eZy-Watermark-05-06-2023-08-12-40-3890p.m.-300x200.jpg 300w\" sizes=\"(max-width: 720px) 100vw, 720px\" \/><\/figure>\n\n\n\n<p>La administraci\u00f3n municipal que preside \u00d3scar Bautista Guti\u00e9rrez compromete trabajo continuo para que los xochiatipenses tengan mejores condiciones de vida e infraestructura de calidad y mejores&nbsp;servicios.<\/p>\n","protected":false},"excerpt":{"rendered":"<p>Por Redacci\u00f3n\/Zunoticia Xochiatipan, Hgo. &#8211; Este lunes con el acompa\u00f1amiento del Secretario Municipal General, Profr. Yocundo Hern\u00e1ndez Mart\u00ednez, se llev\u00f3 a cabo la integraci\u00f3n del cat\u00e1logo de Pueblos Ind\u00edgenas, actividad realizada por el personal del Instituto Nacional de Pueblos ind\u00edgenas. Con dicho cat\u00e1logo, se dijo, las comunidades aparecer\u00e1n en el Listado Nacional de Localidades Ind\u00edgenas,&hellip; <a class=\"more-link\" href=\"https:\/\/www.zunoticia.com\/noticias-de-hidalgo\/2023\/06\/05\/se-integra-xochiatipan-al-catalogo-de-pueblos-indigenas\/\">Seguir leyendo <span class=\"screen-reader-text\">Se integra Xochiatipan al cat\u00e1logo de Pueblos Ind\u00edgenas<\/span><\/a><\/p>\n","protected":false},"author":12,"featured_media":485114,"comment_status":"closed","ping_status":"open","sticky":false,"template":"","format":"standard","meta":{"rop_custom_images_group":[],"rop_custom_messages_group":[],"rop_publish_now":"initial","rop_publish_now_accounts":{"facebook_10159540855086992_322828327761733":""},"rop_publish_now_history":[],"rop_publish_now_status":"pending","footnotes":""},"categories":[179,202],"tags":[135],"class_list":["post-485102","post","type-post","status-publish","format-standard","has-post-thumbnail","hentry","category-huasteca","category-xochiatipan","tag-xochiatipan","entry"],"_links":{"self":[{"href":"https:\/\/www.zunoticia.com\/noticias-de-hidalgo\/wp-json\/wp\/v2\/posts\/485102","targetHints":{"allow":["GET"]}}],"collection":[{"href":"https:\/\/www.zunoticia.com\/noticias-de-hidalgo\/wp-json\/wp\/v2\/posts"}],"about":[{"href":"https:\/\/www.zunoticia.com\/noticias-de-hidalgo\/wp-json\/wp\/v2\/types\/post"}],"author":[{"embeddable":true,"href":"https:\/\/www.zunoticia.com\/noticias-de-hidalgo\/wp-json\/wp\/v2\/users\/12"}],"replies":[{"embeddable":true,"href":"https:\/\/www.zunoticia.com\/noticias-de-hidalgo\/wp-json\/wp\/v2\/comments?post=485102"}],"version-history":[{"count":1,"href":"https:\/\/www.zunoticia.com\/noticias-de-hidalgo\/wp-json\/wp\/v2\/posts\/485102\/revisions"}],"predecessor-version":[{"id":485136,"href":"https:\/\/www.zunoticia.com\/noticias-de-hidalgo\/wp-json\/wp\/v2\/posts\/485102\/revisions\/485136"}],"wp:featuredmedia":[{"embeddable":true,"href":"https:\/\/www.zunoticia.com\/noticias-de-hidalgo\/wp-json\/wp\/v2\/media\/485114"}],"wp:attachment":[{"href":"https:\/\/www.zunoticia.com\/noticias-de-hidalgo\/wp-json\/wp\/v2\/media?parent=485102"}],"wp:term":[{"taxonomy":"category","embeddable":true,"href":"https:\/\/www.zunoticia.com\/noticias-de-hidalgo\/wp-json\/wp\/v2\/categories?post=485102"},{"taxonomy":"post_tag","embeddable":true,"href":"https:\/\/www.zunoticia.com\/noticias-de-hidalgo\/wp-json\/wp\/v2\/tags?post=485102"}],"curies":[{"name":"wp","href":"https:\/\/api.w.org\/{rel}","templated":true}]}}