{"id":485137,"date":"2023-06-05T20:59:06","date_gmt":"2023-06-06T02:59:06","guid":{"rendered":"https:\/\/www.zunoticia.com\/noticias-de-hidalgo\/?p=485137"},"modified":"2023-06-05T20:59:21","modified_gmt":"2023-06-06T02:59:21","slug":"festejara-su-primer-aniversario-el-ballet-folklorico-xochikuauitl","status":"publish","type":"post","link":"https:\/\/www.zunoticia.com\/noticias-de-hidalgo\/2023\/06\/05\/festejara-su-primer-aniversario-el-ballet-folklorico-xochikuauitl\/","title":{"rendered":"Festejar\u00e1 su primer aniversario el ballet folkl\u00f3rico Xochikuauitl"},"content":{"rendered":"<aside class=\"mashsb-container mashsb-main mashsb-stretched\"><div class=\"mashsb-box\"><div class=\"mashsb-count mash-large\" style=\"float:left\"><div class=\"counts mashsbcount\">72<\/div><span class=\"mashsb-sharetext\">SHARES<\/span><\/div><div class=\"mashsb-buttons\"><a class=\"mashicon-facebook mash-large mash-center mashsb-noshadow\" href=\"https:\/\/www.facebook.com\/sharer.php?u=https%3A%2F%2Fwww.zunoticia.com%2Fnoticias-de-hidalgo%2F2023%2F06%2F05%2Ffestejara-su-primer-aniversario-el-ballet-folklorico-xochikuauitl%2F\" target=\"_top\" rel=\"nofollow\"><span class=\"icon\"><\/span><span class=\"text\">Share<\/span><\/a><a class=\"mashicon-twitter mash-large mash-center mashsb-noshadow\" href=\"https:\/\/twitter.com\/intent\/tweet?text=&amp;url=https:\/\/www.zunoticia.com\/noticias-de-hidalgo\/2023\/06\/05\/festejara-su-primer-aniversario-el-ballet-folklorico-xochikuauitl\/\" target=\"_top\" rel=\"nofollow\"><span class=\"icon\"><\/span><span class=\"text\">Tweet<\/span><\/a><div class=\"onoffswitch2 mash-large mashsb-noshadow\" style=\"display:none\"><\/div><\/div>\n            <\/div>\n                <div style=\"clear:both\"><\/div><div class=\"mashsb-toggle-container\"><\/div><\/aside>\n            <!-- Share buttons by mashshare.net - Version: 4.0.47-->\n<p><em>Por \u00c1ngel Silverio\/Zunoticia<\/em><\/p>\n\n\n\n<p><strong>Jaltoc\u00e1n, Hgo.-<\/strong> El ballet de danza folcl\u00f3rica Xochicoauitl, dirigido por el profesor Nicol\u00e1s Antonio, dio a conocer que, en pr\u00f3ximos d\u00edas estar\u00e1n festejando su primer aniversario como independientes, por lo que invitan a la poblaci\u00f3n a ser parte de este festejo y agradecimiento de sus logros en este primer a\u00f1o.<\/p>\n\n\n\n<p>De acuerdo con la informaci\u00f3n proporcionada, este evento cultural es con el fin de festejar su primer aniversario como ballet independiente, dicho festejo tendr\u00e1 lugar este s\u00e1bado 10 de junio en la plaza principal de este municipio y dar\u00e1 inicio a las 5:00 de la tarde, por lo que dejaron abierta la invitaci\u00f3n a todos los ciudadanos.<\/p>\n\n\n\n<p>As\u00ed tambi\u00e9n, el promotor cultural independiente y artista pl\u00e1stico, oriundo de Cuatecomaco, Servando Hern\u00e1ndez, precis\u00f3 que tambi\u00e9n tendr\u00e1n una muestra pict\u00f3rica, con cuadros de su autor\u00eda y de su colega, el tambi\u00e9n artista Juan Hern\u00e1ndez, adem\u00e1s quien guste podr\u00e1 adquirir los cuadros que han elaborado y representan a la huasteca hidalguense.<\/p>\n\n\n\n<p>A\u00f1adi\u00f3 que, es importante el apoyo de la ciudadan\u00eda a este tipo de eventos, pues tanto el ballet como los artistas son independientes, y requieren mucho de la ciudadan\u00eda para poder seguir trabajando en sus actividades.<\/p>\n","protected":false},"excerpt":{"rendered":"<p>Por \u00c1ngel Silverio\/Zunoticia Jaltoc\u00e1n, Hgo.- El ballet de danza folcl\u00f3rica Xochicoauitl, dirigido por el profesor Nicol\u00e1s Antonio, dio a conocer que, en pr\u00f3ximos d\u00edas estar\u00e1n festejando su primer aniversario como independientes, por lo que invitan a la poblaci\u00f3n a ser parte de este festejo y agradecimiento de sus logros en este primer a\u00f1o. De acuerdo&hellip; <a class=\"more-link\" href=\"https:\/\/www.zunoticia.com\/noticias-de-hidalgo\/2023\/06\/05\/festejara-su-primer-aniversario-el-ballet-folklorico-xochikuauitl\/\">Seguir leyendo <span class=\"screen-reader-text\">Festejar\u00e1 su primer aniversario el ballet folkl\u00f3rico Xochikuauitl<\/span><\/a><\/p>\n","protected":false},"author":12,"featured_media":485105,"comment_status":"closed","ping_status":"open","sticky":false,"template":"","format":"standard","meta":{"rop_custom_images_group":[],"rop_custom_messages_group":[],"rop_publish_now":"initial","rop_publish_now_accounts":{"facebook_10159540855086992_322828327761733":""},"rop_publish_now_history":[],"rop_publish_now_status":"pending","footnotes":""},"categories":[179,200],"tags":[131],"class_list":["post-485137","post","type-post","status-publish","format-standard","has-post-thumbnail","hentry","category-huasteca","category-jaltocan","tag-jaltocan","entry"],"_links":{"self":[{"href":"https:\/\/www.zunoticia.com\/noticias-de-hidalgo\/wp-json\/wp\/v2\/posts\/485137","targetHints":{"allow":["GET"]}}],"collection":[{"href":"https:\/\/www.zunoticia.com\/noticias-de-hidalgo\/wp-json\/wp\/v2\/posts"}],"about":[{"href":"https:\/\/www.zunoticia.com\/noticias-de-hidalgo\/wp-json\/wp\/v2\/types\/post"}],"author":[{"embeddable":true,"href":"https:\/\/www.zunoticia.com\/noticias-de-hidalgo\/wp-json\/wp\/v2\/users\/12"}],"replies":[{"embeddable":true,"href":"https:\/\/www.zunoticia.com\/noticias-de-hidalgo\/wp-json\/wp\/v2\/comments?post=485137"}],"version-history":[{"count":1,"href":"https:\/\/www.zunoticia.com\/noticias-de-hidalgo\/wp-json\/wp\/v2\/posts\/485137\/revisions"}],"predecessor-version":[{"id":485143,"href":"https:\/\/www.zunoticia.com\/noticias-de-hidalgo\/wp-json\/wp\/v2\/posts\/485137\/revisions\/485143"}],"wp:featuredmedia":[{"embeddable":true,"href":"https:\/\/www.zunoticia.com\/noticias-de-hidalgo\/wp-json\/wp\/v2\/media\/485105"}],"wp:attachment":[{"href":"https:\/\/www.zunoticia.com\/noticias-de-hidalgo\/wp-json\/wp\/v2\/media?parent=485137"}],"wp:term":[{"taxonomy":"category","embeddable":true,"href":"https:\/\/www.zunoticia.com\/noticias-de-hidalgo\/wp-json\/wp\/v2\/categories?post=485137"},{"taxonomy":"post_tag","embeddable":true,"href":"https:\/\/www.zunoticia.com\/noticias-de-hidalgo\/wp-json\/wp\/v2\/tags?post=485137"}],"curies":[{"name":"wp","href":"https:\/\/api.w.org\/{rel}","templated":true}]}}