{"id":485141,"date":"2023-06-05T20:58:30","date_gmt":"2023-06-06T02:58:30","guid":{"rendered":"https:\/\/www.zunoticia.com\/noticias-de-hidalgo\/?p=485141"},"modified":"2023-06-05T20:58:31","modified_gmt":"2023-06-06T02:58:31","slug":"acciones-del-cuidado-del-medio-ambiente-deben-ser-diarias","status":"publish","type":"post","link":"https:\/\/www.zunoticia.com\/noticias-de-hidalgo\/2023\/06\/05\/acciones-del-cuidado-del-medio-ambiente-deben-ser-diarias\/","title":{"rendered":"Acciones del cuidado del medio ambiente deben ser diarias"},"content":{"rendered":"<aside class=\"mashsb-container mashsb-main mashsb-stretched\"><div class=\"mashsb-box\"><div class=\"mashsb-count mash-large\" style=\"float:left\"><div class=\"counts mashsbcount\">42<\/div><span class=\"mashsb-sharetext\">SHARES<\/span><\/div><div class=\"mashsb-buttons\"><a class=\"mashicon-facebook mash-large mash-center mashsb-noshadow\" href=\"https:\/\/www.facebook.com\/sharer.php?u=https%3A%2F%2Fwww.zunoticia.com%2Fnoticias-de-hidalgo%2F2023%2F06%2F05%2Facciones-del-cuidado-del-medio-ambiente-deben-ser-diarias%2F\" target=\"_top\" rel=\"nofollow\"><span class=\"icon\"><\/span><span class=\"text\">Share<\/span><\/a><a class=\"mashicon-twitter mash-large mash-center mashsb-noshadow\" href=\"https:\/\/twitter.com\/intent\/tweet?text=&amp;url=https:\/\/www.zunoticia.com\/noticias-de-hidalgo\/2023\/06\/05\/acciones-del-cuidado-del-medio-ambiente-deben-ser-diarias\/\" target=\"_top\" rel=\"nofollow\"><span class=\"icon\"><\/span><span class=\"text\">Tweet<\/span><\/a><div class=\"onoffswitch2 mash-large mashsb-noshadow\" style=\"display:none\"><\/div><\/div>\n            <\/div>\n                <div style=\"clear:both\"><\/div><div class=\"mashsb-toggle-container\"><\/div><\/aside>\n            <!-- Share buttons by mashshare.net - Version: 4.0.47-->\n<p><em>Por \u00c1ngel Silverio\/Zunoticia<\/em><\/p>\n\n\n\n<p><strong>Jaltoc\u00e1n, Hgo.-<\/strong> En el marco del D\u00eda Mundial del Medio Ambiente, que se conmemora este 5 de junio, la regidora con la comisi\u00f3n en salud, Adriana Nava, hizo un llamado a toda la poblaci\u00f3n a sumarse a los trabajos de mantener limpio el municipio, siendo todos part\u00edcipes de estas acciones.<\/p>\n\n\n\n<p>Dijo que, la poblaci\u00f3n puede participar todos los d\u00edas, realizando acciones del cuidado del medio, llevando a cabo actividades como tapar los recipientes con agua, eliminar la basura acumulada en patios y \u00e1reas al aire libre, eliminando llantas o su almacenamiento en sitios cerrados que pudieran provocar la proliferaci\u00f3n de mosquitos.<\/p>\n\n\n\n<p>As\u00ed tambi\u00e9n, se puede evitar quemar basura, hojas y otros objetos, adem\u00e1s de no hacer fogatas en milpas y potreros, lo que pudiera ocasionar incendios o incrementar la temperatura ambiental.<\/p>\n\n\n\n<p>Destac\u00f3 que, es muy importante que todos como ciudadanos eviten tirar basura en el r\u00edo, as\u00ed como animales muertos, bolsas de detergente y escombro, ya que esto le da una p\u00e9sima imagen a Jaltoc\u00e1n.<\/p>\n","protected":false},"excerpt":{"rendered":"<p>Por \u00c1ngel Silverio\/Zunoticia Jaltoc\u00e1n, Hgo.- En el marco del D\u00eda Mundial del Medio Ambiente, que se conmemora este 5 de junio, la regidora con la comisi\u00f3n en salud, Adriana Nava, hizo un llamado a toda la poblaci\u00f3n a sumarse a los trabajos de mantener limpio el municipio, siendo todos part\u00edcipes de estas acciones. Dijo que,&hellip; <a class=\"more-link\" href=\"https:\/\/www.zunoticia.com\/noticias-de-hidalgo\/2023\/06\/05\/acciones-del-cuidado-del-medio-ambiente-deben-ser-diarias\/\">Seguir leyendo <span class=\"screen-reader-text\">Acciones del cuidado del medio ambiente deben ser diarias<\/span><\/a><\/p>\n","protected":false},"author":12,"featured_media":485126,"comment_status":"closed","ping_status":"open","sticky":false,"template":"","format":"standard","meta":{"rop_custom_images_group":[],"rop_custom_messages_group":[],"rop_publish_now":"initial","rop_publish_now_accounts":{"facebook_10159540855086992_322828327761733":""},"rop_publish_now_history":[],"rop_publish_now_status":"pending","footnotes":""},"categories":[179,200],"tags":[131],"class_list":["post-485141","post","type-post","status-publish","format-standard","has-post-thumbnail","hentry","category-huasteca","category-jaltocan","tag-jaltocan","entry"],"_links":{"self":[{"href":"https:\/\/www.zunoticia.com\/noticias-de-hidalgo\/wp-json\/wp\/v2\/posts\/485141","targetHints":{"allow":["GET"]}}],"collection":[{"href":"https:\/\/www.zunoticia.com\/noticias-de-hidalgo\/wp-json\/wp\/v2\/posts"}],"about":[{"href":"https:\/\/www.zunoticia.com\/noticias-de-hidalgo\/wp-json\/wp\/v2\/types\/post"}],"author":[{"embeddable":true,"href":"https:\/\/www.zunoticia.com\/noticias-de-hidalgo\/wp-json\/wp\/v2\/users\/12"}],"replies":[{"embeddable":true,"href":"https:\/\/www.zunoticia.com\/noticias-de-hidalgo\/wp-json\/wp\/v2\/comments?post=485141"}],"version-history":[{"count":1,"href":"https:\/\/www.zunoticia.com\/noticias-de-hidalgo\/wp-json\/wp\/v2\/posts\/485141\/revisions"}],"predecessor-version":[{"id":485142,"href":"https:\/\/www.zunoticia.com\/noticias-de-hidalgo\/wp-json\/wp\/v2\/posts\/485141\/revisions\/485142"}],"wp:featuredmedia":[{"embeddable":true,"href":"https:\/\/www.zunoticia.com\/noticias-de-hidalgo\/wp-json\/wp\/v2\/media\/485126"}],"wp:attachment":[{"href":"https:\/\/www.zunoticia.com\/noticias-de-hidalgo\/wp-json\/wp\/v2\/media?parent=485141"}],"wp:term":[{"taxonomy":"category","embeddable":true,"href":"https:\/\/www.zunoticia.com\/noticias-de-hidalgo\/wp-json\/wp\/v2\/categories?post=485141"},{"taxonomy":"post_tag","embeddable":true,"href":"https:\/\/www.zunoticia.com\/noticias-de-hidalgo\/wp-json\/wp\/v2\/tags?post=485141"}],"curies":[{"name":"wp","href":"https:\/\/api.w.org\/{rel}","templated":true}]}}