{"id":485144,"date":"2023-06-05T21:10:35","date_gmt":"2023-06-06T03:10:35","guid":{"rendered":"https:\/\/www.zunoticia.com\/noticias-de-hidalgo\/?p=485144"},"modified":"2023-06-05T21:10:36","modified_gmt":"2023-06-06T03:10:36","slug":"urvan-choco-con-vehiculo-particular","status":"publish","type":"post","link":"https:\/\/www.zunoticia.com\/noticias-de-hidalgo\/2023\/06\/05\/urvan-choco-con-vehiculo-particular\/","title":{"rendered":"Urvan choc\u00f3 con veh\u00edculo particular"},"content":{"rendered":"<aside class=\"mashsb-container mashsb-main mashsb-stretched\"><div class=\"mashsb-box\"><div class=\"mashsb-count mash-large\" style=\"float:left\"><div class=\"counts mashsbcount\">15<\/div><span class=\"mashsb-sharetext\">SHARES<\/span><\/div><div class=\"mashsb-buttons\"><a class=\"mashicon-facebook mash-large mash-center mashsb-noshadow\" href=\"https:\/\/www.facebook.com\/sharer.php?u=https%3A%2F%2Fwww.zunoticia.com%2Fnoticias-de-hidalgo%2F2023%2F06%2F05%2Furvan-choco-con-vehiculo-particular%2F\" target=\"_top\" rel=\"nofollow\"><span class=\"icon\"><\/span><span class=\"text\">Share<\/span><\/a><a class=\"mashicon-twitter mash-large mash-center mashsb-noshadow\" href=\"https:\/\/twitter.com\/intent\/tweet?text=&amp;url=https:\/\/www.zunoticia.com\/noticias-de-hidalgo\/2023\/06\/05\/urvan-choco-con-vehiculo-particular\/\" target=\"_top\" rel=\"nofollow\"><span class=\"icon\"><\/span><span class=\"text\">Tweet<\/span><\/a><div class=\"onoffswitch2 mash-large mashsb-noshadow\" style=\"display:none\"><\/div><\/div>\n            <\/div>\n                <div style=\"clear:both\"><\/div><div class=\"mashsb-toggle-container\"><\/div><\/aside>\n            <!-- Share buttons by mashshare.net - Version: 4.0.47-->\n<p><em>Por Francisco Rosas\/Zunoticia<\/em><\/p>\n\n\n\n<p><strong>Huejutla, Hgo.-<\/strong> Un veh\u00edculo del servicio de transporte p\u00fablico, cuyo operador presuntamente se encontraba en estado de ebriedad, choc\u00f3 con un autom\u00f3vil particular en el acceso principal de la colonia Loma Bonita de esta ciudad.<\/p>\n\n\n\n<p>El percance de tr\u00e1nsito terrestre fue provocado por una Urvan de la ruta Loma Bonita &#8211; San Jos\u00e9 &#8211; Mercado y en el incidente no hubo personas lesionadas, solo da\u00f1os materiales.<\/p>\n\n\n\n<p>Al lugar de los hechos acudieron elementos de la Secretar\u00eda de Seguridad P\u00fablica y Tr\u00e1nsito Municipal, quienes se encargaron de realizar el peritaje correspondiente para el deslinde de responsabilidades y asimismo detuvieron al chofer de la unidad de transporte para que responda por los da\u00f1os que ocasion\u00f3 y pague la infracci\u00f3n a la que se hizo acreedor por conducir bajo los efectos del alcohol.<\/p>\n","protected":false},"excerpt":{"rendered":"<p>Por Francisco Rosas\/Zunoticia Huejutla, Hgo.- Un veh\u00edculo del servicio de transporte p\u00fablico, cuyo operador presuntamente se encontraba en estado de ebriedad, choc\u00f3 con un autom\u00f3vil particular en el acceso principal de la colonia Loma Bonita de esta ciudad. El percance de tr\u00e1nsito terrestre fue provocado por una Urvan de la ruta Loma Bonita &#8211; San&hellip; <a class=\"more-link\" href=\"https:\/\/www.zunoticia.com\/noticias-de-hidalgo\/2023\/06\/05\/urvan-choco-con-vehiculo-particular\/\">Seguir leyendo <span class=\"screen-reader-text\">Urvan choc\u00f3 con veh\u00edculo particular<\/span><\/a><\/p>\n","protected":false},"author":12,"featured_media":485134,"comment_status":"closed","ping_status":"open","sticky":false,"template":"","format":"standard","meta":{"rop_custom_images_group":[],"rop_custom_messages_group":[],"rop_publish_now":"initial","rop_publish_now_accounts":{"facebook_10159540855086992_322828327761733":""},"rop_publish_now_history":[],"rop_publish_now_status":"pending","footnotes":""},"categories":[178],"tags":[259],"class_list":["post-485144","post","type-post","status-publish","format-standard","has-post-thumbnail","hentry","category-policiaca","tag-policiaca","entry"],"_links":{"self":[{"href":"https:\/\/www.zunoticia.com\/noticias-de-hidalgo\/wp-json\/wp\/v2\/posts\/485144","targetHints":{"allow":["GET"]}}],"collection":[{"href":"https:\/\/www.zunoticia.com\/noticias-de-hidalgo\/wp-json\/wp\/v2\/posts"}],"about":[{"href":"https:\/\/www.zunoticia.com\/noticias-de-hidalgo\/wp-json\/wp\/v2\/types\/post"}],"author":[{"embeddable":true,"href":"https:\/\/www.zunoticia.com\/noticias-de-hidalgo\/wp-json\/wp\/v2\/users\/12"}],"replies":[{"embeddable":true,"href":"https:\/\/www.zunoticia.com\/noticias-de-hidalgo\/wp-json\/wp\/v2\/comments?post=485144"}],"version-history":[{"count":1,"href":"https:\/\/www.zunoticia.com\/noticias-de-hidalgo\/wp-json\/wp\/v2\/posts\/485144\/revisions"}],"predecessor-version":[{"id":485146,"href":"https:\/\/www.zunoticia.com\/noticias-de-hidalgo\/wp-json\/wp\/v2\/posts\/485144\/revisions\/485146"}],"wp:featuredmedia":[{"embeddable":true,"href":"https:\/\/www.zunoticia.com\/noticias-de-hidalgo\/wp-json\/wp\/v2\/media\/485134"}],"wp:attachment":[{"href":"https:\/\/www.zunoticia.com\/noticias-de-hidalgo\/wp-json\/wp\/v2\/media?parent=485144"}],"wp:term":[{"taxonomy":"category","embeddable":true,"href":"https:\/\/www.zunoticia.com\/noticias-de-hidalgo\/wp-json\/wp\/v2\/categories?post=485144"},{"taxonomy":"post_tag","embeddable":true,"href":"https:\/\/www.zunoticia.com\/noticias-de-hidalgo\/wp-json\/wp\/v2\/tags?post=485144"}],"curies":[{"name":"wp","href":"https:\/\/api.w.org\/{rel}","templated":true}]}}