{"id":485173,"date":"2023-06-05T22:16:46","date_gmt":"2023-06-06T04:16:46","guid":{"rendered":"https:\/\/www.zunoticia.com\/noticias-de-hidalgo\/?p=485173"},"modified":"2023-06-05T22:16:47","modified_gmt":"2023-06-06T04:16:47","slug":"artesanias-de-madera-fueron-expuestas-en-la-feria-de-mercado","status":"publish","type":"post","link":"https:\/\/www.zunoticia.com\/noticias-de-hidalgo\/2023\/06\/05\/artesanias-de-madera-fueron-expuestas-en-la-feria-de-mercado\/","title":{"rendered":"Artesan\u00edas de madera fueron expuestas en la Feria de Mercado"},"content":{"rendered":"<aside class=\"mashsb-container mashsb-main mashsb-stretched\"><div class=\"mashsb-box\"><div class=\"mashsb-count mash-large\" style=\"float:left\"><div class=\"counts mashsbcount\">11<\/div><span class=\"mashsb-sharetext\">SHARES<\/span><\/div><div class=\"mashsb-buttons\"><a class=\"mashicon-facebook mash-large mash-center mashsb-noshadow\" href=\"https:\/\/www.facebook.com\/sharer.php?u=https%3A%2F%2Fwww.zunoticia.com%2Fnoticias-de-hidalgo%2F2023%2F06%2F05%2Fartesanias-de-madera-fueron-expuestas-en-la-feria-de-mercado%2F\" target=\"_top\" rel=\"nofollow\"><span class=\"icon\"><\/span><span class=\"text\">Share<\/span><\/a><a class=\"mashicon-twitter mash-large mash-center mashsb-noshadow\" href=\"https:\/\/twitter.com\/intent\/tweet?text=&amp;url=https:\/\/www.zunoticia.com\/noticias-de-hidalgo\/2023\/06\/05\/artesanias-de-madera-fueron-expuestas-en-la-feria-de-mercado\/\" target=\"_top\" rel=\"nofollow\"><span class=\"icon\"><\/span><span class=\"text\">Tweet<\/span><\/a><div class=\"onoffswitch2 mash-large mashsb-noshadow\" style=\"display:none\"><\/div><\/div>\n            <\/div>\n                <div style=\"clear:both\"><\/div><div class=\"mashsb-toggle-container\"><\/div><\/aside>\n            <!-- Share buttons by mashshare.net - Version: 4.0.47-->\n<ul class=\"wp-block-list\">\n<li>Huizotlaco presente con las m\u00e1scaras de madera.<\/li>\n<\/ul>\n\n\n\n<p><em>Por Karen Rivera\/ Zunoticia<\/em><\/p>\n\n\n\n<p><strong>Atlapexco, Hgo.-<\/strong> Del 2 al 4 de junio en el municipio de Francisco I. Madero, se llev\u00f3 a cabo la Feria de Mercado, evento art\u00edstico \u2013 cultural, donde atlapexquenses presentaron sus mejores trabajos artesanales.<\/p>\n\n\n\n<figure class=\"wp-block-image size-large\"><img fetchpriority=\"high\" decoding=\"async\" width=\"1024\" height=\"790\" src=\"https:\/\/www.zunoticia.com\/noticias-de-hidalgo\/wp-content\/uploads\/2023\/06\/eZy-Watermark-05-06-2023-08-08-47-2630p.m.-1024x790.jpg\" alt=\"\" class=\"wp-image-485123\" srcset=\"https:\/\/www.zunoticia.com\/noticias-de-hidalgo\/wp-content\/uploads\/2023\/06\/eZy-Watermark-05-06-2023-08-08-47-2630p.m.-1024x790.jpg 1024w, https:\/\/www.zunoticia.com\/noticias-de-hidalgo\/wp-content\/uploads\/2023\/06\/eZy-Watermark-05-06-2023-08-08-47-2630p.m.-300x231.jpg 300w, https:\/\/www.zunoticia.com\/noticias-de-hidalgo\/wp-content\/uploads\/2023\/06\/eZy-Watermark-05-06-2023-08-08-47-2630p.m.-768x592.jpg 768w, https:\/\/www.zunoticia.com\/noticias-de-hidalgo\/wp-content\/uploads\/2023\/06\/eZy-Watermark-05-06-2023-08-08-47-2630p.m..jpg 1080w\" sizes=\"(max-width: 1024px) 100vw, 1024px\" \/><\/figure>\n\n\n\n<p>El presidente municipal, Joel Nochebuena Hern\u00e1ndez, agradeci\u00f3 la invitaci\u00f3n realizada por parte del municipio de Tepatepec Francisco I. Madero, ya que, a trav\u00e9s del departamento de Turismo, el municipio de Atlapexco se hizo presente en el &#8220;Pabell\u00f3n de Pueblos con Sabor y Pueblos M\u00e1gicos de Hidalgo 2023&#8221;.<\/p>\n\n\n\n<figure class=\"wp-block-image size-large\"><img decoding=\"async\" width=\"1024\" height=\"768\" src=\"https:\/\/www.zunoticia.com\/noticias-de-hidalgo\/wp-content\/uploads\/2023\/06\/eZy-Watermark-05-06-2023-08-09-36-1540p.m.-1024x768.jpg\" alt=\"\" class=\"wp-image-485120\" srcset=\"https:\/\/www.zunoticia.com\/noticias-de-hidalgo\/wp-content\/uploads\/2023\/06\/eZy-Watermark-05-06-2023-08-09-36-1540p.m.-1024x768.jpg 1024w, https:\/\/www.zunoticia.com\/noticias-de-hidalgo\/wp-content\/uploads\/2023\/06\/eZy-Watermark-05-06-2023-08-09-36-1540p.m.-300x225.jpg 300w, https:\/\/www.zunoticia.com\/noticias-de-hidalgo\/wp-content\/uploads\/2023\/06\/eZy-Watermark-05-06-2023-08-09-36-1540p.m.-768x576.jpg 768w, https:\/\/www.zunoticia.com\/noticias-de-hidalgo\/wp-content\/uploads\/2023\/06\/eZy-Watermark-05-06-2023-08-09-36-1540p.m..jpg 1080w\" sizes=\"(max-width: 1024px) 100vw, 1024px\" \/><figcaption class=\"wp-element-caption\">Un orgullo fue la presentaci\u00f3n de las m\u00e1scaras de madera de Huizotlaco.<\/figcaption><\/figure>\n\n\n\n<p>En este stand Juan Hern\u00e1ndez Gonz\u00e1lez, artesano originario de la comunidad de Huitzotlaco, embelleci\u00f3 su presentaci\u00f3n con las m\u00e1scaras de madera elaboradas a mano.<\/p>\n\n\n\n<figure class=\"wp-block-image size-large\"><img decoding=\"async\" width=\"1024\" height=\"768\" src=\"https:\/\/www.zunoticia.com\/noticias-de-hidalgo\/wp-content\/uploads\/2023\/06\/eZy-Watermark-05-06-2023-08-09-21-0020p.m.-1024x768.jpg\" alt=\"\" class=\"wp-image-485121\" srcset=\"https:\/\/www.zunoticia.com\/noticias-de-hidalgo\/wp-content\/uploads\/2023\/06\/eZy-Watermark-05-06-2023-08-09-21-0020p.m.-1024x768.jpg 1024w, https:\/\/www.zunoticia.com\/noticias-de-hidalgo\/wp-content\/uploads\/2023\/06\/eZy-Watermark-05-06-2023-08-09-21-0020p.m.-300x225.jpg 300w, https:\/\/www.zunoticia.com\/noticias-de-hidalgo\/wp-content\/uploads\/2023\/06\/eZy-Watermark-05-06-2023-08-09-21-0020p.m.-768x576.jpg 768w, https:\/\/www.zunoticia.com\/noticias-de-hidalgo\/wp-content\/uploads\/2023\/06\/eZy-Watermark-05-06-2023-08-09-21-0020p.m..jpg 1080w\" sizes=\"(max-width: 1024px) 100vw, 1024px\" \/><\/figure>\n","protected":false},"excerpt":{"rendered":"<p>Por Karen Rivera\/ Zunoticia Atlapexco, Hgo.- Del 2 al 4 de junio en el municipio de Francisco I. Madero, se llev\u00f3 a cabo la Feria de Mercado, evento art\u00edstico \u2013 cultural, donde atlapexquenses presentaron sus mejores trabajos artesanales. El presidente municipal, Joel Nochebuena Hern\u00e1ndez, agradeci\u00f3 la invitaci\u00f3n realizada por parte del municipio de Tepatepec Francisco&hellip; <a class=\"more-link\" href=\"https:\/\/www.zunoticia.com\/noticias-de-hidalgo\/2023\/06\/05\/artesanias-de-madera-fueron-expuestas-en-la-feria-de-mercado\/\">Seguir leyendo <span class=\"screen-reader-text\">Artesan\u00edas de madera fueron expuestas en la Feria de Mercado<\/span><\/a><\/p>\n","protected":false},"author":12,"featured_media":485122,"comment_status":"closed","ping_status":"open","sticky":false,"template":"","format":"standard","meta":{"rop_custom_images_group":[],"rop_custom_messages_group":[],"rop_publish_now":"initial","rop_publish_now_accounts":{"facebook_10159540855086992_322828327761733":""},"rop_publish_now_history":[],"rop_publish_now_status":"pending","footnotes":""},"categories":[182],"tags":[133],"class_list":["post-485173","post","type-post","status-publish","format-standard","has-post-thumbnail","hentry","category-atlapexco","tag-atlapexco","entry"],"_links":{"self":[{"href":"https:\/\/www.zunoticia.com\/noticias-de-hidalgo\/wp-json\/wp\/v2\/posts\/485173","targetHints":{"allow":["GET"]}}],"collection":[{"href":"https:\/\/www.zunoticia.com\/noticias-de-hidalgo\/wp-json\/wp\/v2\/posts"}],"about":[{"href":"https:\/\/www.zunoticia.com\/noticias-de-hidalgo\/wp-json\/wp\/v2\/types\/post"}],"author":[{"embeddable":true,"href":"https:\/\/www.zunoticia.com\/noticias-de-hidalgo\/wp-json\/wp\/v2\/users\/12"}],"replies":[{"embeddable":true,"href":"https:\/\/www.zunoticia.com\/noticias-de-hidalgo\/wp-json\/wp\/v2\/comments?post=485173"}],"version-history":[{"count":1,"href":"https:\/\/www.zunoticia.com\/noticias-de-hidalgo\/wp-json\/wp\/v2\/posts\/485173\/revisions"}],"predecessor-version":[{"id":485176,"href":"https:\/\/www.zunoticia.com\/noticias-de-hidalgo\/wp-json\/wp\/v2\/posts\/485173\/revisions\/485176"}],"wp:featuredmedia":[{"embeddable":true,"href":"https:\/\/www.zunoticia.com\/noticias-de-hidalgo\/wp-json\/wp\/v2\/media\/485122"}],"wp:attachment":[{"href":"https:\/\/www.zunoticia.com\/noticias-de-hidalgo\/wp-json\/wp\/v2\/media?parent=485173"}],"wp:term":[{"taxonomy":"category","embeddable":true,"href":"https:\/\/www.zunoticia.com\/noticias-de-hidalgo\/wp-json\/wp\/v2\/categories?post=485173"},{"taxonomy":"post_tag","embeddable":true,"href":"https:\/\/www.zunoticia.com\/noticias-de-hidalgo\/wp-json\/wp\/v2\/tags?post=485173"}],"curies":[{"name":"wp","href":"https:\/\/api.w.org\/{rel}","templated":true}]}}