{"id":485175,"date":"2023-06-05T22:17:09","date_gmt":"2023-06-06T04:17:09","guid":{"rendered":"https:\/\/www.zunoticia.com\/noticias-de-hidalgo\/?p=485175"},"modified":"2023-06-05T22:17:10","modified_gmt":"2023-06-06T04:17:10","slug":"en-atlapexco-no-hay-casos-de-abigeato-agl","status":"publish","type":"post","link":"https:\/\/www.zunoticia.com\/noticias-de-hidalgo\/2023\/06\/05\/en-atlapexco-no-hay-casos-de-abigeato-agl\/","title":{"rendered":"En Atlapexco no hay casos de abigeato: AGL"},"content":{"rendered":"<aside class=\"mashsb-container mashsb-main mashsb-stretched\"><div class=\"mashsb-box\"><div class=\"mashsb-count mash-large\" style=\"float:left\"><div class=\"counts mashsbcount\">18<\/div><span class=\"mashsb-sharetext\">SHARES<\/span><\/div><div class=\"mashsb-buttons\"><a class=\"mashicon-facebook mash-large mash-center mashsb-noshadow\" href=\"https:\/\/www.facebook.com\/sharer.php?u=https%3A%2F%2Fwww.zunoticia.com%2Fnoticias-de-hidalgo%2F2023%2F06%2F05%2Fen-atlapexco-no-hay-casos-de-abigeato-agl%2F\" target=\"_top\" rel=\"nofollow\"><span class=\"icon\"><\/span><span class=\"text\">Share<\/span><\/a><a class=\"mashicon-twitter mash-large mash-center mashsb-noshadow\" href=\"https:\/\/twitter.com\/intent\/tweet?text=&amp;url=https:\/\/www.zunoticia.com\/noticias-de-hidalgo\/2023\/06\/05\/en-atlapexco-no-hay-casos-de-abigeato-agl\/\" target=\"_top\" rel=\"nofollow\"><span class=\"icon\"><\/span><span class=\"text\">Tweet<\/span><\/a><div class=\"onoffswitch2 mash-large mashsb-noshadow\" style=\"display:none\"><\/div><\/div>\n            <\/div>\n                <div style=\"clear:both\"><\/div><div class=\"mashsb-toggle-container\"><\/div><\/aside>\n            <!-- Share buttons by mashshare.net - Version: 4.0.47-->\n<p><em>Por Karen Rivera\/ Zunoticia<\/em><\/p>\n\n\n\n<p><strong>Atlapexco, Hgo.-<\/strong> &#8220;En el municipio de Atlapexco, hasta este mes no se han presentado casos por abigeato&#8221;, expres\u00f3 el presidente de la Asociaci\u00f3n Ganadera Local, Ademir Ortega Oviedo.<\/p>\n\n\n\n<p>El titular de la AGL dijo que, la incidencia delictiva en cuanto al abigeato se ha mantenido sin reporte alguno en los seis meses que van de este 2023.<\/p>\n\n\n\n<p>Pese a que, en a\u00f1os anteriores los hechos delictivos eran altos, este a\u00f1o los ganaderos no han presentado reporte algo sobre incidencias delictiva de esta \u00edndole, ya que el \u00faltimo que se hizo llegar a la asociaci\u00f3n ganadera local fue en el a\u00f1o 2022, sin embargo, extern\u00f3 que las autoridades competentes est\u00e1n al tanto de ese caso.<\/p>\n\n\n\n<p>&#8220;Esperemos terminar este a\u00f1o as\u00ed tranquilo, sin incidencia alguna&#8221;, culmin\u00f3.<\/p>\n","protected":false},"excerpt":{"rendered":"<p>Por Karen Rivera\/ Zunoticia Atlapexco, Hgo.- &#8220;En el municipio de Atlapexco, hasta este mes no se han presentado casos por abigeato&#8221;, expres\u00f3 el presidente de la Asociaci\u00f3n Ganadera Local, Ademir Ortega Oviedo. El titular de la AGL dijo que, la incidencia delictiva en cuanto al abigeato se ha mantenido sin reporte alguno en los seis&hellip; <a class=\"more-link\" href=\"https:\/\/www.zunoticia.com\/noticias-de-hidalgo\/2023\/06\/05\/en-atlapexco-no-hay-casos-de-abigeato-agl\/\">Seguir leyendo <span class=\"screen-reader-text\">En Atlapexco no hay casos de abigeato: AGL<\/span><\/a><\/p>\n","protected":false},"author":12,"featured_media":485117,"comment_status":"closed","ping_status":"open","sticky":false,"template":"","format":"standard","meta":{"rop_custom_images_group":[],"rop_custom_messages_group":[],"rop_publish_now":"initial","rop_publish_now_accounts":{"facebook_10159540855086992_322828327761733":""},"rop_publish_now_history":[],"rop_publish_now_status":"pending","footnotes":""},"categories":[182],"tags":[133],"class_list":["post-485175","post","type-post","status-publish","format-standard","has-post-thumbnail","hentry","category-atlapexco","tag-atlapexco","entry"],"_links":{"self":[{"href":"https:\/\/www.zunoticia.com\/noticias-de-hidalgo\/wp-json\/wp\/v2\/posts\/485175","targetHints":{"allow":["GET"]}}],"collection":[{"href":"https:\/\/www.zunoticia.com\/noticias-de-hidalgo\/wp-json\/wp\/v2\/posts"}],"about":[{"href":"https:\/\/www.zunoticia.com\/noticias-de-hidalgo\/wp-json\/wp\/v2\/types\/post"}],"author":[{"embeddable":true,"href":"https:\/\/www.zunoticia.com\/noticias-de-hidalgo\/wp-json\/wp\/v2\/users\/12"}],"replies":[{"embeddable":true,"href":"https:\/\/www.zunoticia.com\/noticias-de-hidalgo\/wp-json\/wp\/v2\/comments?post=485175"}],"version-history":[{"count":1,"href":"https:\/\/www.zunoticia.com\/noticias-de-hidalgo\/wp-json\/wp\/v2\/posts\/485175\/revisions"}],"predecessor-version":[{"id":485177,"href":"https:\/\/www.zunoticia.com\/noticias-de-hidalgo\/wp-json\/wp\/v2\/posts\/485175\/revisions\/485177"}],"wp:featuredmedia":[{"embeddable":true,"href":"https:\/\/www.zunoticia.com\/noticias-de-hidalgo\/wp-json\/wp\/v2\/media\/485117"}],"wp:attachment":[{"href":"https:\/\/www.zunoticia.com\/noticias-de-hidalgo\/wp-json\/wp\/v2\/media?parent=485175"}],"wp:term":[{"taxonomy":"category","embeddable":true,"href":"https:\/\/www.zunoticia.com\/noticias-de-hidalgo\/wp-json\/wp\/v2\/categories?post=485175"},{"taxonomy":"post_tag","embeddable":true,"href":"https:\/\/www.zunoticia.com\/noticias-de-hidalgo\/wp-json\/wp\/v2\/tags?post=485175"}],"curies":[{"name":"wp","href":"https:\/\/api.w.org\/{rel}","templated":true}]}}