{"id":485181,"date":"2023-06-05T22:49:00","date_gmt":"2023-06-06T04:49:00","guid":{"rendered":"https:\/\/www.zunoticia.com\/noticias-de-hidalgo\/?p=485181"},"modified":"2023-06-05T22:49:01","modified_gmt":"2023-06-06T04:49:01","slug":"fortalece-hidalgo-relaciones-comerciales-con-la-union-europea","status":"publish","type":"post","link":"https:\/\/www.zunoticia.com\/noticias-de-hidalgo\/2023\/06\/05\/fortalece-hidalgo-relaciones-comerciales-con-la-union-europea\/","title":{"rendered":"Fortalece Hidalgo relaciones comerciales con la Uni\u00f3n Europea"},"content":{"rendered":"<aside class=\"mashsb-container mashsb-main mashsb-stretched\"><div class=\"mashsb-box\"><div class=\"mashsb-count mash-large\" style=\"float:left\"><div class=\"counts mashsbcount\">24<\/div><span class=\"mashsb-sharetext\">SHARES<\/span><\/div><div class=\"mashsb-buttons\"><a class=\"mashicon-facebook mash-large mash-center mashsb-noshadow\" href=\"https:\/\/www.facebook.com\/sharer.php?u=https%3A%2F%2Fwww.zunoticia.com%2Fnoticias-de-hidalgo%2F2023%2F06%2F05%2Ffortalece-hidalgo-relaciones-comerciales-con-la-union-europea%2F\" target=\"_top\" rel=\"nofollow\"><span class=\"icon\"><\/span><span class=\"text\">Share<\/span><\/a><a class=\"mashicon-twitter mash-large mash-center mashsb-noshadow\" href=\"https:\/\/twitter.com\/intent\/tweet?text=&amp;url=https:\/\/www.zunoticia.com\/noticias-de-hidalgo\/2023\/06\/05\/fortalece-hidalgo-relaciones-comerciales-con-la-union-europea\/\" target=\"_top\" rel=\"nofollow\"><span class=\"icon\"><\/span><span class=\"text\">Tweet<\/span><\/a><div class=\"onoffswitch2 mash-large mashsb-noshadow\" style=\"display:none\"><\/div><\/div>\n            <\/div>\n                <div style=\"clear:both\"><\/div><div class=\"mashsb-toggle-container\"><\/div><\/aside>\n            <!-- Share buttons by mashshare.net - Version: 4.0.47-->\n<ul class=\"wp-block-list\">\n<li>Menchaca Salazar puntualiz\u00f3 que Hidalgo goza de una gran riqueza que le permitir\u00e1 ser potencia.<\/li>\n\n\n\n<li>Apertura y cercan\u00eda, condiciones favorables para la cooperaci\u00f3n internacional.<\/li>\n<\/ul>\n\n\n\n<p><em>Por Redacci\u00f3n\/Zunoticia<\/em><\/p>\n\n\n\n<p><strong>Pachuca, Hgo.-<\/strong> El gobernador de Hidalgo, Julio Menchaca Salazar, encabez\u00f3 la Reuni\u00f3n Estrat\u00e9gica con representantes de la Asociaci\u00f3n Mexicana de C\u00e1maras de Comercio e Industria de Pa\u00edses Europeos en M\u00e9xico (Eurocam), donde reiter\u00f3 que su gobierno es un espacio de puertas abiertas para quienes deseen contribuir a la generaci\u00f3n de riqueza en la entidad.<\/p>\n\n\n\n<figure class=\"wp-block-image size-large\"><img fetchpriority=\"high\" decoding=\"async\" width=\"1024\" height=\"575\" src=\"https:\/\/www.zunoticia.com\/noticias-de-hidalgo\/wp-content\/uploads\/2023\/06\/eZy-Watermark-05-06-2023-10-37-18-3520p.m.-1024x575.jpg\" alt=\"\" class=\"wp-image-485183\" srcset=\"https:\/\/www.zunoticia.com\/noticias-de-hidalgo\/wp-content\/uploads\/2023\/06\/eZy-Watermark-05-06-2023-10-37-18-3520p.m.-1024x575.jpg 1024w, https:\/\/www.zunoticia.com\/noticias-de-hidalgo\/wp-content\/uploads\/2023\/06\/eZy-Watermark-05-06-2023-10-37-18-3520p.m.-300x169.jpg 300w, https:\/\/www.zunoticia.com\/noticias-de-hidalgo\/wp-content\/uploads\/2023\/06\/eZy-Watermark-05-06-2023-10-37-18-3520p.m.-768x431.jpg 768w, https:\/\/www.zunoticia.com\/noticias-de-hidalgo\/wp-content\/uploads\/2023\/06\/eZy-Watermark-05-06-2023-10-37-18-3520p.m..jpg 1280w\" sizes=\"(max-width: 1024px) 100vw, 1024px\" \/><\/figure>\n\n\n\n<p>El mandatario enfatiz\u00f3 que, a ra\u00edz del proceso de globalizaci\u00f3n, el medio ambiente se ha visto afectado, por ello, celebr\u00f3 la responsabilidad social manifestada por esta c\u00e1mara de comercio, y reconoci\u00f3 que, aunque hay competencia con otras entidades de la Rep\u00fablica, el estado pertenece a una de las zonas metropolitanas m\u00e1s importantes del mundo, lo cual favorece la log\u00edstica de los negocios internacionales.<\/p>\n\n\n\n<p>Antonio Basagoiti Pastor, presidente de la C\u00e1mara Espa\u00f1ola de Comercio, record\u00f3 que la Eurocam suscita la inversi\u00f3n de empresas europeas en M\u00e9xico gracias a la promoci\u00f3n de las cualidades de cada entidad, por lo que reconoci\u00f3 el buen trabajo y el orden en el dise\u00f1o de proyectos con el que se conduce Hidalgo.<\/p>\n\n\n\n<p>\u201cNos comprometemos con la sociedad, nos comprometemos con el entorno y con toda la cadena de producci\u00f3n y servicios. Somos m\u00e1s de puentes que de muros, y estamos dispuestos a comprometernos con Hidalgo\u201d, se\u00f1al\u00f3 a nombre de esta uni\u00f3n cameral.<\/p>\n\n\n\n<figure class=\"wp-block-image size-large\"><img decoding=\"async\" width=\"1024\" height=\"682\" src=\"https:\/\/www.zunoticia.com\/noticias-de-hidalgo\/wp-content\/uploads\/2023\/06\/eZy-Watermark-05-06-2023-10-37-34-0860p.m.-1024x682.jpg\" alt=\"\" class=\"wp-image-485182\" srcset=\"https:\/\/www.zunoticia.com\/noticias-de-hidalgo\/wp-content\/uploads\/2023\/06\/eZy-Watermark-05-06-2023-10-37-34-0860p.m.-1024x682.jpg 1024w, https:\/\/www.zunoticia.com\/noticias-de-hidalgo\/wp-content\/uploads\/2023\/06\/eZy-Watermark-05-06-2023-10-37-34-0860p.m.-300x200.jpg 300w, https:\/\/www.zunoticia.com\/noticias-de-hidalgo\/wp-content\/uploads\/2023\/06\/eZy-Watermark-05-06-2023-10-37-34-0860p.m.-768x512.jpg 768w, https:\/\/www.zunoticia.com\/noticias-de-hidalgo\/wp-content\/uploads\/2023\/06\/eZy-Watermark-05-06-2023-10-37-34-0860p.m..jpg 1280w\" sizes=\"(max-width: 1024px) 100vw, 1024px\" \/><\/figure>\n\n\n\n<p>Asimismo, el jefe de la Secci\u00f3n Econ\u00f3mica y Comercial de la Delegaci\u00f3n de la Uni\u00f3n Europea (UE) en M\u00e9xico, Jorge Peydro Aznar, asever\u00f3 que a ra\u00edz de las crisis internacionales se pueden generar oportunidades para M\u00e9xico e Hidalgo, al contar con el potencial necesario para fortalecer la confianza del sector privado.<\/p>\n\n\n\n<p>Destac\u00f3 tambi\u00e9n que la cercan\u00eda, la apertura, la planeaci\u00f3n responsable y sustentable de pol\u00edticas p\u00fablicas, en el marco de los acuerdos que existen entre M\u00e9xico y la UE, representan una ventana de oportunidades para las empresas europeas y mexicanas.<\/p>\n\n\n\n<p>El secretario de Desarrollo Econ\u00f3mico, Carlos Henkel Escorza, enfatiz\u00f3 que el trabajo coordinado permitir\u00e1 lograr que Hidalgo se convierta en una verdadera potencia, por lo que la presencia de empresas de car\u00e1cter internacional es una muestra del compromiso que guarda la administraci\u00f3n estatal con el fortalecimiento de la econom\u00eda hidalguense.<\/p>\n\n\n\n<p>\u201cDerivado de nuestra ubicaci\u00f3n geogr\u00e1fica, tenemos un potencial log\u00edstico muy importante\u201d, se\u00f1al\u00f3 el servidor p\u00fablico al apuntar que, gracias a las v\u00edas ferroviarias y carreteras, as\u00ed como proyectos prioritarios del Gobierno de M\u00e9xico, el estado es una plataforma ideal para importaciones y exportaciones.<\/p>\n\n\n\n<p>Por su parte, el titular de la Unidad de Planeaci\u00f3n y Prospectiva, Miguel \u00c1ngel Tello Vargas, expuso que los v\u00ednculos que pueden existir entre la UE y el Gobierno de Hidalgo se podr\u00e1n facilitar a trav\u00e9s del Aeropuerto Internacional Felipe \u00c1ngeles pues, debido a la cercan\u00eda con esta terminal a\u00e9rea, las empresas empiezan a ver a Hidalgo como un estado con muchas virtudes y ventajas.<\/p>\n\n\n\n<p>Al finalizar, el gobernador explic\u00f3 que su administraci\u00f3n ser\u00e1 una aliada permanente para quienes decidan invertir su capital en la entidad pues, aunque se elimina la tramitolog\u00eda, se cumple con los reglamentos y la transparencia.<\/p>\n","protected":false},"excerpt":{"rendered":"<p>Por Redacci\u00f3n\/Zunoticia Pachuca, Hgo.- El gobernador de Hidalgo, Julio Menchaca Salazar, encabez\u00f3 la Reuni\u00f3n Estrat\u00e9gica con representantes de la Asociaci\u00f3n Mexicana de C\u00e1maras de Comercio e Industria de Pa\u00edses Europeos en M\u00e9xico (Eurocam), donde reiter\u00f3 que su gobierno es un espacio de puertas abiertas para quienes deseen contribuir a la generaci\u00f3n de riqueza en la&hellip; <a class=\"more-link\" href=\"https:\/\/www.zunoticia.com\/noticias-de-hidalgo\/2023\/06\/05\/fortalece-hidalgo-relaciones-comerciales-con-la-union-europea\/\">Seguir leyendo <span class=\"screen-reader-text\">Fortalece Hidalgo relaciones comerciales con la Uni\u00f3n Europea<\/span><\/a><\/p>\n","protected":false},"author":12,"featured_media":485184,"comment_status":"closed","ping_status":"open","sticky":false,"template":"","format":"standard","meta":{"rop_custom_images_group":[],"rop_custom_messages_group":[],"rop_publish_now":"initial","rop_publish_now_accounts":{"facebook_10159540855086992_322828327761733":""},"rop_publish_now_history":[],"rop_publish_now_status":"pending","footnotes":""},"categories":[208],"tags":[214],"class_list":["post-485181","post","type-post","status-publish","format-standard","has-post-thumbnail","hentry","category-estado","tag-estado","entry"],"_links":{"self":[{"href":"https:\/\/www.zunoticia.com\/noticias-de-hidalgo\/wp-json\/wp\/v2\/posts\/485181","targetHints":{"allow":["GET"]}}],"collection":[{"href":"https:\/\/www.zunoticia.com\/noticias-de-hidalgo\/wp-json\/wp\/v2\/posts"}],"about":[{"href":"https:\/\/www.zunoticia.com\/noticias-de-hidalgo\/wp-json\/wp\/v2\/types\/post"}],"author":[{"embeddable":true,"href":"https:\/\/www.zunoticia.com\/noticias-de-hidalgo\/wp-json\/wp\/v2\/users\/12"}],"replies":[{"embeddable":true,"href":"https:\/\/www.zunoticia.com\/noticias-de-hidalgo\/wp-json\/wp\/v2\/comments?post=485181"}],"version-history":[{"count":1,"href":"https:\/\/www.zunoticia.com\/noticias-de-hidalgo\/wp-json\/wp\/v2\/posts\/485181\/revisions"}],"predecessor-version":[{"id":485185,"href":"https:\/\/www.zunoticia.com\/noticias-de-hidalgo\/wp-json\/wp\/v2\/posts\/485181\/revisions\/485185"}],"wp:featuredmedia":[{"embeddable":true,"href":"https:\/\/www.zunoticia.com\/noticias-de-hidalgo\/wp-json\/wp\/v2\/media\/485184"}],"wp:attachment":[{"href":"https:\/\/www.zunoticia.com\/noticias-de-hidalgo\/wp-json\/wp\/v2\/media?parent=485181"}],"wp:term":[{"taxonomy":"category","embeddable":true,"href":"https:\/\/www.zunoticia.com\/noticias-de-hidalgo\/wp-json\/wp\/v2\/categories?post=485181"},{"taxonomy":"post_tag","embeddable":true,"href":"https:\/\/www.zunoticia.com\/noticias-de-hidalgo\/wp-json\/wp\/v2\/tags?post=485181"}],"curies":[{"name":"wp","href":"https:\/\/api.w.org\/{rel}","templated":true}]}}