{"id":485357,"date":"2023-06-07T14:08:01","date_gmt":"2023-06-07T20:08:01","guid":{"rendered":"https:\/\/www.zunoticia.com\/noticias-de-hidalgo\/?p=485357"},"modified":"2023-06-07T14:08:02","modified_gmt":"2023-06-07T20:08:02","slug":"desaparece-vecino-de-san-felipe-2","status":"publish","type":"post","link":"https:\/\/www.zunoticia.com\/noticias-de-hidalgo\/2023\/06\/07\/desaparece-vecino-de-san-felipe-2\/","title":{"rendered":"Desaparece vecino de San Felipe"},"content":{"rendered":"<aside class=\"mashsb-container mashsb-main mashsb-stretched\"><div class=\"mashsb-box\"><div class=\"mashsb-count mash-large\" style=\"float:left\"><div class=\"counts mashsbcount\">29<\/div><span class=\"mashsb-sharetext\">SHARES<\/span><\/div><div class=\"mashsb-buttons\"><a class=\"mashicon-facebook mash-large mash-center mashsb-noshadow\" href=\"https:\/\/www.facebook.com\/sharer.php?u=https%3A%2F%2Fwww.zunoticia.com%2Fnoticias-de-hidalgo%2F2023%2F06%2F07%2Fdesaparece-vecino-de-san-felipe-2%2F\" target=\"_top\" rel=\"nofollow\"><span class=\"icon\"><\/span><span class=\"text\">Share<\/span><\/a><a class=\"mashicon-twitter mash-large mash-center mashsb-noshadow\" href=\"https:\/\/twitter.com\/intent\/tweet?text=&amp;url=https:\/\/www.zunoticia.com\/noticias-de-hidalgo\/2023\/06\/07\/desaparece-vecino-de-san-felipe-2\/\" target=\"_top\" rel=\"nofollow\"><span class=\"icon\"><\/span><span class=\"text\">Tweet<\/span><\/a><div class=\"onoffswitch2 mash-large mashsb-noshadow\" style=\"display:none\"><\/div><\/div>\n            <\/div>\n                <div style=\"clear:both\"><\/div><div class=\"mashsb-toggle-container\"><\/div><\/aside>\n            <!-- Share buttons by mashshare.net - Version: 4.0.47-->\n<p><em>Por Francisco Rosas\/Zunoticia<\/em><\/p>\n\n\n\n<p><strong>San Felipe Orizatl\u00e1n, Hgo<\/strong>.- Persona del sexo masculino, quien padece de sus facultades mentales y que se encuentra en calidad de desaparecida, es buscada por sus familiares.<\/p>\n\n\n\n<p>Armando Carrillo Gonz\u00e1lez, vecino de este municipio, es el nombre del individuo que est\u00e1 extraviado y de acuerdo con el reporte hecho por Jaime Escamilla Lara, este sali\u00f3 de su domicilio la ma\u00f1ana del martes y hasta el momento se desconoce su paradero.<\/p>\n\n\n\n<p>Preocupados por su integridad f\u00edsica, sus familiares solicitan la colaboraci\u00f3n de la poblaci\u00f3n en general para localizar al joven y si alguien lo ha visto o sabe d\u00f3nde se encuentra, piden comunicarse a los n\u00fameros telef\u00f3nicos 7713231403 y\/o 4831050408.<\/p>\n\n\n\n<p><\/p>\n","protected":false},"excerpt":{"rendered":"<p>Por Francisco Rosas\/Zunoticia San Felipe Orizatl\u00e1n, Hgo.- Persona del sexo masculino, quien padece de sus facultades mentales y que se encuentra en calidad de desaparecida, es buscada por sus familiares. Armando Carrillo Gonz\u00e1lez, vecino de este municipio, es el nombre del individuo que est\u00e1 extraviado y de acuerdo con el reporte hecho por Jaime Escamilla&hellip; <a class=\"more-link\" href=\"https:\/\/www.zunoticia.com\/noticias-de-hidalgo\/2023\/06\/07\/desaparece-vecino-de-san-felipe-2\/\">Seguir leyendo <span class=\"screen-reader-text\">Desaparece vecino de San Felipe<\/span><\/a><\/p>\n","protected":false},"author":20,"featured_media":485358,"comment_status":"closed","ping_status":"open","sticky":false,"template":"","format":"standard","meta":{"rop_custom_images_group":[],"rop_custom_messages_group":[],"rop_publish_now":"initial","rop_publish_now_accounts":{"facebook_10159540855086992_322828327761733":""},"rop_publish_now_history":[],"rop_publish_now_status":"pending","footnotes":""},"categories":[178],"tags":[129,259],"class_list":["post-485357","post","type-post","status-publish","format-standard","has-post-thumbnail","hentry","category-policiaca","tag-orizatlan","tag-policiaca","entry"],"_links":{"self":[{"href":"https:\/\/www.zunoticia.com\/noticias-de-hidalgo\/wp-json\/wp\/v2\/posts\/485357","targetHints":{"allow":["GET"]}}],"collection":[{"href":"https:\/\/www.zunoticia.com\/noticias-de-hidalgo\/wp-json\/wp\/v2\/posts"}],"about":[{"href":"https:\/\/www.zunoticia.com\/noticias-de-hidalgo\/wp-json\/wp\/v2\/types\/post"}],"author":[{"embeddable":true,"href":"https:\/\/www.zunoticia.com\/noticias-de-hidalgo\/wp-json\/wp\/v2\/users\/20"}],"replies":[{"embeddable":true,"href":"https:\/\/www.zunoticia.com\/noticias-de-hidalgo\/wp-json\/wp\/v2\/comments?post=485357"}],"version-history":[{"count":1,"href":"https:\/\/www.zunoticia.com\/noticias-de-hidalgo\/wp-json\/wp\/v2\/posts\/485357\/revisions"}],"predecessor-version":[{"id":485359,"href":"https:\/\/www.zunoticia.com\/noticias-de-hidalgo\/wp-json\/wp\/v2\/posts\/485357\/revisions\/485359"}],"wp:featuredmedia":[{"embeddable":true,"href":"https:\/\/www.zunoticia.com\/noticias-de-hidalgo\/wp-json\/wp\/v2\/media\/485358"}],"wp:attachment":[{"href":"https:\/\/www.zunoticia.com\/noticias-de-hidalgo\/wp-json\/wp\/v2\/media?parent=485357"}],"wp:term":[{"taxonomy":"category","embeddable":true,"href":"https:\/\/www.zunoticia.com\/noticias-de-hidalgo\/wp-json\/wp\/v2\/categories?post=485357"},{"taxonomy":"post_tag","embeddable":true,"href":"https:\/\/www.zunoticia.com\/noticias-de-hidalgo\/wp-json\/wp\/v2\/tags?post=485357"}],"curies":[{"name":"wp","href":"https:\/\/api.w.org\/{rel}","templated":true}]}}