{"id":485376,"date":"2023-06-07T17:28:28","date_gmt":"2023-06-07T23:28:28","guid":{"rendered":"https:\/\/www.zunoticia.com\/noticias-de-hidalgo\/?p=485376"},"modified":"2023-06-07T17:28:29","modified_gmt":"2023-06-07T23:28:29","slug":"incomunicado-huitzitzilingo-y-ahuatitla-por-pesimo-servicio-de-telcel","status":"publish","type":"post","link":"https:\/\/www.zunoticia.com\/noticias-de-hidalgo\/2023\/06\/07\/incomunicado-huitzitzilingo-y-ahuatitla-por-pesimo-servicio-de-telcel\/","title":{"rendered":"Incomunicado Huitzitzilingo y Ahuatitla por p\u00e9simo servicio de Telcel"},"content":{"rendered":"<aside class=\"mashsb-container mashsb-main mashsb-stretched\"><div class=\"mashsb-box\"><div class=\"mashsb-count mash-large\" style=\"float:left\"><div class=\"counts mashsbcount\">42<\/div><span class=\"mashsb-sharetext\">SHARES<\/span><\/div><div class=\"mashsb-buttons\"><a class=\"mashicon-facebook mash-large mash-center mashsb-noshadow\" href=\"https:\/\/www.facebook.com\/sharer.php?u=https%3A%2F%2Fwww.zunoticia.com%2Fnoticias-de-hidalgo%2F2023%2F06%2F07%2Fincomunicado-huitzitzilingo-y-ahuatitla-por-pesimo-servicio-de-telcel%2F\" target=\"_top\" rel=\"nofollow\"><span class=\"icon\"><\/span><span class=\"text\">Share<\/span><\/a><a class=\"mashicon-twitter mash-large mash-center mashsb-noshadow\" href=\"https:\/\/twitter.com\/intent\/tweet?text=&amp;url=https:\/\/www.zunoticia.com\/noticias-de-hidalgo\/2023\/06\/07\/incomunicado-huitzitzilingo-y-ahuatitla-por-pesimo-servicio-de-telcel\/\" target=\"_top\" rel=\"nofollow\"><span class=\"icon\"><\/span><span class=\"text\">Tweet<\/span><\/a><div class=\"onoffswitch2 mash-large mashsb-noshadow\" style=\"display:none\"><\/div><\/div>\n            <\/div>\n                <div style=\"clear:both\"><\/div><div class=\"mashsb-toggle-container\"><\/div><\/aside>\n            <!-- Share buttons by mashshare.net - Version: 4.0.47-->\n<p><\/p>\n\n\n\n<p><em>Por \u00c1ngel Silverio\/Zunoticia<\/em><\/p>\n\n\n\n<p><strong>San Felipe Orizatl\u00e1n, Hgo<\/strong>.- Usuarios del servicio de telefon\u00eda celular en las delegaciones de Huitzitzilingo y Ahuatitla, permanecen incomunicados desde hace varios d\u00edas, debido a la falla de Telcel, por lo que piden a los responsables que acudan a revisar y darle mantenimiento a su antena.<\/p>\n\n\n\n<p>La queja en su mayor\u00eda es por alumnos de la Universidad del Bienestar, entre otros usuarios de la red Telcel, pues se\u00f1alan que ya son varias las ocasiones en que se quedan sin el servicio de telefon\u00eda y de internet, debido a que las fallas que se presentan son continuas y no hay personal de la empresa en menci\u00f3n que acuda a revisar el p\u00e9simo servicio que brindan en esta zona; pues ambas delegaciones son las m\u00e1s grandes del municipio y se\u00f1alan que el uso de internet se ha vuelto un servicio indispensable.<\/p>\n\n\n\n<p>&#8220;Llevamos m\u00e1s de una semana con fallas y es fecha que no ha venido nadie a darnos soluci\u00f3n, desconocemos si es problema de la antena o qu\u00e9 ser\u00e1, pero solo estamos pagando el servicio sin tenerlo; la mayor\u00eda contamos con m\u00f3dems Telcel y eso se paga cada mes, se ocupe o no, pero no es posible que nos tengan as\u00ed &#8221; indic\u00f3 Lesly Hern\u00e1ndez.<\/p>\n\n\n\n<p>Es importante hacer menci\u00f3n, que esta situaci\u00f3n afecta a toda la poblaci\u00f3n en general, pues hay varios negocios que se han actualizado y para hacerte sus pagos, compras o dem\u00e1s acciones, necesitan estar conectados al Internet, pero con estas fallas est\u00e1n teniendo p\u00e9rdidas.<\/p>\n","protected":false},"excerpt":{"rendered":"<p>Por \u00c1ngel Silverio\/Zunoticia San Felipe Orizatl\u00e1n, Hgo.- Usuarios del servicio de telefon\u00eda celular en las delegaciones de Huitzitzilingo y Ahuatitla, permanecen incomunicados desde hace varios d\u00edas, debido a la falla de Telcel, por lo que piden a los responsables que acudan a revisar y darle mantenimiento a su antena. La queja en su mayor\u00eda es&hellip; <a class=\"more-link\" href=\"https:\/\/www.zunoticia.com\/noticias-de-hidalgo\/2023\/06\/07\/incomunicado-huitzitzilingo-y-ahuatitla-por-pesimo-servicio-de-telcel\/\">Seguir leyendo <span class=\"screen-reader-text\">Incomunicado Huitzitzilingo y Ahuatitla por p\u00e9simo servicio de Telcel<\/span><\/a><\/p>\n","protected":false},"author":20,"featured_media":485377,"comment_status":"closed","ping_status":"open","sticky":false,"template":"","format":"standard","meta":{"rop_custom_images_group":[],"rop_custom_messages_group":[],"rop_publish_now":"initial","rop_publish_now_accounts":{"facebook_10159540855086992_322828327761733":""},"rop_publish_now_history":[],"rop_publish_now_status":"pending","footnotes":""},"categories":[180],"tags":[129],"class_list":["post-485376","post","type-post","status-publish","format-standard","has-post-thumbnail","hentry","category-orizatlan","tag-orizatlan","entry"],"_links":{"self":[{"href":"https:\/\/www.zunoticia.com\/noticias-de-hidalgo\/wp-json\/wp\/v2\/posts\/485376","targetHints":{"allow":["GET"]}}],"collection":[{"href":"https:\/\/www.zunoticia.com\/noticias-de-hidalgo\/wp-json\/wp\/v2\/posts"}],"about":[{"href":"https:\/\/www.zunoticia.com\/noticias-de-hidalgo\/wp-json\/wp\/v2\/types\/post"}],"author":[{"embeddable":true,"href":"https:\/\/www.zunoticia.com\/noticias-de-hidalgo\/wp-json\/wp\/v2\/users\/20"}],"replies":[{"embeddable":true,"href":"https:\/\/www.zunoticia.com\/noticias-de-hidalgo\/wp-json\/wp\/v2\/comments?post=485376"}],"version-history":[{"count":1,"href":"https:\/\/www.zunoticia.com\/noticias-de-hidalgo\/wp-json\/wp\/v2\/posts\/485376\/revisions"}],"predecessor-version":[{"id":485378,"href":"https:\/\/www.zunoticia.com\/noticias-de-hidalgo\/wp-json\/wp\/v2\/posts\/485376\/revisions\/485378"}],"wp:featuredmedia":[{"embeddable":true,"href":"https:\/\/www.zunoticia.com\/noticias-de-hidalgo\/wp-json\/wp\/v2\/media\/485377"}],"wp:attachment":[{"href":"https:\/\/www.zunoticia.com\/noticias-de-hidalgo\/wp-json\/wp\/v2\/media?parent=485376"}],"wp:term":[{"taxonomy":"category","embeddable":true,"href":"https:\/\/www.zunoticia.com\/noticias-de-hidalgo\/wp-json\/wp\/v2\/categories?post=485376"},{"taxonomy":"post_tag","embeddable":true,"href":"https:\/\/www.zunoticia.com\/noticias-de-hidalgo\/wp-json\/wp\/v2\/tags?post=485376"}],"curies":[{"name":"wp","href":"https:\/\/api.w.org\/{rel}","templated":true}]}}