{"id":485443,"date":"2023-06-07T20:37:21","date_gmt":"2023-06-08T02:37:21","guid":{"rendered":"https:\/\/www.zunoticia.com\/noticias-de-hidalgo\/?p=485443"},"modified":"2023-06-07T20:37:22","modified_gmt":"2023-06-08T02:37:22","slug":"mujer-victima-de-violencia-familiar-pide-justicia","status":"publish","type":"post","link":"https:\/\/www.zunoticia.com\/noticias-de-hidalgo\/2023\/06\/07\/mujer-victima-de-violencia-familiar-pide-justicia\/","title":{"rendered":"Mujer v\u00edctima de violencia familiar pide justicia&nbsp;&nbsp;"},"content":{"rendered":"<aside class=\"mashsb-container mashsb-main mashsb-stretched\"><div class=\"mashsb-box\"><div class=\"mashsb-count mash-large\" style=\"float:left\"><div class=\"counts mashsbcount\">2<\/div><span class=\"mashsb-sharetext\">SHARES<\/span><\/div><div class=\"mashsb-buttons\"><a class=\"mashicon-facebook mash-large mash-center mashsb-noshadow\" href=\"https:\/\/www.facebook.com\/sharer.php?u=https%3A%2F%2Fwww.zunoticia.com%2Fnoticias-de-hidalgo%2F2023%2F06%2F07%2Fmujer-victima-de-violencia-familiar-pide-justicia%2F\" target=\"_top\" rel=\"nofollow\"><span class=\"icon\"><\/span><span class=\"text\">Share<\/span><\/a><a class=\"mashicon-twitter mash-large mash-center mashsb-noshadow\" href=\"https:\/\/twitter.com\/intent\/tweet?text=&amp;url=https:\/\/www.zunoticia.com\/noticias-de-hidalgo\/2023\/06\/07\/mujer-victima-de-violencia-familiar-pide-justicia\/\" target=\"_top\" rel=\"nofollow\"><span class=\"icon\"><\/span><span class=\"text\">Tweet<\/span><\/a><div class=\"onoffswitch2 mash-large mashsb-noshadow\" style=\"display:none\"><\/div><\/div>\n            <\/div>\n                <div style=\"clear:both\"><\/div><div class=\"mashsb-toggle-container\"><\/div><\/aside>\n            <!-- Share buttons by mashshare.net - Version: 4.0.47-->\n<p><em>Por Francisco Rosas \/Zunoticia<\/em><\/p>\n\n\n\n<p><strong>Huejutla, Hgo.-<\/strong> Persona del sexo femenino, v\u00edctima de violencia familiar, exige justicia debido a que su agresor no ha sido requerido por la autoridad ministerial y no hay avances en la integraci\u00f3n de sus carpetas de investigaci\u00f3n.<\/p>\n\n\n\n<p>La agraviada de nombre Rufina N., originaria del municipio de Atlapexco, se\u00f1al\u00f3 que el Ministerio P\u00fablico del Fuero Com\u00fan ha iniciado al menos dos carpetas de investigaci\u00f3n, tal como quedaron asentadas en las carpetas de investigaci\u00f3n 05-2022-01926 y 05-2023-00139, por los delitos de violencia familiar, lesiones y lo que m\u00e1s resulte, en contra de su ex marido de nombre Germ\u00e1n N.<\/p>\n\n\n\n<p>Manifest\u00f3 que en varias ocasiones ha sido agredida de manera f\u00edsica y verbal por el padre de sus hijos, motivo por el cual decidi\u00f3 denunciarlo penalmente, pues dijo estar cansada de sufrir maltratos constantemente, sin embargo, asegura que no hay avances en su caso, motivo por el cual pide que se ejerza acci\u00f3n penal y se proceda conforme a la ley en contra de su agresor.<\/p>\n","protected":false},"excerpt":{"rendered":"<p>Por Francisco Rosas \/Zunoticia Huejutla, Hgo.- Persona del sexo femenino, v\u00edctima de violencia familiar, exige justicia debido a que su agresor no ha sido requerido por la autoridad ministerial y no hay avances en la integraci\u00f3n de sus carpetas de investigaci\u00f3n. La agraviada de nombre Rufina N., originaria del municipio de Atlapexco, se\u00f1al\u00f3 que el&hellip; <a class=\"more-link\" href=\"https:\/\/www.zunoticia.com\/noticias-de-hidalgo\/2023\/06\/07\/mujer-victima-de-violencia-familiar-pide-justicia\/\">Seguir leyendo <span class=\"screen-reader-text\">Mujer v\u00edctima de violencia familiar pide justicia&nbsp;&nbsp;<\/span><\/a><\/p>\n","protected":false},"author":12,"featured_media":485439,"comment_status":"closed","ping_status":"open","sticky":false,"template":"","format":"standard","meta":{"rop_custom_images_group":[],"rop_custom_messages_group":[],"rop_publish_now":"initial","rop_publish_now_accounts":{"facebook_10159540855086992_322828327761733":""},"rop_publish_now_history":[],"rop_publish_now_status":"pending","footnotes":""},"categories":[178],"tags":[259],"class_list":["post-485443","post","type-post","status-publish","format-standard","has-post-thumbnail","hentry","category-policiaca","tag-policiaca","entry"],"_links":{"self":[{"href":"https:\/\/www.zunoticia.com\/noticias-de-hidalgo\/wp-json\/wp\/v2\/posts\/485443","targetHints":{"allow":["GET"]}}],"collection":[{"href":"https:\/\/www.zunoticia.com\/noticias-de-hidalgo\/wp-json\/wp\/v2\/posts"}],"about":[{"href":"https:\/\/www.zunoticia.com\/noticias-de-hidalgo\/wp-json\/wp\/v2\/types\/post"}],"author":[{"embeddable":true,"href":"https:\/\/www.zunoticia.com\/noticias-de-hidalgo\/wp-json\/wp\/v2\/users\/12"}],"replies":[{"embeddable":true,"href":"https:\/\/www.zunoticia.com\/noticias-de-hidalgo\/wp-json\/wp\/v2\/comments?post=485443"}],"version-history":[{"count":1,"href":"https:\/\/www.zunoticia.com\/noticias-de-hidalgo\/wp-json\/wp\/v2\/posts\/485443\/revisions"}],"predecessor-version":[{"id":485445,"href":"https:\/\/www.zunoticia.com\/noticias-de-hidalgo\/wp-json\/wp\/v2\/posts\/485443\/revisions\/485445"}],"wp:featuredmedia":[{"embeddable":true,"href":"https:\/\/www.zunoticia.com\/noticias-de-hidalgo\/wp-json\/wp\/v2\/media\/485439"}],"wp:attachment":[{"href":"https:\/\/www.zunoticia.com\/noticias-de-hidalgo\/wp-json\/wp\/v2\/media?parent=485443"}],"wp:term":[{"taxonomy":"category","embeddable":true,"href":"https:\/\/www.zunoticia.com\/noticias-de-hidalgo\/wp-json\/wp\/v2\/categories?post=485443"},{"taxonomy":"post_tag","embeddable":true,"href":"https:\/\/www.zunoticia.com\/noticias-de-hidalgo\/wp-json\/wp\/v2\/tags?post=485443"}],"curies":[{"name":"wp","href":"https:\/\/api.w.org\/{rel}","templated":true}]}}