{"id":485459,"date":"2023-06-07T21:26:16","date_gmt":"2023-06-08T03:26:16","guid":{"rendered":"https:\/\/www.zunoticia.com\/noticias-de-hidalgo\/?p=485459"},"modified":"2023-06-07T21:26:17","modified_gmt":"2023-06-08T03:26:17","slug":"camioneta-se-salio-de-carretera-en-la-sierra","status":"publish","type":"post","link":"https:\/\/www.zunoticia.com\/noticias-de-hidalgo\/2023\/06\/07\/camioneta-se-salio-de-carretera-en-la-sierra\/","title":{"rendered":"Camioneta se sali\u00f3 de carretera en la Sierra"},"content":{"rendered":"<aside class=\"mashsb-container mashsb-main mashsb-stretched\"><div class=\"mashsb-box\"><div class=\"mashsb-count mash-large\" style=\"float:left\"><div class=\"counts mashsbcount\">31<\/div><span class=\"mashsb-sharetext\">SHARES<\/span><\/div><div class=\"mashsb-buttons\"><a class=\"mashicon-facebook mash-large mash-center mashsb-noshadow\" href=\"https:\/\/www.facebook.com\/sharer.php?u=https%3A%2F%2Fwww.zunoticia.com%2Fnoticias-de-hidalgo%2F2023%2F06%2F07%2Fcamioneta-se-salio-de-carretera-en-la-sierra%2F\" target=\"_top\" rel=\"nofollow\"><span class=\"icon\"><\/span><span class=\"text\">Share<\/span><\/a><a class=\"mashicon-twitter mash-large mash-center mashsb-noshadow\" href=\"https:\/\/twitter.com\/intent\/tweet?text=&amp;url=https:\/\/www.zunoticia.com\/noticias-de-hidalgo\/2023\/06\/07\/camioneta-se-salio-de-carretera-en-la-sierra\/\" target=\"_top\" rel=\"nofollow\"><span class=\"icon\"><\/span><span class=\"text\">Tweet<\/span><\/a><div class=\"onoffswitch2 mash-large mashsb-noshadow\" style=\"display:none\"><\/div><\/div>\n            <\/div>\n                <div style=\"clear:both\"><\/div><div class=\"mashsb-toggle-container\"><\/div><\/aside>\n            <!-- Share buttons by mashshare.net - Version: 4.0.47-->\n<p><em>Por Francisco Rosas\/Zunoticia<\/em><\/p>\n\n\n\n<p><strong>Tlanchinol, Hgo.-<\/strong> La noche de este mi\u00e9rcoles, una camioneta que circulaba en la v\u00eda federal M\u00e9xico-Tampico, sufri\u00f3 una salida de camino, pero afortunadamente no hubo personas lesionadas, s\u00f3lo da\u00f1os materiales.<\/p>\n\n\n\n<p>El percance ocurri\u00f3 cerca de la localidad de Chalchocotipa, perteneciente a este municipio y de acuerdo con los datos recabados, en el sitio un veh\u00edculo de la marca Nissan de color rojo con placas del estado de M\u00e9xico, derrap\u00f3 en una curva y termin\u00f3 afuera de la carpeta asf\u00e1ltica.<\/p>\n\n\n\n<p>La unidad motora al parecer era conducida a exceso de velocidad, pero afortunadamente los tripulantes resultaron ilesos, informaron las autoridades polic\u00edacas de la sierra hidalguense que tomaron conocimiento de los hechos.<\/p>\n\n\n\n<p>Al no haber da\u00f1os a terceros, el veh\u00edculo fue rescatado con la ayuda de otra camioneta y de esta manera continu\u00f3 su trayecto con direcci\u00f3n a la ciudad de Huejutla.<\/p>\n","protected":false},"excerpt":{"rendered":"<p>Por Francisco Rosas\/Zunoticia Tlanchinol, Hgo.- La noche de este mi\u00e9rcoles, una camioneta que circulaba en la v\u00eda federal M\u00e9xico-Tampico, sufri\u00f3 una salida de camino, pero afortunadamente no hubo personas lesionadas, s\u00f3lo da\u00f1os materiales. El percance ocurri\u00f3 cerca de la localidad de Chalchocotipa, perteneciente a este municipio y de acuerdo con los datos recabados, en el&hellip; <a class=\"more-link\" href=\"https:\/\/www.zunoticia.com\/noticias-de-hidalgo\/2023\/06\/07\/camioneta-se-salio-de-carretera-en-la-sierra\/\">Seguir leyendo <span class=\"screen-reader-text\">Camioneta se sali\u00f3 de carretera en la Sierra<\/span><\/a><\/p>\n","protected":false},"author":12,"featured_media":485460,"comment_status":"closed","ping_status":"open","sticky":false,"template":"","format":"standard","meta":{"rop_custom_images_group":[],"rop_custom_messages_group":[],"rop_publish_now":"initial","rop_publish_now_accounts":{"facebook_10159540855086992_322828327761733":""},"rop_publish_now_history":[],"rop_publish_now_status":"pending","footnotes":""},"categories":[178],"tags":[259],"class_list":["post-485459","post","type-post","status-publish","format-standard","has-post-thumbnail","hentry","category-policiaca","tag-policiaca","entry"],"_links":{"self":[{"href":"https:\/\/www.zunoticia.com\/noticias-de-hidalgo\/wp-json\/wp\/v2\/posts\/485459","targetHints":{"allow":["GET"]}}],"collection":[{"href":"https:\/\/www.zunoticia.com\/noticias-de-hidalgo\/wp-json\/wp\/v2\/posts"}],"about":[{"href":"https:\/\/www.zunoticia.com\/noticias-de-hidalgo\/wp-json\/wp\/v2\/types\/post"}],"author":[{"embeddable":true,"href":"https:\/\/www.zunoticia.com\/noticias-de-hidalgo\/wp-json\/wp\/v2\/users\/12"}],"replies":[{"embeddable":true,"href":"https:\/\/www.zunoticia.com\/noticias-de-hidalgo\/wp-json\/wp\/v2\/comments?post=485459"}],"version-history":[{"count":1,"href":"https:\/\/www.zunoticia.com\/noticias-de-hidalgo\/wp-json\/wp\/v2\/posts\/485459\/revisions"}],"predecessor-version":[{"id":485461,"href":"https:\/\/www.zunoticia.com\/noticias-de-hidalgo\/wp-json\/wp\/v2\/posts\/485459\/revisions\/485461"}],"wp:featuredmedia":[{"embeddable":true,"href":"https:\/\/www.zunoticia.com\/noticias-de-hidalgo\/wp-json\/wp\/v2\/media\/485460"}],"wp:attachment":[{"href":"https:\/\/www.zunoticia.com\/noticias-de-hidalgo\/wp-json\/wp\/v2\/media?parent=485459"}],"wp:term":[{"taxonomy":"category","embeddable":true,"href":"https:\/\/www.zunoticia.com\/noticias-de-hidalgo\/wp-json\/wp\/v2\/categories?post=485459"},{"taxonomy":"post_tag","embeddable":true,"href":"https:\/\/www.zunoticia.com\/noticias-de-hidalgo\/wp-json\/wp\/v2\/tags?post=485459"}],"curies":[{"name":"wp","href":"https:\/\/api.w.org\/{rel}","templated":true}]}}