{"id":485462,"date":"2023-06-07T21:31:28","date_gmt":"2023-06-08T03:31:28","guid":{"rendered":"https:\/\/www.zunoticia.com\/noticias-de-hidalgo\/?p=485462"},"modified":"2023-06-07T21:31:29","modified_gmt":"2023-06-08T03:31:29","slug":"portales-del-centro-historico-se-caen-a-pedazos-locatarios","status":"publish","type":"post","link":"https:\/\/www.zunoticia.com\/noticias-de-hidalgo\/2023\/06\/07\/portales-del-centro-historico-se-caen-a-pedazos-locatarios\/","title":{"rendered":"Portales del Centro Hist\u00f3rico se caen a pedazos: Locatarios"},"content":{"rendered":"<aside class=\"mashsb-container mashsb-main mashsb-stretched\"><div class=\"mashsb-box\"><div class=\"mashsb-count mash-large\" style=\"float:left\"><div class=\"counts mashsbcount\">1<\/div><span class=\"mashsb-sharetext\">SHARES<\/span><\/div><div class=\"mashsb-buttons\"><a class=\"mashicon-facebook mash-large mash-center mashsb-noshadow\" href=\"https:\/\/www.facebook.com\/sharer.php?u=https%3A%2F%2Fwww.zunoticia.com%2Fnoticias-de-hidalgo%2F2023%2F06%2F07%2Fportales-del-centro-historico-se-caen-a-pedazos-locatarios%2F\" target=\"_top\" rel=\"nofollow\"><span class=\"icon\"><\/span><span class=\"text\">Share<\/span><\/a><a class=\"mashicon-twitter mash-large mash-center mashsb-noshadow\" href=\"https:\/\/twitter.com\/intent\/tweet?text=&amp;url=https:\/\/www.zunoticia.com\/noticias-de-hidalgo\/2023\/06\/07\/portales-del-centro-historico-se-caen-a-pedazos-locatarios\/\" target=\"_top\" rel=\"nofollow\"><span class=\"icon\"><\/span><span class=\"text\">Tweet<\/span><\/a><div class=\"onoffswitch2 mash-large mashsb-noshadow\" style=\"display:none\"><\/div><\/div>\n            <\/div>\n                <div style=\"clear:both\"><\/div><div class=\"mashsb-toggle-container\"><\/div><\/aside>\n            <!-- Share buttons by mashshare.net - Version: 4.0.47-->\n<p><em>Por Enedino Hern\u00e1ndez\/Zunoticia<\/em><\/p>\n\n\n\n<p><strong>Huejutla, Hgo.-<\/strong> Los portales del Centro Hist\u00f3rico de la ciudad presentan serios problemas en todos los lugares, destac\u00e1ndose que la ca\u00edda de las tejas es una de las situaciones que se presenta casi a diario, as\u00ed lo expone el representante de los Locatarios del Centro, Emanuel Hern\u00e1ndez.<\/p>\n\n\n\n<p>Dijo que claramente se puede observar que las tejas \u201cse est\u00e1n cayendo a pedazos\u201d se pueden ver frecuentemente las tejas en las calles; mientras que en algunos lugares ya no tienen tejas y se puede observar la pura madera.<\/p>\n\n\n\n<p>Detalla que, adem\u00e1s, las marquesinas de cemento poco a poco se est\u00e1n cayendo, y todo esto representa un riesgo para los automovilistas y para los peatones que transitan y caminan por las arterias, principales del Centro Hist\u00f3rico de Huejutla.<\/p>\n\n\n\n<p>Adelanta que como integrantes de los Locatarios del Centro de Huejutla proceder\u00e1n a realizar una serie de gestiones ante el gobierno del estado, a efecto de conocer la manera en qu\u00e9 se pudiera arreglar esta situaci\u00f3n que se observa en el Centro Hist\u00f3rico, o en su caso, permitir a los propietarios de los edificios la oportunidad de embellecer estos espacios de acuerdos a sus posibilidades.<\/p>\n\n\n\n<p>Emanuel Hern\u00e1ndez record\u00f3 que, los trabajos del Centro Hist\u00f3rico se realizaron en el 2010 y a 13 a\u00f1os de estas acciones hasta el momento no se le ha brindado el mantenimiento necesario y es por lo que se encuentra en estas condiciones.<\/p>\n","protected":false},"excerpt":{"rendered":"<p>Por Enedino Hern\u00e1ndez\/Zunoticia Huejutla, Hgo.- Los portales del Centro Hist\u00f3rico de la ciudad presentan serios problemas en todos los lugares, destac\u00e1ndose que la ca\u00edda de las tejas es una de las situaciones que se presenta casi a diario, as\u00ed lo expone el representante de los Locatarios del Centro, Emanuel Hern\u00e1ndez. Dijo que claramente se puede&hellip; <a class=\"more-link\" href=\"https:\/\/www.zunoticia.com\/noticias-de-hidalgo\/2023\/06\/07\/portales-del-centro-historico-se-caen-a-pedazos-locatarios\/\">Seguir leyendo <span class=\"screen-reader-text\">Portales del Centro Hist\u00f3rico se caen a pedazos: Locatarios<\/span><\/a><\/p>\n","protected":false},"author":12,"featured_media":485430,"comment_status":"closed","ping_status":"open","sticky":false,"template":"","format":"standard","meta":{"rop_custom_images_group":[],"rop_custom_messages_group":[],"rop_publish_now":"initial","rop_publish_now_accounts":{"facebook_10159540855086992_322828327761733":""},"rop_publish_now_history":[],"rop_publish_now_status":"pending","footnotes":""},"categories":[181],"tags":[121],"class_list":["post-485462","post","type-post","status-publish","format-standard","has-post-thumbnail","hentry","category-huejutla","tag-huejutla","entry"],"_links":{"self":[{"href":"https:\/\/www.zunoticia.com\/noticias-de-hidalgo\/wp-json\/wp\/v2\/posts\/485462","targetHints":{"allow":["GET"]}}],"collection":[{"href":"https:\/\/www.zunoticia.com\/noticias-de-hidalgo\/wp-json\/wp\/v2\/posts"}],"about":[{"href":"https:\/\/www.zunoticia.com\/noticias-de-hidalgo\/wp-json\/wp\/v2\/types\/post"}],"author":[{"embeddable":true,"href":"https:\/\/www.zunoticia.com\/noticias-de-hidalgo\/wp-json\/wp\/v2\/users\/12"}],"replies":[{"embeddable":true,"href":"https:\/\/www.zunoticia.com\/noticias-de-hidalgo\/wp-json\/wp\/v2\/comments?post=485462"}],"version-history":[{"count":1,"href":"https:\/\/www.zunoticia.com\/noticias-de-hidalgo\/wp-json\/wp\/v2\/posts\/485462\/revisions"}],"predecessor-version":[{"id":485464,"href":"https:\/\/www.zunoticia.com\/noticias-de-hidalgo\/wp-json\/wp\/v2\/posts\/485462\/revisions\/485464"}],"wp:featuredmedia":[{"embeddable":true,"href":"https:\/\/www.zunoticia.com\/noticias-de-hidalgo\/wp-json\/wp\/v2\/media\/485430"}],"wp:attachment":[{"href":"https:\/\/www.zunoticia.com\/noticias-de-hidalgo\/wp-json\/wp\/v2\/media?parent=485462"}],"wp:term":[{"taxonomy":"category","embeddable":true,"href":"https:\/\/www.zunoticia.com\/noticias-de-hidalgo\/wp-json\/wp\/v2\/categories?post=485462"},{"taxonomy":"post_tag","embeddable":true,"href":"https:\/\/www.zunoticia.com\/noticias-de-hidalgo\/wp-json\/wp\/v2\/tags?post=485462"}],"curies":[{"name":"wp","href":"https:\/\/api.w.org\/{rel}","templated":true}]}}