{"id":485463,"date":"2023-06-07T21:49:14","date_gmt":"2023-06-08T03:49:14","guid":{"rendered":"https:\/\/www.zunoticia.com\/noticias-de-hidalgo\/?p=485463"},"modified":"2023-06-07T21:49:15","modified_gmt":"2023-06-08T03:49:15","slug":"morena-definira-proceso-interno-de-eleccion-de-candidato-presidencial-fenal","status":"publish","type":"post","link":"https:\/\/www.zunoticia.com\/noticias-de-hidalgo\/2023\/06\/07\/morena-definira-proceso-interno-de-eleccion-de-candidato-presidencial-fenal\/","title":{"rendered":"Morena definir\u00e1 proceso interno de elecci\u00f3n de candidato Presidencial: FENAL"},"content":{"rendered":"<aside class=\"mashsb-container mashsb-main mashsb-stretched\"><div class=\"mashsb-box\"><div class=\"mashsb-count mash-large\" style=\"float:left\"><div class=\"counts mashsbcount\">6<\/div><span class=\"mashsb-sharetext\">SHARES<\/span><\/div><div class=\"mashsb-buttons\"><a class=\"mashicon-facebook mash-large mash-center mashsb-noshadow\" href=\"https:\/\/www.facebook.com\/sharer.php?u=https%3A%2F%2Fwww.zunoticia.com%2Fnoticias-de-hidalgo%2F2023%2F06%2F07%2Fmorena-definira-proceso-interno-de-eleccion-de-candidato-presidencial-fenal%2F\" target=\"_top\" rel=\"nofollow\"><span class=\"icon\"><\/span><span class=\"text\">Share<\/span><\/a><a class=\"mashicon-twitter mash-large mash-center mashsb-noshadow\" href=\"https:\/\/twitter.com\/intent\/tweet?text=&amp;url=https:\/\/www.zunoticia.com\/noticias-de-hidalgo\/2023\/06\/07\/morena-definira-proceso-interno-de-eleccion-de-candidato-presidencial-fenal\/\" target=\"_top\" rel=\"nofollow\"><span class=\"icon\"><\/span><span class=\"text\">Tweet<\/span><\/a><div class=\"onoffswitch2 mash-large mashsb-noshadow\" style=\"display:none\"><\/div><\/div>\n            <\/div>\n                <div style=\"clear:both\"><\/div><div class=\"mashsb-toggle-container\"><\/div><\/aside>\n            <!-- Share buttons by mashshare.net - Version: 4.0.47-->\n<p><em>Por Enedino Hern\u00e1ndez\/Zunoticia<\/em><\/p>\n\n\n\n<p><strong>Huejutla, Hgo.-<\/strong> El licenciado Ejemer Aquileo Vargas S\u00e1enz, dirigente de la Federaci\u00f3n Nacional de Abogados Liberales (FENAL) y representante de la Organizaci\u00f3n \u201cFuerza Marcelo\u201d en Sierra y Huasteca de Hidalgo, confirma que durante este fin de semana el Movimiento de Regeneraci\u00f3n Nacional (Morena) definir\u00e1 los lineamientos para la selecci\u00f3n interna del candidato Presidencial que participar\u00e1 en las elecciones federales del 2024, sobre todo que, con el proceso interno del partido se busca garantizar la unidad y que todo sea de manera transparente.<\/p>\n\n\n\n<p>Explica que, el domingo 11 de junio el Consejo General de Morena sesionar\u00e1 para dar a conocer los lineamientos correspondientes para la elecci\u00f3n interna del candidato que participar\u00e1 en las elecciones federales del 2024.<\/p>\n\n\n\n<p>Dijo que, al momento se sabe que se tienen a 5 ciudadanos interesados en participar en el proceso interno para la elecci\u00f3n del candidato, y se espera que una vez que se elija, se mantenga la unidad correspondiente.<\/p>\n\n\n\n<p>Abunda que, los cinco aspirantes a candidatos son: Marcelo Ebrad, Claudia Sheinbaum, Ad\u00e1n Augusto, Ricardo Monreal y Manuel Velasco.<\/p>\n\n\n\n<p>Concluye que, la FENAL y Fuerza Marcelo en Sierra y Huasteca respaldan la propuesta de Marcelo Ebrad porque es quien dar\u00e1 continuidad a la Cuarta Transformaci\u00f3n en M\u00e9xico, por lo que pidi\u00f3 a la poblaci\u00f3n en general mantenerse en unidad.<\/p>\n","protected":false},"excerpt":{"rendered":"<p>Por Enedino Hern\u00e1ndez\/Zunoticia Huejutla, Hgo.- El licenciado Ejemer Aquileo Vargas S\u00e1enz, dirigente de la Federaci\u00f3n Nacional de Abogados Liberales (FENAL) y representante de la Organizaci\u00f3n \u201cFuerza Marcelo\u201d en Sierra y Huasteca de Hidalgo, confirma que durante este fin de semana el Movimiento de Regeneraci\u00f3n Nacional (Morena) definir\u00e1 los lineamientos para la selecci\u00f3n interna del candidato&hellip; <a class=\"more-link\" href=\"https:\/\/www.zunoticia.com\/noticias-de-hidalgo\/2023\/06\/07\/morena-definira-proceso-interno-de-eleccion-de-candidato-presidencial-fenal\/\">Seguir leyendo <span class=\"screen-reader-text\">Morena definir\u00e1 proceso interno de elecci\u00f3n de candidato Presidencial: FENAL<\/span><\/a><\/p>\n","protected":false},"author":12,"featured_media":485428,"comment_status":"closed","ping_status":"open","sticky":false,"template":"","format":"standard","meta":{"rop_custom_images_group":[],"rop_custom_messages_group":[],"rop_publish_now":"initial","rop_publish_now_accounts":{"facebook_10159540855086992_322828327761733":""},"rop_publish_now_history":[],"rop_publish_now_status":"pending","footnotes":""},"categories":[181],"tags":[121],"class_list":["post-485463","post","type-post","status-publish","format-standard","has-post-thumbnail","hentry","category-huejutla","tag-huejutla","entry"],"_links":{"self":[{"href":"https:\/\/www.zunoticia.com\/noticias-de-hidalgo\/wp-json\/wp\/v2\/posts\/485463","targetHints":{"allow":["GET"]}}],"collection":[{"href":"https:\/\/www.zunoticia.com\/noticias-de-hidalgo\/wp-json\/wp\/v2\/posts"}],"about":[{"href":"https:\/\/www.zunoticia.com\/noticias-de-hidalgo\/wp-json\/wp\/v2\/types\/post"}],"author":[{"embeddable":true,"href":"https:\/\/www.zunoticia.com\/noticias-de-hidalgo\/wp-json\/wp\/v2\/users\/12"}],"replies":[{"embeddable":true,"href":"https:\/\/www.zunoticia.com\/noticias-de-hidalgo\/wp-json\/wp\/v2\/comments?post=485463"}],"version-history":[{"count":1,"href":"https:\/\/www.zunoticia.com\/noticias-de-hidalgo\/wp-json\/wp\/v2\/posts\/485463\/revisions"}],"predecessor-version":[{"id":485473,"href":"https:\/\/www.zunoticia.com\/noticias-de-hidalgo\/wp-json\/wp\/v2\/posts\/485463\/revisions\/485473"}],"wp:featuredmedia":[{"embeddable":true,"href":"https:\/\/www.zunoticia.com\/noticias-de-hidalgo\/wp-json\/wp\/v2\/media\/485428"}],"wp:attachment":[{"href":"https:\/\/www.zunoticia.com\/noticias-de-hidalgo\/wp-json\/wp\/v2\/media?parent=485463"}],"wp:term":[{"taxonomy":"category","embeddable":true,"href":"https:\/\/www.zunoticia.com\/noticias-de-hidalgo\/wp-json\/wp\/v2\/categories?post=485463"},{"taxonomy":"post_tag","embeddable":true,"href":"https:\/\/www.zunoticia.com\/noticias-de-hidalgo\/wp-json\/wp\/v2\/tags?post=485463"}],"curies":[{"name":"wp","href":"https:\/\/api.w.org\/{rel}","templated":true}]}}