{"id":485475,"date":"2023-06-07T21:53:52","date_gmt":"2023-06-08T03:53:52","guid":{"rendered":"https:\/\/www.zunoticia.com\/noticias-de-hidalgo\/?p=485475"},"modified":"2023-06-07T21:53:53","modified_gmt":"2023-06-08T03:53:53","slug":"la-dspytm-participo-en-jornadas-de-capacitacion","status":"publish","type":"post","link":"https:\/\/www.zunoticia.com\/noticias-de-hidalgo\/2023\/06\/07\/la-dspytm-participo-en-jornadas-de-capacitacion\/","title":{"rendered":"La DSPYTM particip\u00f3 en jornadas de capacitaci\u00f3n"},"content":{"rendered":"<aside class=\"mashsb-container mashsb-main mashsb-stretched\"><div class=\"mashsb-box\"><div class=\"mashsb-count mash-large\" style=\"float:left\"><div class=\"counts mashsbcount\">0<\/div><span class=\"mashsb-sharetext\">SHARES<\/span><\/div><div class=\"mashsb-buttons\"><a class=\"mashicon-facebook mash-large mash-center mashsb-noshadow\" href=\"https:\/\/www.facebook.com\/sharer.php?u=https%3A%2F%2Fwww.zunoticia.com%2Fnoticias-de-hidalgo%2F2023%2F06%2F07%2Fla-dspytm-participo-en-jornadas-de-capacitacion%2F\" target=\"_top\" rel=\"nofollow\"><span class=\"icon\"><\/span><span class=\"text\">Share<\/span><\/a><a class=\"mashicon-twitter mash-large mash-center mashsb-noshadow\" href=\"https:\/\/twitter.com\/intent\/tweet?text=&amp;url=https:\/\/www.zunoticia.com\/noticias-de-hidalgo\/2023\/06\/07\/la-dspytm-participo-en-jornadas-de-capacitacion\/\" target=\"_top\" rel=\"nofollow\"><span class=\"icon\"><\/span><span class=\"text\">Tweet<\/span><\/a><div class=\"onoffswitch2 mash-large mashsb-noshadow\" style=\"display:none\"><\/div><\/div>\n            <\/div>\n                <div style=\"clear:both\"><\/div><div class=\"mashsb-toggle-container\"><\/div><\/aside>\n            <!-- Share buttons by mashshare.net - Version: 4.0.47-->\n<p><em>Por Karen Rivera\/Zunoticia<\/em><\/p>\n\n\n\n<p><strong>Huejutla de Reyes, Hgo.-<\/strong> Elementos de la Direcci\u00f3n de Seguridad P\u00fablica y Tr\u00e1nsito Municipal, participan en las Jornadas de Capacitaci\u00f3n que en materia de Seguridad y Actuaci\u00f3n Policial, evento que fue coordinado por la Procuradur\u00eda General de Justicia del Estado y la Polic\u00eda Industrial Bancaria de Hidalgo.<\/p>\n\n\n\n<p>Este curso se llev\u00f3 a cabo en la sala audiovisual del Instituto Tecnol\u00f3gico Nacional de M\u00e9xico, capacitaci\u00f3n que tendr\u00e1 una duraci\u00f3n de 5 d\u00edas, teniendo como finalidad fortalecer el conocimiento de los participantes en materia de primer respondiente.<\/p>\n\n\n\n<p>La actividad fue inaugurada por el Maestro Francisco Mart\u00ednez G\u00f3mez, Director de la Polic\u00eda Industrial Bancaria, adem\u00e1s de polic\u00edas municipales, la Secretar\u00eda de Seguridad P\u00fablica del Estado, y tambi\u00e9n se cont\u00f3 con la participaci\u00f3n de elementos polic\u00edacos de Chalma, Veracruz.<\/p>\n\n\n\n<p>Cabe se\u00f1alar que dicha capacidad ser\u00e1 de utilidad para el desempe\u00f1o de los guardianes del orden, quienes al momento de acudir al lugar de los hechos podr\u00e1n tomar conocimiento como primer respondiente y llenar la papeler\u00eda de manera adecuada.<\/p>\n","protected":false},"excerpt":{"rendered":"<p>Por Karen Rivera\/Zunoticia Huejutla de Reyes, Hgo.- Elementos de la Direcci\u00f3n de Seguridad P\u00fablica y Tr\u00e1nsito Municipal, participan en las Jornadas de Capacitaci\u00f3n que en materia de Seguridad y Actuaci\u00f3n Policial, evento que fue coordinado por la Procuradur\u00eda General de Justicia del Estado y la Polic\u00eda Industrial Bancaria de Hidalgo. Este curso se llev\u00f3 a&hellip; <a class=\"more-link\" href=\"https:\/\/www.zunoticia.com\/noticias-de-hidalgo\/2023\/06\/07\/la-dspytm-participo-en-jornadas-de-capacitacion\/\">Seguir leyendo <span class=\"screen-reader-text\">La DSPYTM particip\u00f3 en jornadas de capacitaci\u00f3n<\/span><\/a><\/p>\n","protected":false},"author":12,"featured_media":485426,"comment_status":"closed","ping_status":"open","sticky":false,"template":"","format":"standard","meta":{"rop_custom_images_group":[],"rop_custom_messages_group":[],"rop_publish_now":"initial","rop_publish_now_accounts":{"facebook_10159540855086992_322828327761733":""},"rop_publish_now_history":[],"rop_publish_now_status":"pending","footnotes":""},"categories":[181],"tags":[121],"class_list":["post-485475","post","type-post","status-publish","format-standard","has-post-thumbnail","hentry","category-huejutla","tag-huejutla","entry"],"_links":{"self":[{"href":"https:\/\/www.zunoticia.com\/noticias-de-hidalgo\/wp-json\/wp\/v2\/posts\/485475","targetHints":{"allow":["GET"]}}],"collection":[{"href":"https:\/\/www.zunoticia.com\/noticias-de-hidalgo\/wp-json\/wp\/v2\/posts"}],"about":[{"href":"https:\/\/www.zunoticia.com\/noticias-de-hidalgo\/wp-json\/wp\/v2\/types\/post"}],"author":[{"embeddable":true,"href":"https:\/\/www.zunoticia.com\/noticias-de-hidalgo\/wp-json\/wp\/v2\/users\/12"}],"replies":[{"embeddable":true,"href":"https:\/\/www.zunoticia.com\/noticias-de-hidalgo\/wp-json\/wp\/v2\/comments?post=485475"}],"version-history":[{"count":1,"href":"https:\/\/www.zunoticia.com\/noticias-de-hidalgo\/wp-json\/wp\/v2\/posts\/485475\/revisions"}],"predecessor-version":[{"id":485476,"href":"https:\/\/www.zunoticia.com\/noticias-de-hidalgo\/wp-json\/wp\/v2\/posts\/485475\/revisions\/485476"}],"wp:featuredmedia":[{"embeddable":true,"href":"https:\/\/www.zunoticia.com\/noticias-de-hidalgo\/wp-json\/wp\/v2\/media\/485426"}],"wp:attachment":[{"href":"https:\/\/www.zunoticia.com\/noticias-de-hidalgo\/wp-json\/wp\/v2\/media?parent=485475"}],"wp:term":[{"taxonomy":"category","embeddable":true,"href":"https:\/\/www.zunoticia.com\/noticias-de-hidalgo\/wp-json\/wp\/v2\/categories?post=485475"},{"taxonomy":"post_tag","embeddable":true,"href":"https:\/\/www.zunoticia.com\/noticias-de-hidalgo\/wp-json\/wp\/v2\/tags?post=485475"}],"curies":[{"name":"wp","href":"https:\/\/api.w.org\/{rel}","templated":true}]}}