{"id":485479,"date":"2023-06-07T22:06:04","date_gmt":"2023-06-08T04:06:04","guid":{"rendered":"https:\/\/www.zunoticia.com\/noticias-de-hidalgo\/?p=485479"},"modified":"2023-06-07T22:06:06","modified_gmt":"2023-06-08T04:06:06","slug":"reencarpetaran-bulevar-adolfo-lopez-mateos","status":"publish","type":"post","link":"https:\/\/www.zunoticia.com\/noticias-de-hidalgo\/2023\/06\/07\/reencarpetaran-bulevar-adolfo-lopez-mateos\/","title":{"rendered":"Reencarpetar\u00e1n bulevar Adolfo L\u00f3pez Mateos"},"content":{"rendered":"<aside class=\"mashsb-container mashsb-main mashsb-stretched\"><div class=\"mashsb-box\"><div class=\"mashsb-count mash-large\" style=\"float:left\"><div class=\"counts mashsbcount\">10<\/div><span class=\"mashsb-sharetext\">SHARES<\/span><\/div><div class=\"mashsb-buttons\"><a class=\"mashicon-facebook mash-large mash-center mashsb-noshadow\" href=\"https:\/\/www.facebook.com\/sharer.php?u=https%3A%2F%2Fwww.zunoticia.com%2Fnoticias-de-hidalgo%2F2023%2F06%2F07%2Freencarpetaran-bulevar-adolfo-lopez-mateos%2F\" target=\"_top\" rel=\"nofollow\"><span class=\"icon\"><\/span><span class=\"text\">Share<\/span><\/a><a class=\"mashicon-twitter mash-large mash-center mashsb-noshadow\" href=\"https:\/\/twitter.com\/intent\/tweet?text=&amp;url=https:\/\/www.zunoticia.com\/noticias-de-hidalgo\/2023\/06\/07\/reencarpetaran-bulevar-adolfo-lopez-mateos\/\" target=\"_top\" rel=\"nofollow\"><span class=\"icon\"><\/span><span class=\"text\">Tweet<\/span><\/a><div class=\"onoffswitch2 mash-large mashsb-noshadow\" style=\"display:none\"><\/div><\/div>\n            <\/div>\n                <div style=\"clear:both\"><\/div><div class=\"mashsb-toggle-container\"><\/div><\/aside>\n            <!-- Share buttons by mashshare.net - Version: 4.0.47-->\n<ul class=\"wp-block-list\">\n<li>Daniel Andrade Zurutuza, anunci\u00f3 que los trabajos iniciar\u00e1n en el Sal\u00f3n \u201cPaso La Puerta\u201d y concluir\u00e1n a la altura del CBTa No. 5.<\/li>\n<\/ul>\n\n\n\n<p><em>Por Redacci\u00f3n\/Zunoticia<\/em><\/p>\n\n\n\n<p><strong>Huejutla, Hgo.-<\/strong> El presidente municipal Daniel Andrade Zurutuza hizo un importante anuncio a la poblaci\u00f3n a trav\u00e9s de algunos medios locales y a trav\u00e9s de sus redes sociales, as\u00ed como las de la presidencia municipal de Huejutla.<\/p>\n\n\n\n<p>El mandatario municipal inform\u00f3 que este a\u00f1o se va a hacer realidad diversas obras que tanta falta hacen a las y los huejutlenses.<\/p>\n\n\n\n<figure class=\"wp-block-image size-large\"><img fetchpriority=\"high\" decoding=\"async\" width=\"1024\" height=\"682\" src=\"https:\/\/www.zunoticia.com\/noticias-de-hidalgo\/wp-content\/uploads\/2023\/06\/eZy-Watermark-07-06-2023-08-05-55-8160p.m.-1024x682.jpg\" alt=\"\" class=\"wp-image-485418\" srcset=\"https:\/\/www.zunoticia.com\/noticias-de-hidalgo\/wp-content\/uploads\/2023\/06\/eZy-Watermark-07-06-2023-08-05-55-8160p.m.-1024x682.jpg 1024w, https:\/\/www.zunoticia.com\/noticias-de-hidalgo\/wp-content\/uploads\/2023\/06\/eZy-Watermark-07-06-2023-08-05-55-8160p.m.-300x200.jpg 300w, https:\/\/www.zunoticia.com\/noticias-de-hidalgo\/wp-content\/uploads\/2023\/06\/eZy-Watermark-07-06-2023-08-05-55-8160p.m.-768x512.jpg 768w, https:\/\/www.zunoticia.com\/noticias-de-hidalgo\/wp-content\/uploads\/2023\/06\/eZy-Watermark-07-06-2023-08-05-55-8160p.m.-1536x1023.jpg 1536w, https:\/\/www.zunoticia.com\/noticias-de-hidalgo\/wp-content\/uploads\/2023\/06\/eZy-Watermark-07-06-2023-08-05-55-8160p.m.-1568x1045.jpg 1568w, https:\/\/www.zunoticia.com\/noticias-de-hidalgo\/wp-content\/uploads\/2023\/06\/eZy-Watermark-07-06-2023-08-05-55-8160p.m..jpg 1600w\" sizes=\"(max-width: 1024px) 100vw, 1024px\" \/><\/figure>\n\n\n\n<p>&nbsp;Una de ellas, dijo, es el reencarpetamiento del bulevar Adolfo L\u00f3pez Mateos (hasta la altura del CBTA 5).<\/p>\n\n\n\n<p>Cabe mencionar que las y los ciudadanos hab\u00edan solicitado la reparaci\u00f3n de esta v\u00eda y el alcalde desde el inicio de su administraci\u00f3n dio prioridad este tema, por lo que ha acudido a gestionar recursos en los dos \u00f3rganos de gobierno superiores, as\u00ed como en el congreso estatal, federal y en el senado de la rep\u00fablica.<\/p>\n\n\n\n<figure class=\"wp-block-image size-large\"><img decoding=\"async\" width=\"1024\" height=\"682\" src=\"https:\/\/www.zunoticia.com\/noticias-de-hidalgo\/wp-content\/uploads\/2023\/06\/eZy-Watermark-07-06-2023-08-05-10-5030p.m.-1024x682.jpg\" alt=\"\" class=\"wp-image-485420\" srcset=\"https:\/\/www.zunoticia.com\/noticias-de-hidalgo\/wp-content\/uploads\/2023\/06\/eZy-Watermark-07-06-2023-08-05-10-5030p.m.-1024x682.jpg 1024w, https:\/\/www.zunoticia.com\/noticias-de-hidalgo\/wp-content\/uploads\/2023\/06\/eZy-Watermark-07-06-2023-08-05-10-5030p.m.-300x200.jpg 300w, https:\/\/www.zunoticia.com\/noticias-de-hidalgo\/wp-content\/uploads\/2023\/06\/eZy-Watermark-07-06-2023-08-05-10-5030p.m.-768x512.jpg 768w, https:\/\/www.zunoticia.com\/noticias-de-hidalgo\/wp-content\/uploads\/2023\/06\/eZy-Watermark-07-06-2023-08-05-10-5030p.m.-1536x1023.jpg 1536w, https:\/\/www.zunoticia.com\/noticias-de-hidalgo\/wp-content\/uploads\/2023\/06\/eZy-Watermark-07-06-2023-08-05-10-5030p.m.-1568x1045.jpg 1568w, https:\/\/www.zunoticia.com\/noticias-de-hidalgo\/wp-content\/uploads\/2023\/06\/eZy-Watermark-07-06-2023-08-05-10-5030p.m..jpg 1600w\" sizes=\"(max-width: 1024px) 100vw, 1024px\" \/><\/figure>\n\n\n\n<p>Por lo anterior, Daniel Andrade Zurutuza, el mi\u00e9rcoles por la ma\u00f1ana, recorri\u00f3 nuevamente dichas vialidades en compa\u00f1\u00eda de personal de Obras P\u00fablicas, a quienes ha solicitado seguimiento puntual a estas obras importantes del ejercicio fiscal.<\/p>\n\n\n\n<p>De igual manera, anunci\u00f3 que, en las colonias Magisterial, Las Am\u00e9ricas, Jeric\u00f3 y Cerecedo Estrada, as\u00ed como en la localidad de Comaltepec, se van a realizar la construcci\u00f3n de pavimentaci\u00f3n de calles; y en Los Robles un dren pluvial.<\/p>\n\n\n\n<figure class=\"wp-block-image size-large\"><img decoding=\"async\" width=\"1024\" height=\"682\" src=\"https:\/\/www.zunoticia.com\/noticias-de-hidalgo\/wp-content\/uploads\/2023\/06\/eZy-Watermark-07-06-2023-08-05-30-2650p.m.-1024x682.jpg\" alt=\"\" class=\"wp-image-485419\" srcset=\"https:\/\/www.zunoticia.com\/noticias-de-hidalgo\/wp-content\/uploads\/2023\/06\/eZy-Watermark-07-06-2023-08-05-30-2650p.m.-1024x682.jpg 1024w, https:\/\/www.zunoticia.com\/noticias-de-hidalgo\/wp-content\/uploads\/2023\/06\/eZy-Watermark-07-06-2023-08-05-30-2650p.m.-300x200.jpg 300w, https:\/\/www.zunoticia.com\/noticias-de-hidalgo\/wp-content\/uploads\/2023\/06\/eZy-Watermark-07-06-2023-08-05-30-2650p.m.-768x512.jpg 768w, https:\/\/www.zunoticia.com\/noticias-de-hidalgo\/wp-content\/uploads\/2023\/06\/eZy-Watermark-07-06-2023-08-05-30-2650p.m.-1536x1023.jpg 1536w, https:\/\/www.zunoticia.com\/noticias-de-hidalgo\/wp-content\/uploads\/2023\/06\/eZy-Watermark-07-06-2023-08-05-30-2650p.m.-1568x1045.jpg 1568w, https:\/\/www.zunoticia.com\/noticias-de-hidalgo\/wp-content\/uploads\/2023\/06\/eZy-Watermark-07-06-2023-08-05-30-2650p.m..jpg 1600w\" sizes=\"(max-width: 1024px) 100vw, 1024px\" \/><\/figure>\n\n\n\n<p>&#8220;Con el manejo transparente y eficaz del recurso p\u00fablico, avanzamos en la construcci\u00f3n del Huejutla del ma\u00f1ana&#8221;, concluy\u00f3 el presidente&nbsp;municipal.<\/p>\n","protected":false},"excerpt":{"rendered":"<p>Por Redacci\u00f3n\/Zunoticia Huejutla, Hgo.- El presidente municipal Daniel Andrade Zurutuza hizo un importante anuncio a la poblaci\u00f3n a trav\u00e9s de algunos medios locales y a trav\u00e9s de sus redes sociales, as\u00ed como las de la presidencia municipal de Huejutla. El mandatario municipal inform\u00f3 que este a\u00f1o se va a hacer realidad diversas obras que tanta&hellip; <a class=\"more-link\" href=\"https:\/\/www.zunoticia.com\/noticias-de-hidalgo\/2023\/06\/07\/reencarpetaran-bulevar-adolfo-lopez-mateos\/\">Seguir leyendo <span class=\"screen-reader-text\">Reencarpetar\u00e1n bulevar Adolfo L\u00f3pez Mateos<\/span><\/a><\/p>\n","protected":false},"author":12,"featured_media":485417,"comment_status":"closed","ping_status":"open","sticky":false,"template":"","format":"standard","meta":{"rop_custom_images_group":[],"rop_custom_messages_group":[],"rop_publish_now":"initial","rop_publish_now_accounts":{"facebook_10159540855086992_322828327761733":""},"rop_publish_now_history":[],"rop_publish_now_status":"pending","footnotes":""},"categories":[181],"tags":[121],"class_list":["post-485479","post","type-post","status-publish","format-standard","has-post-thumbnail","hentry","category-huejutla","tag-huejutla","entry"],"_links":{"self":[{"href":"https:\/\/www.zunoticia.com\/noticias-de-hidalgo\/wp-json\/wp\/v2\/posts\/485479","targetHints":{"allow":["GET"]}}],"collection":[{"href":"https:\/\/www.zunoticia.com\/noticias-de-hidalgo\/wp-json\/wp\/v2\/posts"}],"about":[{"href":"https:\/\/www.zunoticia.com\/noticias-de-hidalgo\/wp-json\/wp\/v2\/types\/post"}],"author":[{"embeddable":true,"href":"https:\/\/www.zunoticia.com\/noticias-de-hidalgo\/wp-json\/wp\/v2\/users\/12"}],"replies":[{"embeddable":true,"href":"https:\/\/www.zunoticia.com\/noticias-de-hidalgo\/wp-json\/wp\/v2\/comments?post=485479"}],"version-history":[{"count":1,"href":"https:\/\/www.zunoticia.com\/noticias-de-hidalgo\/wp-json\/wp\/v2\/posts\/485479\/revisions"}],"predecessor-version":[{"id":485482,"href":"https:\/\/www.zunoticia.com\/noticias-de-hidalgo\/wp-json\/wp\/v2\/posts\/485479\/revisions\/485482"}],"wp:featuredmedia":[{"embeddable":true,"href":"https:\/\/www.zunoticia.com\/noticias-de-hidalgo\/wp-json\/wp\/v2\/media\/485417"}],"wp:attachment":[{"href":"https:\/\/www.zunoticia.com\/noticias-de-hidalgo\/wp-json\/wp\/v2\/media?parent=485479"}],"wp:term":[{"taxonomy":"category","embeddable":true,"href":"https:\/\/www.zunoticia.com\/noticias-de-hidalgo\/wp-json\/wp\/v2\/categories?post=485479"},{"taxonomy":"post_tag","embeddable":true,"href":"https:\/\/www.zunoticia.com\/noticias-de-hidalgo\/wp-json\/wp\/v2\/tags?post=485479"}],"curies":[{"name":"wp","href":"https:\/\/api.w.org\/{rel}","templated":true}]}}