{"id":485492,"date":"2023-06-07T22:51:43","date_gmt":"2023-06-08T04:51:43","guid":{"rendered":"https:\/\/www.zunoticia.com\/noticias-de-hidalgo\/?p=485492"},"modified":"2023-06-07T22:51:44","modified_gmt":"2023-06-08T04:51:44","slug":"gobierno-de-hidalgo-a-favor-de-la-proteccion-del-patrimonio-cultural","status":"publish","type":"post","link":"https:\/\/www.zunoticia.com\/noticias-de-hidalgo\/2023\/06\/07\/gobierno-de-hidalgo-a-favor-de-la-proteccion-del-patrimonio-cultural\/","title":{"rendered":"Gobierno de Hidalgo, a favor de la protecci\u00f3n del patrimonio cultural"},"content":{"rendered":"<aside class=\"mashsb-container mashsb-main mashsb-stretched\"><div class=\"mashsb-box\"><div class=\"mashsb-count mash-large\" style=\"float:left\"><div class=\"counts mashsbcount\">3<\/div><span class=\"mashsb-sharetext\">SHARES<\/span><\/div><div class=\"mashsb-buttons\"><a class=\"mashicon-facebook mash-large mash-center mashsb-noshadow\" href=\"https:\/\/www.facebook.com\/sharer.php?u=https%3A%2F%2Fwww.zunoticia.com%2Fnoticias-de-hidalgo%2F2023%2F06%2F07%2Fgobierno-de-hidalgo-a-favor-de-la-proteccion-del-patrimonio-cultural%2F\" target=\"_top\" rel=\"nofollow\"><span class=\"icon\"><\/span><span class=\"text\">Share<\/span><\/a><a class=\"mashicon-twitter mash-large mash-center mashsb-noshadow\" href=\"https:\/\/twitter.com\/intent\/tweet?text=&amp;url=https:\/\/www.zunoticia.com\/noticias-de-hidalgo\/2023\/06\/07\/gobierno-de-hidalgo-a-favor-de-la-proteccion-del-patrimonio-cultural\/\" target=\"_top\" rel=\"nofollow\"><span class=\"icon\"><\/span><span class=\"text\">Tweet<\/span><\/a><div class=\"onoffswitch2 mash-large mashsb-noshadow\" style=\"display:none\"><\/div><\/div>\n            <\/div>\n                <div style=\"clear:both\"><\/div><div class=\"mashsb-toggle-container\"><\/div><\/aside>\n            <!-- Share buttons by mashshare.net - Version: 4.0.47-->\n<ul class=\"wp-block-list\">\n<li>Funcionarios estatales atendieron a la comunidad artesanal del Valle del Mezquital.<\/li>\n\n\n\n<li>Respeto al patrimonio cultural y el trabajo artesanal ind\u00edgena es prioridad para la administraci\u00f3n de JMS.<\/li>\n<\/ul>\n\n\n\n<p><em>Por Redacci\u00f3n\/Zunoticia<\/em><\/p>\n\n\n\n<p><strong>Pachuca, Hgo<\/strong>.- Con el objetivo de establecer las bases de acuerdos en favor de la cultura del pueblo h\u00f1\u00e4h\u00f1\u00fa-otom\u00ed, artesanas y artesanos de la regi\u00f3n del Valle del Mezquital se reunieron en Ixmiquilpan con representantes de diversas dependencias del gobierno de Hidalgo, entre ellas la Comisi\u00f3n Estatal para el Desarrollo Sostenible de los Pueblos Ind\u00edgenas (CEDSPI).<\/p>\n\n\n\n<p>A trav\u00e9s de una mesa de di\u00e1logo, se busc\u00f3 en conjunto una resoluci\u00f3n a la controversia surgida por el registro de marca de la mu\u00f1eca \u201cNxutsi\u201d y el uso de iconograf\u00eda propia de los pueblos ind\u00edgenas, lo cual fue considerado por las y los artesanos como una apropiaci\u00f3n cultural indebida.<\/p>\n\n\n\n<figure class=\"wp-block-image size-large\"><img fetchpriority=\"high\" decoding=\"async\" width=\"1024\" height=\"678\" src=\"https:\/\/www.zunoticia.com\/noticias-de-hidalgo\/wp-content\/uploads\/2023\/06\/eZy-Watermark-07-06-2023-10-47-36-9230p.m.-1024x678.jpg\" alt=\"\" class=\"wp-image-485495\" srcset=\"https:\/\/www.zunoticia.com\/noticias-de-hidalgo\/wp-content\/uploads\/2023\/06\/eZy-Watermark-07-06-2023-10-47-36-9230p.m.-1024x678.jpg 1024w, https:\/\/www.zunoticia.com\/noticias-de-hidalgo\/wp-content\/uploads\/2023\/06\/eZy-Watermark-07-06-2023-10-47-36-9230p.m.-300x199.jpg 300w, https:\/\/www.zunoticia.com\/noticias-de-hidalgo\/wp-content\/uploads\/2023\/06\/eZy-Watermark-07-06-2023-10-47-36-9230p.m.-768x509.jpg 768w, https:\/\/www.zunoticia.com\/noticias-de-hidalgo\/wp-content\/uploads\/2023\/06\/eZy-Watermark-07-06-2023-10-47-36-9230p.m..jpg 1279w\" sizes=\"(max-width: 1024px) 100vw, 1024px\" \/><\/figure>\n\n\n\n<p>En ese tenor, el Comisionado de Pueblos Ind\u00edgenas, Prisco Manuel Guti\u00e9rrez, se\u00f1al\u00f3: \u201cLa cultura no se vende. Estas decisiones son con ustedes, es con el pueblo; y tambi\u00e9n estamos de acuerdo en llevar a cabo el procedimiento de nulidad o de desistimiento de los registros que se han hecho ante el Instituto Mexicano de la Propiedad Industrial\u201d, declar\u00f3 el Comisionado.<\/p>\n\n\n\n<p>El servidor p\u00fablico a\u00f1adi\u00f3 que la actual administraci\u00f3n estatal ha hecho propio el asunto de la preservaci\u00f3n del patrimonio cultural y asegur\u00f3 que la instrucci\u00f3n del gobernador, Julio Menchaca Salazar, es promover pol\u00edticas y espacios que respeten la cosmovisi\u00f3n, la identidad, las lenguas originarias y la cultura de la regi\u00f3n.<\/p>\n\n\n\n<p>Durante la reuni\u00f3n, se permiti\u00f3 que los asistentes expresaran de manera libre sus inquietudes, entre las cuales destac\u00f3 la necesidad de impulsar una iniciativa en colaboraci\u00f3n con los representantes del Congreso del Estado para proteger el patrimonio cultural y el trabajo artesanal ind\u00edgena.<\/p>\n\n\n\n<p>Quienes acudieron a este encuentro pidieron ser tomados en cuenta para acceder a programas sociales y beneficios gubernamentales. Asimismo, en este ejercicio de participaci\u00f3n enfatizaron que requieren apoyos para la producci\u00f3n artesanal y la gesti\u00f3n de espacios que impulsen su comercializaci\u00f3n.<\/p>\n\n\n\n<p>Tras un recuento de los avances en la cancelaci\u00f3n de los registros de marca ante el Instituto Mexicano de la Propiedad Industrial (IMPI), los funcionarios proporcionaron informaci\u00f3n del seguimiento que, de manera coordinada, han realizado las dependencias para dar respuesta a cada una de las peticiones del gremio al inicio de la controversia.<\/p>\n\n\n\n<p>Finalmente, los asistentes se comprometieron a realizar una nueva reuni\u00f3n de convocatoria abierta, misma que se llevar\u00e1 a cabo el pr\u00f3ximo s\u00e1bado 17 de junio en el Centro Cultural del Valle del Mezquital.<\/p>\n","protected":false},"excerpt":{"rendered":"<p>Por Redacci\u00f3n\/Zunoticia Pachuca, Hgo.- Con el objetivo de establecer las bases de acuerdos en favor de la cultura del pueblo h\u00f1\u00e4h\u00f1\u00fa-otom\u00ed, artesanas y artesanos de la regi\u00f3n del Valle del Mezquital se reunieron en Ixmiquilpan con representantes de diversas dependencias del gobierno de Hidalgo, entre ellas la Comisi\u00f3n Estatal para el Desarrollo Sostenible de los&hellip; <a class=\"more-link\" href=\"https:\/\/www.zunoticia.com\/noticias-de-hidalgo\/2023\/06\/07\/gobierno-de-hidalgo-a-favor-de-la-proteccion-del-patrimonio-cultural\/\">Seguir leyendo <span class=\"screen-reader-text\">Gobierno de Hidalgo, a favor de la protecci\u00f3n del patrimonio cultural<\/span><\/a><\/p>\n","protected":false},"author":12,"featured_media":485496,"comment_status":"closed","ping_status":"open","sticky":false,"template":"","format":"standard","meta":{"rop_custom_images_group":[],"rop_custom_messages_group":[],"rop_publish_now":"initial","rop_publish_now_accounts":{"facebook_10159540855086992_322828327761733":""},"rop_publish_now_history":[],"rop_publish_now_status":"pending","footnotes":""},"categories":[208],"tags":[214],"class_list":["post-485492","post","type-post","status-publish","format-standard","has-post-thumbnail","hentry","category-estado","tag-estado","entry"],"_links":{"self":[{"href":"https:\/\/www.zunoticia.com\/noticias-de-hidalgo\/wp-json\/wp\/v2\/posts\/485492","targetHints":{"allow":["GET"]}}],"collection":[{"href":"https:\/\/www.zunoticia.com\/noticias-de-hidalgo\/wp-json\/wp\/v2\/posts"}],"about":[{"href":"https:\/\/www.zunoticia.com\/noticias-de-hidalgo\/wp-json\/wp\/v2\/types\/post"}],"author":[{"embeddable":true,"href":"https:\/\/www.zunoticia.com\/noticias-de-hidalgo\/wp-json\/wp\/v2\/users\/12"}],"replies":[{"embeddable":true,"href":"https:\/\/www.zunoticia.com\/noticias-de-hidalgo\/wp-json\/wp\/v2\/comments?post=485492"}],"version-history":[{"count":1,"href":"https:\/\/www.zunoticia.com\/noticias-de-hidalgo\/wp-json\/wp\/v2\/posts\/485492\/revisions"}],"predecessor-version":[{"id":485498,"href":"https:\/\/www.zunoticia.com\/noticias-de-hidalgo\/wp-json\/wp\/v2\/posts\/485492\/revisions\/485498"}],"wp:featuredmedia":[{"embeddable":true,"href":"https:\/\/www.zunoticia.com\/noticias-de-hidalgo\/wp-json\/wp\/v2\/media\/485496"}],"wp:attachment":[{"href":"https:\/\/www.zunoticia.com\/noticias-de-hidalgo\/wp-json\/wp\/v2\/media?parent=485492"}],"wp:term":[{"taxonomy":"category","embeddable":true,"href":"https:\/\/www.zunoticia.com\/noticias-de-hidalgo\/wp-json\/wp\/v2\/categories?post=485492"},{"taxonomy":"post_tag","embeddable":true,"href":"https:\/\/www.zunoticia.com\/noticias-de-hidalgo\/wp-json\/wp\/v2\/tags?post=485492"}],"curies":[{"name":"wp","href":"https:\/\/api.w.org\/{rel}","templated":true}]}}