{"id":485503,"date":"2023-06-07T23:14:50","date_gmt":"2023-06-08T05:14:50","guid":{"rendered":"https:\/\/www.zunoticia.com\/noticias-de-hidalgo\/?p=485503"},"modified":"2023-06-07T23:14:51","modified_gmt":"2023-06-08T05:14:51","slug":"impulsa-semarnath-feria-ambiental-2023","status":"publish","type":"post","link":"https:\/\/www.zunoticia.com\/noticias-de-hidalgo\/2023\/06\/07\/impulsa-semarnath-feria-ambiental-2023\/","title":{"rendered":"Impulsa SEMARNATH, Feria Ambiental 2023"},"content":{"rendered":"<aside class=\"mashsb-container mashsb-main mashsb-stretched\"><div class=\"mashsb-box\"><div class=\"mashsb-count mash-large\" style=\"float:left\"><div class=\"counts mashsbcount\">11<\/div><span class=\"mashsb-sharetext\">SHARES<\/span><\/div><div class=\"mashsb-buttons\"><a class=\"mashicon-facebook mash-large mash-center mashsb-noshadow\" href=\"https:\/\/www.facebook.com\/sharer.php?u=https%3A%2F%2Fwww.zunoticia.com%2Fnoticias-de-hidalgo%2F2023%2F06%2F07%2Fimpulsa-semarnath-feria-ambiental-2023%2F\" target=\"_top\" rel=\"nofollow\"><span class=\"icon\"><\/span><span class=\"text\">Share<\/span><\/a><a class=\"mashicon-twitter mash-large mash-center mashsb-noshadow\" href=\"https:\/\/twitter.com\/intent\/tweet?text=&amp;url=https:\/\/www.zunoticia.com\/noticias-de-hidalgo\/2023\/06\/07\/impulsa-semarnath-feria-ambiental-2023\/\" target=\"_top\" rel=\"nofollow\"><span class=\"icon\"><\/span><span class=\"text\">Tweet<\/span><\/a><div class=\"onoffswitch2 mash-large mashsb-noshadow\" style=\"display:none\"><\/div><\/div>\n            <\/div>\n                <div style=\"clear:both\"><\/div><div class=\"mashsb-toggle-container\"><\/div><\/aside>\n            <!-- Share buttons by mashshare.net - Version: 4.0.47-->\n<ul class=\"wp-block-list\">\n<li>Del 9 al 11 de junio, el Parque Ecol\u00f3gico Cubitos ser\u00e1 sede de una exposici\u00f3n de art\u00edculos sustentables, conferencias, talleres y recorridos vespertinos.<\/li>\n<\/ul>\n\n\n\n<p><em>Por Redacci\u00f3n\/Zunoticia<\/em><\/p>\n\n\n\n<p><strong>Pachuca, Hgo<\/strong>.- La Secretar\u00eda de Medio Ambiente y Recursos Naturales de Hidalgo (SEMARNATH), invita a la poblaci\u00f3n en general a participar en las actividades de su primer Feria Ambiental 2023, que se llevar\u00e1 a cabo a partir del viernes 9 hasta el domingo 11 en las instalaciones del Parque Ecol\u00f3gico Cubitos (PEC).<\/p>\n\n\n\n<p>Para el arranque de actividades, expositores de productos 100% sustentables se dar\u00e1n cita en las instalaciones del PEC a partir del viernes a las 10:00 horas para ofrecer a la ciudadan\u00eda productos de higiene, artesan\u00edas, ropa, plantas, entre otros art\u00edculos sustentables y\/o reciclados. El horario en que los interesados podr\u00e1n acudir ser\u00e1 de 10:00 a las 17:00 horas, el viernes, s\u00e1bado y domingo.<\/p>\n\n\n\n<p>De igual forma, a las 12:45 horas del primer d\u00eda, alumnos del Instituto de Artes de la Universidad Aut\u00f3noma del Estado e Hidalgo (UAEH), realizar\u00e1n un performance titulado \u201cEl Reto\u00f1o\u201d, que podr\u00e1 apreciarse en el espacio denominado Calzada de las Yucas.<\/p>\n\n\n\n<p>As\u00ed mismo, la bi\u00f3loga Nallely Morales Capell\u00e1n y el bi\u00f3logo Leonardo Fern\u00e1ndez Badillo del Herpetario X-plora Reptilia impartir\u00e1n las conferencias \u201cConservaci\u00f3n de las especies\u201d y \u201cConflicto humano-serpiente\u201d, a las 13:00 y 14:00 horas, respectivamente. Ambas charlas ser\u00e1n llevadas a cabo en la sala audiovisual del PEC.<\/p>\n\n\n\n<p>Posteriormente, a las 14:30 horas iniciar\u00e1 la exhibici\u00f3n de perros de caza y trabajo, el cual tendr\u00e1 una duraci\u00f3n de 30 minutos; cabe mencionar que el s\u00e1bado y domingo dicha exhibici\u00f3n podr\u00e1 disfrutarse desde las 10:00 a las 15:00 horas.<\/p>\n\n\n\n<p>El mismo viernes, a las 15:00 y 15:30 horas, Carolina Gress Luna de la direcci\u00f3n de fomento a la cultura ambiental de la Semarnath, ofrecer\u00e1 el taller \u201cElaboraci\u00f3n de jabones\u201d; mientras que el s\u00e1bado y domingo a las 15:00 y 13:00 horas, respectivamente, impartir\u00e1 el taller \u201cElaboraci\u00f3n de terrarios\u201d, ambos en la zona de stands.<\/p>\n\n\n\n<p>Para los amantes de la naturaleza, personal del PEC ofrecer\u00e1 un \u201cRecorrido crepuscular\u201d por dicha \u00c1rea Natural Protegida, el cual iniciar\u00e1 desde la velaria del parque a las 18:00 y 19:00 horas, el viernes y domingo.<\/p>\n\n\n\n<p>Dentro de las actividades del s\u00e1bado se encuentra la charla \u201cSociedad comprometida con el bienestar animal\u201d, con Daisy Espinosa Castillo, de la Procuradur\u00eda Estatal de Protecci\u00f3n al Ambiente (Proespa), a las 10:00 horas, as\u00ed como la conferencia \u201cC\u00f3mo aprender a ver el cielo\u201d, impartida por el presidente de la Sociedad Astron\u00f3mica del Estado de Hidalgo A.C., Gilberto Morales Fuentes, a las 18:30 horas.<\/p>\n\n\n\n<figure class=\"wp-block-image size-large\"><img fetchpriority=\"high\" decoding=\"async\" width=\"1024\" height=\"682\" src=\"https:\/\/www.zunoticia.com\/noticias-de-hidalgo\/wp-content\/uploads\/2023\/06\/eZy-Watermark-07-06-2023-11-01-15-9950p.m.-1024x682.jpg\" alt=\"\" class=\"wp-image-485505\" srcset=\"https:\/\/www.zunoticia.com\/noticias-de-hidalgo\/wp-content\/uploads\/2023\/06\/eZy-Watermark-07-06-2023-11-01-15-9950p.m.-1024x682.jpg 1024w, https:\/\/www.zunoticia.com\/noticias-de-hidalgo\/wp-content\/uploads\/2023\/06\/eZy-Watermark-07-06-2023-11-01-15-9950p.m.-300x200.jpg 300w, https:\/\/www.zunoticia.com\/noticias-de-hidalgo\/wp-content\/uploads\/2023\/06\/eZy-Watermark-07-06-2023-11-01-15-9950p.m.-768x512.jpg 768w, https:\/\/www.zunoticia.com\/noticias-de-hidalgo\/wp-content\/uploads\/2023\/06\/eZy-Watermark-07-06-2023-11-01-15-9950p.m..jpg 1280w\" sizes=\"(max-width: 1024px) 100vw, 1024px\" \/><\/figure>\n\n\n\n<p>Al finalizar, a partir de las 19:30 horas, los integrantes de dicha sociedad astron\u00f3mica llevar\u00e1n a cabo una orientaci\u00f3n b\u00e1sica para identificar objetos relevantes en el cielo, la cual tendr\u00e1 una duraci\u00f3n aproximada de una hora y media.<\/p>\n\n\n\n<p>El mismo s\u00e1bado, a las 21:00 horas, el fot\u00f3grafo Juan L\u00f3pez Hoyos impartir\u00e1 el taller gratuito \u201cInducci\u00f3n a la astrofotograf\u00eda\u201d, a la cual podr\u00e1n asistir con previa inscripci\u00f3n a trav\u00e9s de un formulario publicado en la p\u00e1gina de Facebook Semarnath Hidalgo. Los \u00fanicos requisitos son contar con c\u00e1mara reflex y tripi\u00e9.<\/p>\n\n\n\n<p>La secretar\u00eda tambi\u00e9n convoca al Rally con Causa, en apoyo al cuidado y alimentaci\u00f3n de los animales que habitan en la granja interactiva del PEC. Dicha actividad iniciar\u00e1 a las 10:00 horas del domingo y podr\u00e1n participar personas desde los 14 a los 60 a\u00f1os. La fecha l\u00edmite de inscripci\u00f3n es el jueves 8 a las 16:00 horas.<\/p>\n\n\n\n<p>El mismo d\u00eda, a las 14:30 horas en la velar\u00eda del PEC, se ofrecer\u00e1 un concierto bohemio, dirigido a todas las edades.<\/p>\n","protected":false},"excerpt":{"rendered":"<p>Por Redacci\u00f3n\/Zunoticia Pachuca, Hgo.- La Secretar\u00eda de Medio Ambiente y Recursos Naturales de Hidalgo (SEMARNATH), invita a la poblaci\u00f3n en general a participar en las actividades de su primer Feria Ambiental 2023, que se llevar\u00e1 a cabo a partir del viernes 9 hasta el domingo 11 en las instalaciones del Parque Ecol\u00f3gico Cubitos (PEC). Para&hellip; <a class=\"more-link\" href=\"https:\/\/www.zunoticia.com\/noticias-de-hidalgo\/2023\/06\/07\/impulsa-semarnath-feria-ambiental-2023\/\">Seguir leyendo <span class=\"screen-reader-text\">Impulsa SEMARNATH, Feria Ambiental 2023<\/span><\/a><\/p>\n","protected":false},"author":12,"featured_media":485506,"comment_status":"closed","ping_status":"open","sticky":false,"template":"","format":"standard","meta":{"rop_custom_images_group":[],"rop_custom_messages_group":[],"rop_publish_now":"initial","rop_publish_now_accounts":{"facebook_10159540855086992_322828327761733":""},"rop_publish_now_history":[],"rop_publish_now_status":"pending","footnotes":""},"categories":[208],"tags":[214],"class_list":["post-485503","post","type-post","status-publish","format-standard","has-post-thumbnail","hentry","category-estado","tag-estado","entry"],"_links":{"self":[{"href":"https:\/\/www.zunoticia.com\/noticias-de-hidalgo\/wp-json\/wp\/v2\/posts\/485503","targetHints":{"allow":["GET"]}}],"collection":[{"href":"https:\/\/www.zunoticia.com\/noticias-de-hidalgo\/wp-json\/wp\/v2\/posts"}],"about":[{"href":"https:\/\/www.zunoticia.com\/noticias-de-hidalgo\/wp-json\/wp\/v2\/types\/post"}],"author":[{"embeddable":true,"href":"https:\/\/www.zunoticia.com\/noticias-de-hidalgo\/wp-json\/wp\/v2\/users\/12"}],"replies":[{"embeddable":true,"href":"https:\/\/www.zunoticia.com\/noticias-de-hidalgo\/wp-json\/wp\/v2\/comments?post=485503"}],"version-history":[{"count":1,"href":"https:\/\/www.zunoticia.com\/noticias-de-hidalgo\/wp-json\/wp\/v2\/posts\/485503\/revisions"}],"predecessor-version":[{"id":485508,"href":"https:\/\/www.zunoticia.com\/noticias-de-hidalgo\/wp-json\/wp\/v2\/posts\/485503\/revisions\/485508"}],"wp:featuredmedia":[{"embeddable":true,"href":"https:\/\/www.zunoticia.com\/noticias-de-hidalgo\/wp-json\/wp\/v2\/media\/485506"}],"wp:attachment":[{"href":"https:\/\/www.zunoticia.com\/noticias-de-hidalgo\/wp-json\/wp\/v2\/media?parent=485503"}],"wp:term":[{"taxonomy":"category","embeddable":true,"href":"https:\/\/www.zunoticia.com\/noticias-de-hidalgo\/wp-json\/wp\/v2\/categories?post=485503"},{"taxonomy":"post_tag","embeddable":true,"href":"https:\/\/www.zunoticia.com\/noticias-de-hidalgo\/wp-json\/wp\/v2\/tags?post=485503"}],"curies":[{"name":"wp","href":"https:\/\/api.w.org\/{rel}","templated":true}]}}