{"id":485519,"date":"2023-06-08T14:11:52","date_gmt":"2023-06-08T20:11:52","guid":{"rendered":"https:\/\/www.zunoticia.com\/noticias-de-hidalgo\/?p=485519"},"modified":"2023-06-08T14:11:53","modified_gmt":"2023-06-08T20:11:53","slug":"personal-de-presidencia-celebra-cumpleanos-del-alcalde","status":"publish","type":"post","link":"https:\/\/www.zunoticia.com\/noticias-de-hidalgo\/2023\/06\/08\/personal-de-presidencia-celebra-cumpleanos-del-alcalde\/","title":{"rendered":"Personal de presidencia celebra cumplea\u00f1os del alcalde"},"content":{"rendered":"<aside class=\"mashsb-container mashsb-main mashsb-stretched\"><div class=\"mashsb-box\"><div class=\"mashsb-count mash-large\" style=\"float:left\"><div class=\"counts mashsbcount\">8<\/div><span class=\"mashsb-sharetext\">SHARES<\/span><\/div><div class=\"mashsb-buttons\"><a class=\"mashicon-facebook mash-large mash-center mashsb-noshadow\" href=\"https:\/\/www.facebook.com\/sharer.php?u=https%3A%2F%2Fwww.zunoticia.com%2Fnoticias-de-hidalgo%2F2023%2F06%2F08%2Fpersonal-de-presidencia-celebra-cumpleanos-del-alcalde%2F\" target=\"_top\" rel=\"nofollow\"><span class=\"icon\"><\/span><span class=\"text\">Share<\/span><\/a><a class=\"mashicon-twitter mash-large mash-center mashsb-noshadow\" href=\"https:\/\/twitter.com\/intent\/tweet?text=&amp;url=https:\/\/www.zunoticia.com\/noticias-de-hidalgo\/2023\/06\/08\/personal-de-presidencia-celebra-cumpleanos-del-alcalde\/\" target=\"_top\" rel=\"nofollow\"><span class=\"icon\"><\/span><span class=\"text\">Tweet<\/span><\/a><div class=\"onoffswitch2 mash-large mashsb-noshadow\" style=\"display:none\"><\/div><\/div>\n            <\/div>\n                <div style=\"clear:both\"><\/div><div class=\"mashsb-toggle-container\"><\/div><\/aside>\n            <!-- Share buttons by mashshare.net - Version: 4.0.47-->\n<p><em>Por Enedino Hern\u00e1ndez\/Zunoticia<\/em><\/p>\n\n\n\n<p><strong>Huejutla, Hgo.-<\/strong> Personal de las diversas \u00e1reas de la presidencia municipal de Huejutla de Reyes, celebraron durante la ma\u00f1ana de este jueves 8 de junio el cumplea\u00f1os del alcalde, Daniel Andrade Zurutuza.<\/p>\n\n\n\n<p>En el acceso principal a la presidencia municipal personal de las \u00e1reas realiz\u00f3 el recibimiento con flores, m\u00fasica, as\u00ed como con las tradicionales \u201cma\u00f1anitas\u201d, el pastel y posteriormente se ofreci\u00f3 un desayuno.<\/p>\n\n\n\n<p>En el evento de cumplea\u00f1os se cont\u00f3 con la presencia del Tr\u00edo Nueva Esperanza, la Banda de Viento Santa Cecilia y el Mariachi Huejutla, mismos que amenizaron este alegre convivio que se ofreci\u00f3 para el alcalde, Daniel Andrade Zurutuza, por su cumplea\u00f1os.<\/p>\n\n\n\n<p>El alcalde fue acompa\u00f1ado por sus padres y hermanos, as\u00ed como dem\u00e1s familiares, quienes a lo largo de algunas horas convivieron junto con personal del ayuntamiento en este importante acontecimiento.<\/p>\n\n\n\n<figure class=\"wp-block-gallery has-nested-images columns-default is-cropped wp-block-gallery-1 is-layout-flex wp-block-gallery-is-layout-flex\">\n<figure class=\"wp-block-image size-large\"><img fetchpriority=\"high\" decoding=\"async\" width=\"940\" height=\"788\" data-id=\"485521\" src=\"https:\/\/www.zunoticia.com\/noticias-de-hidalgo\/wp-content\/uploads\/2023\/06\/2-56.png\" alt=\"\" class=\"wp-image-485521\" srcset=\"https:\/\/www.zunoticia.com\/noticias-de-hidalgo\/wp-content\/uploads\/2023\/06\/2-56.png 940w, https:\/\/www.zunoticia.com\/noticias-de-hidalgo\/wp-content\/uploads\/2023\/06\/2-56-300x251.png 300w, https:\/\/www.zunoticia.com\/noticias-de-hidalgo\/wp-content\/uploads\/2023\/06\/2-56-768x644.png 768w\" sizes=\"(max-width: 940px) 100vw, 940px\" \/><\/figure>\n\n\n\n<figure class=\"wp-block-image size-large\"><img decoding=\"async\" width=\"940\" height=\"788\" data-id=\"485522\" src=\"https:\/\/www.zunoticia.com\/noticias-de-hidalgo\/wp-content\/uploads\/2023\/06\/3-18.png\" alt=\"\" class=\"wp-image-485522\" srcset=\"https:\/\/www.zunoticia.com\/noticias-de-hidalgo\/wp-content\/uploads\/2023\/06\/3-18.png 940w, https:\/\/www.zunoticia.com\/noticias-de-hidalgo\/wp-content\/uploads\/2023\/06\/3-18-300x251.png 300w, https:\/\/www.zunoticia.com\/noticias-de-hidalgo\/wp-content\/uploads\/2023\/06\/3-18-768x644.png 768w\" sizes=\"(max-width: 940px) 100vw, 940px\" \/><\/figure>\n<\/figure>\n","protected":false},"excerpt":{"rendered":"<p>Por Enedino Hern\u00e1ndez\/Zunoticia Huejutla, Hgo.- Personal de las diversas \u00e1reas de la presidencia municipal de Huejutla de Reyes, celebraron durante la ma\u00f1ana de este jueves 8 de junio el cumplea\u00f1os del alcalde, Daniel Andrade Zurutuza. En el acceso principal a la presidencia municipal personal de las \u00e1reas realiz\u00f3 el recibimiento con flores, m\u00fasica, as\u00ed como&hellip; <a class=\"more-link\" href=\"https:\/\/www.zunoticia.com\/noticias-de-hidalgo\/2023\/06\/08\/personal-de-presidencia-celebra-cumpleanos-del-alcalde\/\">Seguir leyendo <span class=\"screen-reader-text\">Personal de presidencia celebra cumplea\u00f1os del alcalde<\/span><\/a><\/p>\n","protected":false},"author":20,"featured_media":485520,"comment_status":"closed","ping_status":"open","sticky":false,"template":"","format":"standard","meta":{"rop_custom_images_group":[],"rop_custom_messages_group":[],"rop_publish_now":"initial","rop_publish_now_accounts":{"facebook_10159540855086992_322828327761733":""},"rop_publish_now_history":[],"rop_publish_now_status":"pending","footnotes":""},"categories":[181],"tags":[121],"class_list":["post-485519","post","type-post","status-publish","format-standard","has-post-thumbnail","hentry","category-huejutla","tag-huejutla","entry"],"_links":{"self":[{"href":"https:\/\/www.zunoticia.com\/noticias-de-hidalgo\/wp-json\/wp\/v2\/posts\/485519","targetHints":{"allow":["GET"]}}],"collection":[{"href":"https:\/\/www.zunoticia.com\/noticias-de-hidalgo\/wp-json\/wp\/v2\/posts"}],"about":[{"href":"https:\/\/www.zunoticia.com\/noticias-de-hidalgo\/wp-json\/wp\/v2\/types\/post"}],"author":[{"embeddable":true,"href":"https:\/\/www.zunoticia.com\/noticias-de-hidalgo\/wp-json\/wp\/v2\/users\/20"}],"replies":[{"embeddable":true,"href":"https:\/\/www.zunoticia.com\/noticias-de-hidalgo\/wp-json\/wp\/v2\/comments?post=485519"}],"version-history":[{"count":1,"href":"https:\/\/www.zunoticia.com\/noticias-de-hidalgo\/wp-json\/wp\/v2\/posts\/485519\/revisions"}],"predecessor-version":[{"id":485523,"href":"https:\/\/www.zunoticia.com\/noticias-de-hidalgo\/wp-json\/wp\/v2\/posts\/485519\/revisions\/485523"}],"wp:featuredmedia":[{"embeddable":true,"href":"https:\/\/www.zunoticia.com\/noticias-de-hidalgo\/wp-json\/wp\/v2\/media\/485520"}],"wp:attachment":[{"href":"https:\/\/www.zunoticia.com\/noticias-de-hidalgo\/wp-json\/wp\/v2\/media?parent=485519"}],"wp:term":[{"taxonomy":"category","embeddable":true,"href":"https:\/\/www.zunoticia.com\/noticias-de-hidalgo\/wp-json\/wp\/v2\/categories?post=485519"},{"taxonomy":"post_tag","embeddable":true,"href":"https:\/\/www.zunoticia.com\/noticias-de-hidalgo\/wp-json\/wp\/v2\/tags?post=485519"}],"curies":[{"name":"wp","href":"https:\/\/api.w.org\/{rel}","templated":true}]}}