{"id":485535,"date":"2023-06-08T17:34:45","date_gmt":"2023-06-08T23:34:45","guid":{"rendered":"https:\/\/www.zunoticia.com\/noticias-de-hidalgo\/?p=485535"},"modified":"2023-06-08T17:34:46","modified_gmt":"2023-06-08T23:34:46","slug":"seph-realizo-jornada-integral-de-salud-en-tula-de-allende","status":"publish","type":"post","link":"https:\/\/www.zunoticia.com\/noticias-de-hidalgo\/2023\/06\/08\/seph-realizo-jornada-integral-de-salud-en-tula-de-allende\/","title":{"rendered":"SEPH realiz\u00f3 Jornada Integral de Salud en Tula de Allende"},"content":{"rendered":"<aside class=\"mashsb-container mashsb-main mashsb-stretched\"><div class=\"mashsb-box\"><div class=\"mashsb-count mash-large\" style=\"float:left\"><div class=\"counts mashsbcount\">33<\/div><span class=\"mashsb-sharetext\">SHARES<\/span><\/div><div class=\"mashsb-buttons\"><a class=\"mashicon-facebook mash-large mash-center mashsb-noshadow\" href=\"https:\/\/www.facebook.com\/sharer.php?u=https%3A%2F%2Fwww.zunoticia.com%2Fnoticias-de-hidalgo%2F2023%2F06%2F08%2Fseph-realizo-jornada-integral-de-salud-en-tula-de-allende%2F\" target=\"_top\" rel=\"nofollow\"><span class=\"icon\"><\/span><span class=\"text\">Share<\/span><\/a><a class=\"mashicon-twitter mash-large mash-center mashsb-noshadow\" href=\"https:\/\/twitter.com\/intent\/tweet?text=&amp;url=https:\/\/www.zunoticia.com\/noticias-de-hidalgo\/2023\/06\/08\/seph-realizo-jornada-integral-de-salud-en-tula-de-allende\/\" target=\"_top\" rel=\"nofollow\"><span class=\"icon\"><\/span><span class=\"text\">Tweet<\/span><\/a><div class=\"onoffswitch2 mash-large mashsb-noshadow\" style=\"display:none\"><\/div><\/div>\n            <\/div>\n                <div style=\"clear:both\"><\/div><div class=\"mashsb-toggle-container\"><\/div><\/aside>\n            <!-- Share buttons by mashshare.net - Version: 4.0.47-->\n<p><em>Por Redacci\u00f3n\/Zunoticia<\/em><\/p>\n\n\n\n<p><strong>Pachuca de Soto, Hgo<\/strong>.- Con la finalidad de disminuir el embarazo adolescente, la deserci\u00f3n escolar y el rezago educativo, la Secretar\u00eda de Educaci\u00f3n P\u00fablica de Hidalgo (SEPH) llev\u00f3 a cabo una Jornada Integral de Salud para 134 estudiantes de la Telesecundaria 672, del municipio de Tula.<\/p>\n\n\n\n<p>Este fue el sexto ejercicio que se realiza en escuelas de dicho nivel educativo, a trav\u00e9s de la Direcci\u00f3n General de Fortalecimiento Educativo como parte de las acciones de prevenci\u00f3n y cuidado de la salud mental y f\u00edsica, entre la comunidad educativa.<\/p>\n\n\n\n<p>En el cumplimiento de la indicaci\u00f3n del gobernador Julio Menchaca Salazar y del secretario de Educaci\u00f3n P\u00fablica de Hidalgo, Natividad Castrej\u00f3n Valdez, tambi\u00e9n participaron madres y padres de familia, as\u00ed como el personal docente y directivo de dicha instituci\u00f3n educativa.<\/p>\n\n\n\n<p>Se impartieron conferencias por parte de instituciones estatales, entre las que destacan: \u201cEjerciendo mis derechos sexuales\u201d, a cargo del Instituto Hidalguense de la Mujer (IHM); \u201cEntendiendo la diversidad sexual y de g\u00e9nero\u201d, impartida por la Secretar\u00eda de Cultura; \u201cTrabajo Infantil como medio de violencia\u201d, por parte de la Secretar\u00eda del Trabajo y Previsi\u00f3n Social de Hidalgo.<\/p>\n\n\n\n<p>De igual forma, \u201cLa realidad detr\u00e1s de los vapeadores\u201d, por la Comisi\u00f3n para la Protecci\u00f3n contra Riesgos Sanitarios de Hidalgo (COPRISEH); adem\u00e1s de la conferencia \u201cPrevenci\u00f3n de adicciones\u201d, impartida por parte de \u201cCentros de Integraci\u00f3n Juvenil y Prevenci\u00f3n del VIH e ITS\u201d por la Secretar\u00eda de Salud.<\/p>\n\n\n\n<p>Tambi\u00e9n se tuvo una ponencia dirigida a las madres y padres de familia denominada, \u201cControl de impulsos\u201d, impartida por la Direcci\u00f3n de Educaci\u00f3n Socioemocional de SEPH.<\/p>\n\n\n\n<figure class=\"wp-block-image size-full\"><img fetchpriority=\"high\" decoding=\"async\" width=\"940\" height=\"788\" src=\"https:\/\/www.zunoticia.com\/noticias-de-hidalgo\/wp-content\/uploads\/2023\/06\/2-59.png\" alt=\"\" class=\"wp-image-485537\" srcset=\"https:\/\/www.zunoticia.com\/noticias-de-hidalgo\/wp-content\/uploads\/2023\/06\/2-59.png 940w, https:\/\/www.zunoticia.com\/noticias-de-hidalgo\/wp-content\/uploads\/2023\/06\/2-59-300x251.png 300w, https:\/\/www.zunoticia.com\/noticias-de-hidalgo\/wp-content\/uploads\/2023\/06\/2-59-768x644.png 768w\" sizes=\"(max-width: 940px) 100vw, 940px\" \/><\/figure>\n","protected":false},"excerpt":{"rendered":"<p>Por Redacci\u00f3n\/Zunoticia Pachuca de Soto, Hgo.- Con la finalidad de disminuir el embarazo adolescente, la deserci\u00f3n escolar y el rezago educativo, la Secretar\u00eda de Educaci\u00f3n P\u00fablica de Hidalgo (SEPH) llev\u00f3 a cabo una Jornada Integral de Salud para 134 estudiantes de la Telesecundaria 672, del municipio de Tula. Este fue el sexto ejercicio que se&hellip; <a class=\"more-link\" href=\"https:\/\/www.zunoticia.com\/noticias-de-hidalgo\/2023\/06\/08\/seph-realizo-jornada-integral-de-salud-en-tula-de-allende\/\">Seguir leyendo <span class=\"screen-reader-text\">SEPH realiz\u00f3 Jornada Integral de Salud en Tula de Allende<\/span><\/a><\/p>\n","protected":false},"author":20,"featured_media":485536,"comment_status":"closed","ping_status":"open","sticky":false,"template":"","format":"standard","meta":{"rop_custom_images_group":[],"rop_custom_messages_group":[],"rop_publish_now":"initial","rop_publish_now_accounts":{"facebook_10159540855086992_322828327761733":""},"rop_publish_now_history":[],"rop_publish_now_status":"pending","footnotes":""},"categories":[208],"tags":[214],"class_list":["post-485535","post","type-post","status-publish","format-standard","has-post-thumbnail","hentry","category-estado","tag-estado","entry"],"_links":{"self":[{"href":"https:\/\/www.zunoticia.com\/noticias-de-hidalgo\/wp-json\/wp\/v2\/posts\/485535","targetHints":{"allow":["GET"]}}],"collection":[{"href":"https:\/\/www.zunoticia.com\/noticias-de-hidalgo\/wp-json\/wp\/v2\/posts"}],"about":[{"href":"https:\/\/www.zunoticia.com\/noticias-de-hidalgo\/wp-json\/wp\/v2\/types\/post"}],"author":[{"embeddable":true,"href":"https:\/\/www.zunoticia.com\/noticias-de-hidalgo\/wp-json\/wp\/v2\/users\/20"}],"replies":[{"embeddable":true,"href":"https:\/\/www.zunoticia.com\/noticias-de-hidalgo\/wp-json\/wp\/v2\/comments?post=485535"}],"version-history":[{"count":1,"href":"https:\/\/www.zunoticia.com\/noticias-de-hidalgo\/wp-json\/wp\/v2\/posts\/485535\/revisions"}],"predecessor-version":[{"id":485538,"href":"https:\/\/www.zunoticia.com\/noticias-de-hidalgo\/wp-json\/wp\/v2\/posts\/485535\/revisions\/485538"}],"wp:featuredmedia":[{"embeddable":true,"href":"https:\/\/www.zunoticia.com\/noticias-de-hidalgo\/wp-json\/wp\/v2\/media\/485536"}],"wp:attachment":[{"href":"https:\/\/www.zunoticia.com\/noticias-de-hidalgo\/wp-json\/wp\/v2\/media?parent=485535"}],"wp:term":[{"taxonomy":"category","embeddable":true,"href":"https:\/\/www.zunoticia.com\/noticias-de-hidalgo\/wp-json\/wp\/v2\/categories?post=485535"},{"taxonomy":"post_tag","embeddable":true,"href":"https:\/\/www.zunoticia.com\/noticias-de-hidalgo\/wp-json\/wp\/v2\/tags?post=485535"}],"curies":[{"name":"wp","href":"https:\/\/api.w.org\/{rel}","templated":true}]}}