{"id":485559,"date":"2023-06-08T18:33:00","date_gmt":"2023-06-09T00:33:00","guid":{"rendered":"https:\/\/www.zunoticia.com\/noticias-de-hidalgo\/?p=485559"},"modified":"2023-06-08T18:33:01","modified_gmt":"2023-06-09T00:33:01","slug":"instalacion-y-toma-de-protesta-del-consejo-general-de-planeacion-para-la-agenda-de-genero-del-ccleh","status":"publish","type":"post","link":"https:\/\/www.zunoticia.com\/noticias-de-hidalgo\/2023\/06\/08\/instalacion-y-toma-de-protesta-del-consejo-general-de-planeacion-para-la-agenda-de-genero-del-ccleh\/","title":{"rendered":"Instalaci\u00f3n y toma de Protesta del Consejo General de Planeaci\u00f3n para la Agenda de G\u00e9nero del CCLEH"},"content":{"rendered":"<aside class=\"mashsb-container mashsb-main mashsb-stretched\"><div class=\"mashsb-box\"><div class=\"mashsb-count mash-large\" style=\"float:left\"><div class=\"counts mashsbcount\">16<\/div><span class=\"mashsb-sharetext\">SHARES<\/span><\/div><div class=\"mashsb-buttons\"><a class=\"mashicon-facebook mash-large mash-center mashsb-noshadow\" href=\"https:\/\/www.facebook.com\/sharer.php?u=https%3A%2F%2Fwww.zunoticia.com%2Fnoticias-de-hidalgo%2F2023%2F06%2F08%2Finstalacion-y-toma-de-protesta-del-consejo-general-de-planeacion-para-la-agenda-de-genero-del-ccleh%2F\" target=\"_top\" rel=\"nofollow\"><span class=\"icon\"><\/span><span class=\"text\">Share<\/span><\/a><a class=\"mashicon-twitter mash-large mash-center mashsb-noshadow\" href=\"https:\/\/twitter.com\/intent\/tweet?text=&amp;url=https:\/\/www.zunoticia.com\/noticias-de-hidalgo\/2023\/06\/08\/instalacion-y-toma-de-protesta-del-consejo-general-de-planeacion-para-la-agenda-de-genero-del-ccleh\/\" target=\"_top\" rel=\"nofollow\"><span class=\"icon\"><\/span><span class=\"text\">Tweet<\/span><\/a><div class=\"onoffswitch2 mash-large mashsb-noshadow\" style=\"display:none\"><\/div><\/div>\n            <\/div>\n                <div style=\"clear:both\"><\/div><div class=\"mashsb-toggle-container\"><\/div><\/aside>\n            <!-- Share buttons by mashshare.net - Version: 4.0.47-->\n<p>&nbsp;\u2022 Priorizar la incorporaci\u00f3n del enfoque de igualdad, es el objetivo para lograr la defensa de los derechos humanos en Hidalgo.<\/p>\n\n\n\n<p><em>Por Redacci\u00f3n\/Zunoticia<\/em><\/p>\n\n\n\n<p><strong>San Agust\u00edn Tlaxiaca, Hgo<\/strong>.- Como lo ha instruido el titular del ejecutivo, Julio Menchaca Salazar, y el secretario del Trabajo y Previsi\u00f3n Social, Oscar Javier Gonz\u00e1lez Hern\u00e1ndez, se llev\u00f3 a cabo la instalaci\u00f3n y toma de protesta del Consejo General de Planeaci\u00f3n para la Agenda de G\u00e9nero del Centro de Conciliaci\u00f3n Laboral (CCLEH), en colaboraci\u00f3n con el Instituto Hidalguense de las Mujeres (IHM).<\/p>\n\n\n\n<p>Bertha Miranda Rodr\u00edguez, directora general del IHM, fue la encargada de tomar protesta a las y los integrantes del consejo, adem\u00e1s de reiterar su compromiso con la STyPSH, para lograr la apertura de empleos dignos que permitan a m\u00e1s mujeres generar sus propios recursos, para desprender acciones que logren erradicar violencias.<\/p>\n\n\n\n<p>El objetivo es que este \u00f3rgano se coordine, para ejecutar y evaluar la pol\u00edtica p\u00fablica en materia de igualdad real entre todas las personas; con la implementaci\u00f3n y transversalizaci\u00f3n de la perspectiva de g\u00e9nero que desarrolla el gobierno del estado.<\/p>\n\n\n\n<p>El director jur\u00eddico con facultades de Direcci\u00f3n General por Ministerio de Ley del CCLEH, Jos\u00e9 Antonio Vargas Olmedo, explic\u00f3 que este consejo elaborar\u00e1 un protocolo de seguimiento a los asuntos prioritarios que influyen en el desempe\u00f1o de las y los trabajadores.<\/p>\n\n\n\n<p>Adem\u00e1s de hacer frente a la responsabilidad de brindar correcta difusi\u00f3n de la cultura de igualdad, libre de violencia institucional, basada en un clima de respeto, y finalmente realizar\u00e1n talleres y conferencias con perspectiva de g\u00e9nero en este \u00e1mbito, precis\u00f3.<\/p>\n\n\n\n<figure class=\"wp-block-image size-full\"><img fetchpriority=\"high\" decoding=\"async\" width=\"940\" height=\"788\" src=\"https:\/\/www.zunoticia.com\/noticias-de-hidalgo\/wp-content\/uploads\/2023\/06\/2-64.png\" alt=\"\" class=\"wp-image-485561\" srcset=\"https:\/\/www.zunoticia.com\/noticias-de-hidalgo\/wp-content\/uploads\/2023\/06\/2-64.png 940w, https:\/\/www.zunoticia.com\/noticias-de-hidalgo\/wp-content\/uploads\/2023\/06\/2-64-300x251.png 300w, https:\/\/www.zunoticia.com\/noticias-de-hidalgo\/wp-content\/uploads\/2023\/06\/2-64-768x644.png 768w\" sizes=\"(max-width: 940px) 100vw, 940px\" \/><\/figure>\n","protected":false},"excerpt":{"rendered":"<p>&nbsp;\u2022 Priorizar la incorporaci\u00f3n del enfoque de igualdad, es el objetivo para lograr la defensa de los derechos humanos en Hidalgo. Por Redacci\u00f3n\/Zunoticia San Agust\u00edn Tlaxiaca, Hgo.- Como lo ha instruido el titular del ejecutivo, Julio Menchaca Salazar, y el secretario del Trabajo y Previsi\u00f3n Social, Oscar Javier Gonz\u00e1lez Hern\u00e1ndez, se llev\u00f3 a cabo la&hellip; <a class=\"more-link\" href=\"https:\/\/www.zunoticia.com\/noticias-de-hidalgo\/2023\/06\/08\/instalacion-y-toma-de-protesta-del-consejo-general-de-planeacion-para-la-agenda-de-genero-del-ccleh\/\">Seguir leyendo <span class=\"screen-reader-text\">Instalaci\u00f3n y toma de Protesta del Consejo General de Planeaci\u00f3n para la Agenda de G\u00e9nero del CCLEH<\/span><\/a><\/p>\n","protected":false},"author":20,"featured_media":485560,"comment_status":"closed","ping_status":"open","sticky":false,"template":"","format":"standard","meta":{"rop_custom_images_group":[],"rop_custom_messages_group":[],"rop_publish_now":"initial","rop_publish_now_accounts":{"facebook_10159540855086992_322828327761733":""},"rop_publish_now_history":[],"rop_publish_now_status":"pending","footnotes":""},"categories":[208],"tags":[214],"class_list":["post-485559","post","type-post","status-publish","format-standard","has-post-thumbnail","hentry","category-estado","tag-estado","entry"],"_links":{"self":[{"href":"https:\/\/www.zunoticia.com\/noticias-de-hidalgo\/wp-json\/wp\/v2\/posts\/485559","targetHints":{"allow":["GET"]}}],"collection":[{"href":"https:\/\/www.zunoticia.com\/noticias-de-hidalgo\/wp-json\/wp\/v2\/posts"}],"about":[{"href":"https:\/\/www.zunoticia.com\/noticias-de-hidalgo\/wp-json\/wp\/v2\/types\/post"}],"author":[{"embeddable":true,"href":"https:\/\/www.zunoticia.com\/noticias-de-hidalgo\/wp-json\/wp\/v2\/users\/20"}],"replies":[{"embeddable":true,"href":"https:\/\/www.zunoticia.com\/noticias-de-hidalgo\/wp-json\/wp\/v2\/comments?post=485559"}],"version-history":[{"count":1,"href":"https:\/\/www.zunoticia.com\/noticias-de-hidalgo\/wp-json\/wp\/v2\/posts\/485559\/revisions"}],"predecessor-version":[{"id":485562,"href":"https:\/\/www.zunoticia.com\/noticias-de-hidalgo\/wp-json\/wp\/v2\/posts\/485559\/revisions\/485562"}],"wp:featuredmedia":[{"embeddable":true,"href":"https:\/\/www.zunoticia.com\/noticias-de-hidalgo\/wp-json\/wp\/v2\/media\/485560"}],"wp:attachment":[{"href":"https:\/\/www.zunoticia.com\/noticias-de-hidalgo\/wp-json\/wp\/v2\/media?parent=485559"}],"wp:term":[{"taxonomy":"category","embeddable":true,"href":"https:\/\/www.zunoticia.com\/noticias-de-hidalgo\/wp-json\/wp\/v2\/categories?post=485559"},{"taxonomy":"post_tag","embeddable":true,"href":"https:\/\/www.zunoticia.com\/noticias-de-hidalgo\/wp-json\/wp\/v2\/tags?post=485559"}],"curies":[{"name":"wp","href":"https:\/\/api.w.org\/{rel}","templated":true}]}}