{"id":485571,"date":"2023-06-08T18:58:42","date_gmt":"2023-06-09T00:58:42","guid":{"rendered":"https:\/\/www.zunoticia.com\/noticias-de-hidalgo\/?p=485571"},"modified":"2023-06-08T18:58:43","modified_gmt":"2023-06-09T00:58:43","slug":"alcalde-conmemoro-la-libertad-de-expresion","status":"publish","type":"post","link":"https:\/\/www.zunoticia.com\/noticias-de-hidalgo\/2023\/06\/08\/alcalde-conmemoro-la-libertad-de-expresion\/","title":{"rendered":"Alcalde conmemor\u00f3 la libertad de expresi\u00f3n"},"content":{"rendered":"<aside class=\"mashsb-container mashsb-main mashsb-stretched\"><div class=\"mashsb-box\"><div class=\"mashsb-count mash-large\" style=\"float:left\"><div class=\"counts mashsbcount\">15<\/div><span class=\"mashsb-sharetext\">SHARES<\/span><\/div><div class=\"mashsb-buttons\"><a class=\"mashicon-facebook mash-large mash-center mashsb-noshadow\" href=\"https:\/\/www.facebook.com\/sharer.php?u=https%3A%2F%2Fwww.zunoticia.com%2Fnoticias-de-hidalgo%2F2023%2F06%2F08%2Falcalde-conmemoro-la-libertad-de-expresion%2F\" target=\"_top\" rel=\"nofollow\"><span class=\"icon\"><\/span><span class=\"text\">Share<\/span><\/a><a class=\"mashicon-twitter mash-large mash-center mashsb-noshadow\" href=\"https:\/\/twitter.com\/intent\/tweet?text=&amp;url=https:\/\/www.zunoticia.com\/noticias-de-hidalgo\/2023\/06\/08\/alcalde-conmemoro-la-libertad-de-expresion\/\" target=\"_top\" rel=\"nofollow\"><span class=\"icon\"><\/span><span class=\"text\">Tweet<\/span><\/a><div class=\"onoffswitch2 mash-large mashsb-noshadow\" style=\"display:none\"><\/div><\/div>\n            <\/div>\n                <div style=\"clear:both\"><\/div><div class=\"mashsb-toggle-container\"><\/div><\/aside>\n            <!-- Share buttons by mashshare.net - Version: 4.0.47-->\n<p><em>Por Roberto Meza\/Zunoticia<\/em><\/p>\n\n\n\n<p><strong>Huazalingo, Hgo.-<\/strong> La tarde del pasado mi\u00e9rcoles, el presidente municipal Julio C\u00e9sar Gonz\u00e1lez Garc\u00eda, festej\u00f3 el D\u00eda de la Libertad de expresi\u00f3n, en el acto estuvieron los representantes de los diferentes medios de comunicaci\u00f3n.<\/p>\n\n\n\n<p>El edil dijo que, en este gobierno municipal que preside hay libertad de expresi\u00f3n, de tal manera que pueden expresar lo que piensa; as\u00ed mismo reconoci\u00f3 a cada uno de los medios informativos de la importante labor que llevan a cabo en este municipio, por lo que seguir\u00e1n respetando ese ejercicio period\u00edstico.<\/p>\n\n\n\n<p>El mun\u00edcipe resalt\u00f3 la gran importancia en el quehacer informativo que llevan los medios de comunicaci\u00f3n, ya que es el v\u00ednculo entre la sociedad y el gobierno, por eso recalc\u00f3, el respeto y la felicitaci\u00f3n a todos los comunicadores.<\/p>\n\n\n\n<p><\/p>\n","protected":false},"excerpt":{"rendered":"<p>Por Roberto Meza\/Zunoticia Huazalingo, Hgo.- La tarde del pasado mi\u00e9rcoles, el presidente municipal Julio C\u00e9sar Gonz\u00e1lez Garc\u00eda, festej\u00f3 el D\u00eda de la Libertad de expresi\u00f3n, en el acto estuvieron los representantes de los diferentes medios de comunicaci\u00f3n. El edil dijo que, en este gobierno municipal que preside hay libertad de expresi\u00f3n, de tal manera que&hellip; <a class=\"more-link\" href=\"https:\/\/www.zunoticia.com\/noticias-de-hidalgo\/2023\/06\/08\/alcalde-conmemoro-la-libertad-de-expresion\/\">Seguir leyendo <span class=\"screen-reader-text\">Alcalde conmemor\u00f3 la libertad de expresi\u00f3n<\/span><\/a><\/p>\n","protected":false},"author":20,"featured_media":485572,"comment_status":"closed","ping_status":"open","sticky":false,"template":"","format":"standard","meta":{"rop_custom_images_group":[],"rop_custom_messages_group":[],"rop_publish_now":"initial","rop_publish_now_accounts":{"facebook_10159540855086992_322828327761733":""},"rop_publish_now_history":[],"rop_publish_now_status":"pending","footnotes":""},"categories":[212],"tags":[138],"class_list":["post-485571","post","type-post","status-publish","format-standard","has-post-thumbnail","hentry","category-huazalingo","tag-huazalingo","entry"],"_links":{"self":[{"href":"https:\/\/www.zunoticia.com\/noticias-de-hidalgo\/wp-json\/wp\/v2\/posts\/485571","targetHints":{"allow":["GET"]}}],"collection":[{"href":"https:\/\/www.zunoticia.com\/noticias-de-hidalgo\/wp-json\/wp\/v2\/posts"}],"about":[{"href":"https:\/\/www.zunoticia.com\/noticias-de-hidalgo\/wp-json\/wp\/v2\/types\/post"}],"author":[{"embeddable":true,"href":"https:\/\/www.zunoticia.com\/noticias-de-hidalgo\/wp-json\/wp\/v2\/users\/20"}],"replies":[{"embeddable":true,"href":"https:\/\/www.zunoticia.com\/noticias-de-hidalgo\/wp-json\/wp\/v2\/comments?post=485571"}],"version-history":[{"count":1,"href":"https:\/\/www.zunoticia.com\/noticias-de-hidalgo\/wp-json\/wp\/v2\/posts\/485571\/revisions"}],"predecessor-version":[{"id":485573,"href":"https:\/\/www.zunoticia.com\/noticias-de-hidalgo\/wp-json\/wp\/v2\/posts\/485571\/revisions\/485573"}],"wp:featuredmedia":[{"embeddable":true,"href":"https:\/\/www.zunoticia.com\/noticias-de-hidalgo\/wp-json\/wp\/v2\/media\/485572"}],"wp:attachment":[{"href":"https:\/\/www.zunoticia.com\/noticias-de-hidalgo\/wp-json\/wp\/v2\/media?parent=485571"}],"wp:term":[{"taxonomy":"category","embeddable":true,"href":"https:\/\/www.zunoticia.com\/noticias-de-hidalgo\/wp-json\/wp\/v2\/categories?post=485571"},{"taxonomy":"post_tag","embeddable":true,"href":"https:\/\/www.zunoticia.com\/noticias-de-hidalgo\/wp-json\/wp\/v2\/tags?post=485571"}],"curies":[{"name":"wp","href":"https:\/\/api.w.org\/{rel}","templated":true}]}}