{"id":485606,"date":"2023-06-08T20:45:21","date_gmt":"2023-06-09T02:45:21","guid":{"rendered":"https:\/\/www.zunoticia.com\/noticias-de-hidalgo\/?p=485606"},"modified":"2023-06-08T20:45:23","modified_gmt":"2023-06-09T02:45:23","slug":"confirman-visita-de-obrador-a-huejutla","status":"publish","type":"post","link":"https:\/\/www.zunoticia.com\/noticias-de-hidalgo\/2023\/06\/08\/confirman-visita-de-obrador-a-huejutla\/","title":{"rendered":"Confirman visita de Obrador a Huejutla"},"content":{"rendered":"<aside class=\"mashsb-container mashsb-main mashsb-stretched\"><div class=\"mashsb-box\"><div class=\"mashsb-count mash-large\" style=\"float:left\"><div class=\"counts mashsbcount\">13<\/div><span class=\"mashsb-sharetext\">SHARES<\/span><\/div><div class=\"mashsb-buttons\"><a class=\"mashicon-facebook mash-large mash-center mashsb-noshadow\" href=\"https:\/\/www.facebook.com\/sharer.php?u=https%3A%2F%2Fwww.zunoticia.com%2Fnoticias-de-hidalgo%2F2023%2F06%2F08%2Fconfirman-visita-de-obrador-a-huejutla%2F\" target=\"_top\" rel=\"nofollow\"><span class=\"icon\"><\/span><span class=\"text\">Share<\/span><\/a><a class=\"mashicon-twitter mash-large mash-center mashsb-noshadow\" href=\"https:\/\/twitter.com\/intent\/tweet?text=&amp;url=https:\/\/www.zunoticia.com\/noticias-de-hidalgo\/2023\/06\/08\/confirman-visita-de-obrador-a-huejutla\/\" target=\"_top\" rel=\"nofollow\"><span class=\"icon\"><\/span><span class=\"text\">Tweet<\/span><\/a><div class=\"onoffswitch2 mash-large mashsb-noshadow\" style=\"display:none\"><\/div><\/div>\n            <\/div>\n                <div style=\"clear:both\"><\/div><div class=\"mashsb-toggle-container\"><\/div><\/aside>\n            <!-- Share buttons by mashshare.net - Version: 4.0.47-->\n<p><em>Por Enedino Hern\u00e1ndez\/Zunoticia<\/em><\/p>\n\n\n\n<p><strong>Huejutla, Hgo.-<\/strong> El Delegado Federal de los Programas Sociales Bienestar en Hidalgo, Abraham Mendoza Zenteno, confirma que el s\u00e1bado 10 de junio se tendr\u00e1 la visita del Presidente de M\u00e9xico, Andr\u00e9s Manuel L\u00f3pez Obrador, evento que se ha programado para las dos de la tarde en los terrenos de la Feria en esta ciudad.<\/p>\n\n\n\n<p>Dijo que el Presidente de M\u00e9xico, Andr\u00e9s Manuel L\u00f3pez Obrador, estar\u00e1 en Huejutla el s\u00e1bado 10 de junio para hacer una evaluaci\u00f3n de los diferentes programas sociales que operan en la regi\u00f3n de la huasteca.<\/p>\n\n\n\n<p>Detalla que este evento se har\u00e1 de frente a la poblaci\u00f3n de Huejutla y de algunos municipios circunvecinos, quienes podr\u00e1n escuchar lo que se tiene en cada uno de los diferentes programas.<\/p>\n\n\n\n<p>\u201cEs un evento abierto al p\u00fablico en general, pero sobre todo se tiene que dar un trato adecuado a las personas adultas mayores y personas con discapacidad que pudieran llegar a este lugar\u201d<\/p>\n\n\n\n<p>Abunda que el clima que se tiene en la huasteca es de mucho calor por lo que se recomienda a quienes acudir\u00e1n al evento que lo hagan con ropa c\u00f3moda, bien hidratados y si hay alguna persona en estado de vulnerabilidad mejor pudiera ver el evento desde alg\u00fan otro lugar, seguramente todo estar\u00e1 en las redes sociales del Gobierno de M\u00e9xico.<\/p>\n\n\n\n<p>Se\u00f1ala que durante la tarde de este jueves 8 de junio y tras la verificaci\u00f3n de algunos espacios se pudo definir que el evento se llevar\u00e1 a cabo en los terrenos de la Feria, por ser un lugar en donde permite la afluencia de las personas y veh\u00edculos, y con ello molestar lo menos posible a la poblaci\u00f3n y a los negocios del centro de Huejutla.<\/p>\n\n\n\n<p>Insiste que, el evento es abierto al p\u00fablico, pero tambi\u00e9n hace un llamado a la poblaci\u00f3n a tener mucha prudencia para estas actividades, sobre todo por la situaci\u00f3n del clima \u201cesta visita es parte de una gira que realiza el presidente en varios estados de la zona huasteca del pa\u00eds\u201d.<\/p>\n\n\n\n<p>Abraham Mendoza Zenteno concluye que, en las instalaciones del INPI en Huejutla se tienen las oficinas de los Programas Sociales Bienestar, espacio en donde pueden acudir para cualquier duda que pudieran tener con los diversos programas, destacando que todos los que reciben una pensi\u00f3n o una beca ser\u00e1n bancarizados a trav\u00e9s del banco Bienestar, y quienes a\u00fan no han recogido su tarjeta que acudan a recogerla y en las oficinas de Bienestar se les brindar\u00e1 la informaci\u00f3n que requieran.<\/p>\n","protected":false},"excerpt":{"rendered":"<p>Por Enedino Hern\u00e1ndez\/Zunoticia Huejutla, Hgo.- El Delegado Federal de los Programas Sociales Bienestar en Hidalgo, Abraham Mendoza Zenteno, confirma que el s\u00e1bado 10 de junio se tendr\u00e1 la visita del Presidente de M\u00e9xico, Andr\u00e9s Manuel L\u00f3pez Obrador, evento que se ha programado para las dos de la tarde en los terrenos de la Feria en&hellip; <a class=\"more-link\" href=\"https:\/\/www.zunoticia.com\/noticias-de-hidalgo\/2023\/06\/08\/confirman-visita-de-obrador-a-huejutla\/\">Seguir leyendo <span class=\"screen-reader-text\">Confirman visita de Obrador a Huejutla<\/span><\/a><\/p>\n","protected":false},"author":12,"featured_media":485579,"comment_status":"closed","ping_status":"open","sticky":false,"template":"","format":"standard","meta":{"rop_custom_images_group":[],"rop_custom_messages_group":[],"rop_publish_now":"initial","rop_publish_now_accounts":{"facebook_10159540855086992_322828327761733":""},"rop_publish_now_history":[],"rop_publish_now_status":"pending","footnotes":""},"categories":[181],"tags":[121],"class_list":["post-485606","post","type-post","status-publish","format-standard","has-post-thumbnail","hentry","category-huejutla","tag-huejutla","entry"],"_links":{"self":[{"href":"https:\/\/www.zunoticia.com\/noticias-de-hidalgo\/wp-json\/wp\/v2\/posts\/485606","targetHints":{"allow":["GET"]}}],"collection":[{"href":"https:\/\/www.zunoticia.com\/noticias-de-hidalgo\/wp-json\/wp\/v2\/posts"}],"about":[{"href":"https:\/\/www.zunoticia.com\/noticias-de-hidalgo\/wp-json\/wp\/v2\/types\/post"}],"author":[{"embeddable":true,"href":"https:\/\/www.zunoticia.com\/noticias-de-hidalgo\/wp-json\/wp\/v2\/users\/12"}],"replies":[{"embeddable":true,"href":"https:\/\/www.zunoticia.com\/noticias-de-hidalgo\/wp-json\/wp\/v2\/comments?post=485606"}],"version-history":[{"count":1,"href":"https:\/\/www.zunoticia.com\/noticias-de-hidalgo\/wp-json\/wp\/v2\/posts\/485606\/revisions"}],"predecessor-version":[{"id":485609,"href":"https:\/\/www.zunoticia.com\/noticias-de-hidalgo\/wp-json\/wp\/v2\/posts\/485606\/revisions\/485609"}],"wp:featuredmedia":[{"embeddable":true,"href":"https:\/\/www.zunoticia.com\/noticias-de-hidalgo\/wp-json\/wp\/v2\/media\/485579"}],"wp:attachment":[{"href":"https:\/\/www.zunoticia.com\/noticias-de-hidalgo\/wp-json\/wp\/v2\/media?parent=485606"}],"wp:term":[{"taxonomy":"category","embeddable":true,"href":"https:\/\/www.zunoticia.com\/noticias-de-hidalgo\/wp-json\/wp\/v2\/categories?post=485606"},{"taxonomy":"post_tag","embeddable":true,"href":"https:\/\/www.zunoticia.com\/noticias-de-hidalgo\/wp-json\/wp\/v2\/tags?post=485606"}],"curies":[{"name":"wp","href":"https:\/\/api.w.org\/{rel}","templated":true}]}}