{"id":485619,"date":"2023-06-08T21:20:55","date_gmt":"2023-06-09T03:20:55","guid":{"rendered":"https:\/\/www.zunoticia.com\/noticias-de-hidalgo\/?p=485619"},"modified":"2023-06-08T21:20:56","modified_gmt":"2023-06-09T03:20:56","slug":"construye-menchaca-lazos-educativos-y-comerciales-con-francia","status":"publish","type":"post","link":"https:\/\/www.zunoticia.com\/noticias-de-hidalgo\/2023\/06\/08\/construye-menchaca-lazos-educativos-y-comerciales-con-francia\/","title":{"rendered":"Construye Menchaca lazos educativos y comerciales con Francia"},"content":{"rendered":"<aside class=\"mashsb-container mashsb-main mashsb-stretched\"><div class=\"mashsb-box\"><div class=\"mashsb-count mash-large\" style=\"float:left\"><div class=\"counts mashsbcount\">11<\/div><span class=\"mashsb-sharetext\">SHARES<\/span><\/div><div class=\"mashsb-buttons\"><a class=\"mashicon-facebook mash-large mash-center mashsb-noshadow\" href=\"https:\/\/www.facebook.com\/sharer.php?u=https%3A%2F%2Fwww.zunoticia.com%2Fnoticias-de-hidalgo%2F2023%2F06%2F08%2Fconstruye-menchaca-lazos-educativos-y-comerciales-con-francia%2F\" target=\"_top\" rel=\"nofollow\"><span class=\"icon\"><\/span><span class=\"text\">Share<\/span><\/a><a class=\"mashicon-twitter mash-large mash-center mashsb-noshadow\" href=\"https:\/\/twitter.com\/intent\/tweet?text=&amp;url=https:\/\/www.zunoticia.com\/noticias-de-hidalgo\/2023\/06\/08\/construye-menchaca-lazos-educativos-y-comerciales-con-francia\/\" target=\"_top\" rel=\"nofollow\"><span class=\"icon\"><\/span><span class=\"text\">Tweet<\/span><\/a><div class=\"onoffswitch2 mash-large mashsb-noshadow\" style=\"display:none\"><\/div><\/div>\n            <\/div>\n                <div style=\"clear:both\"><\/div><div class=\"mashsb-toggle-container\"><\/div><\/aside>\n            <!-- Share buttons by mashshare.net - Version: 4.0.47-->\n<ul class=\"wp-block-list\">\n<li>El gobernador hidalguense y el embajador de Francia trabajar\u00e1n proyectos conjuntos en materia de infraestructura, educaci\u00f3n, ciencia y tecnolog\u00eda.<\/li>\n<\/ul>\n\n\n\n<p><em>Por Redacci\u00f3n\/Zunoticia<\/em><\/p>\n\n\n\n<p><strong>Pachuca, Hgo.-<\/strong> El gobernador del estado de Hidalgo, Julio Menchaca Salazar, y el excelent\u00edsimo se\u00f1or Jean-Pierre Asvazadourian, embajador de Francia en M\u00e9xico, sostuvieron una reuni\u00f3n con la finalidad de generar estrategias de vinculaci\u00f3n internacional para el intercambio acad\u00e9mico, tecnol\u00f3gico y cient\u00edfico, as\u00ed como la posibilidad de realizar inversiones econ\u00f3micas que permitan potencializar a la entidad.<\/p>\n\n\n\n<p>Menchaca Salazar dio a conocer que en este momento la Universidad Tecnol\u00f3gica Tula \u2013 Tepeji, firm\u00f3 un convenio de cooperaci\u00f3n con el Instituto Universitario de Tecnolog\u00eda de Evry Val-D\u2019Essonne para intercambio estudiantil y de profesorado.<\/p>\n\n\n\n<figure class=\"wp-block-image size-large\"><img fetchpriority=\"high\" decoding=\"async\" width=\"1024\" height=\"474\" src=\"https:\/\/www.zunoticia.com\/noticias-de-hidalgo\/wp-content\/uploads\/2023\/06\/eZy-Watermark-08-06-2023-09-15-04-3080p.m.-1024x474.jpg\" alt=\"\" class=\"wp-image-485622\" srcset=\"https:\/\/www.zunoticia.com\/noticias-de-hidalgo\/wp-content\/uploads\/2023\/06\/eZy-Watermark-08-06-2023-09-15-04-3080p.m.-1024x474.jpg 1024w, https:\/\/www.zunoticia.com\/noticias-de-hidalgo\/wp-content\/uploads\/2023\/06\/eZy-Watermark-08-06-2023-09-15-04-3080p.m.-300x139.jpg 300w, https:\/\/www.zunoticia.com\/noticias-de-hidalgo\/wp-content\/uploads\/2023\/06\/eZy-Watermark-08-06-2023-09-15-04-3080p.m.-768x355.jpg 768w, https:\/\/www.zunoticia.com\/noticias-de-hidalgo\/wp-content\/uploads\/2023\/06\/eZy-Watermark-08-06-2023-09-15-04-3080p.m..jpg 1280w\" sizes=\"(max-width: 1024px) 100vw, 1024px\" \/><\/figure>\n\n\n\n<p>Adem\u00e1s, la Universidad Polit\u00e9cnica de Pachuca se encuentra trabajando con tres instituciones: la Universidad Du Sud Toulon Var; NANO-H y la Universidad Rabat V; en tanto que est\u00e1 por actualizar los acuerdos de cooperaci\u00f3n en el \u00e1rea de rob\u00f3tica con Francia.<\/p>\n\n\n\n<p>Mientras que la Universidad Polit\u00e9cnica Metropolitana de Hidalgo opera el Programa de Verano \u2018Aeron\u00e1utica y Espacio\u2019 con la Universidad Federal de Toulouse, proyecto con el que este a\u00f1o se ver\u00e1n beneficiados 22 estudiantes de la carrera de aeron\u00e1utica.<\/p>\n\n\n\n<p>El mandatario estatal enfatiz\u00f3 que tambi\u00e9n se cuenta con el Programa de Movilidad Internacional Estudiantil Mexprotec, iniciativa de la Cooperaci\u00f3n Franco-Mexicana en el \u00c1rea de la Ense\u00f1anza Profesional y Tecnol\u00f3gica Superior, pues durante los \u00faltimos 10 a\u00f1os, 6 de las 8 universidades tecnol\u00f3gicas de la entidad han contado con alumnas y alumnos becados.<\/p>\n\n\n\n<figure class=\"wp-block-image size-large\"><img decoding=\"async\" width=\"1024\" height=\"575\" src=\"https:\/\/www.zunoticia.com\/noticias-de-hidalgo\/wp-content\/uploads\/2023\/06\/eZy-Watermark-08-06-2023-09-15-23-2980p.m.-1024x575.jpg\" alt=\"\" class=\"wp-image-485621\" srcset=\"https:\/\/www.zunoticia.com\/noticias-de-hidalgo\/wp-content\/uploads\/2023\/06\/eZy-Watermark-08-06-2023-09-15-23-2980p.m.-1024x575.jpg 1024w, https:\/\/www.zunoticia.com\/noticias-de-hidalgo\/wp-content\/uploads\/2023\/06\/eZy-Watermark-08-06-2023-09-15-23-2980p.m.-300x169.jpg 300w, https:\/\/www.zunoticia.com\/noticias-de-hidalgo\/wp-content\/uploads\/2023\/06\/eZy-Watermark-08-06-2023-09-15-23-2980p.m.-768x431.jpg 768w, https:\/\/www.zunoticia.com\/noticias-de-hidalgo\/wp-content\/uploads\/2023\/06\/eZy-Watermark-08-06-2023-09-15-23-2980p.m..jpg 1280w\" sizes=\"(max-width: 1024px) 100vw, 1024px\" \/><\/figure>\n\n\n\n<p>\u201cImpulsar a las y los j\u00f3venes es uno de los principales objetivos de nuestra administraci\u00f3n, pues ellos ser\u00e1n quienes le den continuidad a los proyectos de desarrollo econ\u00f3mico y cultural que estamos cimentando, y con ello dejar un mejor futuro para nuestras hijas e hijos, por ello celebr\u00f3 que se fortalezcan los lazos entre Hidalgo y Francia\u201d, manifest\u00f3 el mandatario.<\/p>\n\n\n\n<p>Agreg\u00f3 que durante su encuentro con el embajador Jean-Pierre Asvazadourian tambi\u00e9n se tocaron temas econ\u00f3micos importantes para la entidad, y las posibles proyecciones que se tienen a futuro de las empresas que ya est\u00e1n instaladas en Hidalgo como es Aston en Tepeapulco, y las inversiones mineras que se tienen en Zimap\u00e1n.<\/p>\n\n\n\n<p>Por su parte, Jean-Pierre Asvazadourian valor\u00f3 el respaldo que el Gobierno de Hidalgo dio al intercambio estudiantil, \u201cpues es sin\u00f3nimo de la importancia que le dan a la educaci\u00f3n; tengan por seguro que en nosotros tienen un aliado para concretar proyectos de inversi\u00f3n que permitan construir un mejor futuro\u201d.<\/p>\n\n\n\n<p>Menchaca Salazar agradeci\u00f3 el inter\u00e9s que tiene Francia por los proyectos educativos con los que cuenta Hidalgo y por los proyectos econ\u00f3micos que existen y los que en un futuro se asentar\u00e1n en la entidad, para construir el Hidalgo que queremos.<\/p>\n\n\n\n<p>A este evento acudieron el secretario de Educaci\u00f3n (SEPH), Natividad Castrej\u00f3n y el de Econom\u00eda, Carlos Henkel Escorza, as\u00ed como el titular de la Unidad de Planeaci\u00f3n, Miguel Tello.<\/p>\n","protected":false},"excerpt":{"rendered":"<p>Por Redacci\u00f3n\/Zunoticia Pachuca, Hgo.- El gobernador del estado de Hidalgo, Julio Menchaca Salazar, y el excelent\u00edsimo se\u00f1or Jean-Pierre Asvazadourian, embajador de Francia en M\u00e9xico, sostuvieron una reuni\u00f3n con la finalidad de generar estrategias de vinculaci\u00f3n internacional para el intercambio acad\u00e9mico, tecnol\u00f3gico y cient\u00edfico, as\u00ed como la posibilidad de realizar inversiones econ\u00f3micas que permitan potencializar a&hellip; <a class=\"more-link\" href=\"https:\/\/www.zunoticia.com\/noticias-de-hidalgo\/2023\/06\/08\/construye-menchaca-lazos-educativos-y-comerciales-con-francia\/\">Seguir leyendo <span class=\"screen-reader-text\">Construye Menchaca lazos educativos y comerciales con Francia<\/span><\/a><\/p>\n","protected":false},"author":12,"featured_media":485620,"comment_status":"closed","ping_status":"open","sticky":false,"template":"","format":"standard","meta":{"rop_custom_images_group":[],"rop_custom_messages_group":[],"rop_publish_now":"initial","rop_publish_now_accounts":{"facebook_10159540855086992_322828327761733":""},"rop_publish_now_history":[],"rop_publish_now_status":"pending","footnotes":""},"categories":[208],"tags":[214],"class_list":["post-485619","post","type-post","status-publish","format-standard","has-post-thumbnail","hentry","category-estado","tag-estado","entry"],"_links":{"self":[{"href":"https:\/\/www.zunoticia.com\/noticias-de-hidalgo\/wp-json\/wp\/v2\/posts\/485619","targetHints":{"allow":["GET"]}}],"collection":[{"href":"https:\/\/www.zunoticia.com\/noticias-de-hidalgo\/wp-json\/wp\/v2\/posts"}],"about":[{"href":"https:\/\/www.zunoticia.com\/noticias-de-hidalgo\/wp-json\/wp\/v2\/types\/post"}],"author":[{"embeddable":true,"href":"https:\/\/www.zunoticia.com\/noticias-de-hidalgo\/wp-json\/wp\/v2\/users\/12"}],"replies":[{"embeddable":true,"href":"https:\/\/www.zunoticia.com\/noticias-de-hidalgo\/wp-json\/wp\/v2\/comments?post=485619"}],"version-history":[{"count":1,"href":"https:\/\/www.zunoticia.com\/noticias-de-hidalgo\/wp-json\/wp\/v2\/posts\/485619\/revisions"}],"predecessor-version":[{"id":485624,"href":"https:\/\/www.zunoticia.com\/noticias-de-hidalgo\/wp-json\/wp\/v2\/posts\/485619\/revisions\/485624"}],"wp:featuredmedia":[{"embeddable":true,"href":"https:\/\/www.zunoticia.com\/noticias-de-hidalgo\/wp-json\/wp\/v2\/media\/485620"}],"wp:attachment":[{"href":"https:\/\/www.zunoticia.com\/noticias-de-hidalgo\/wp-json\/wp\/v2\/media?parent=485619"}],"wp:term":[{"taxonomy":"category","embeddable":true,"href":"https:\/\/www.zunoticia.com\/noticias-de-hidalgo\/wp-json\/wp\/v2\/categories?post=485619"},{"taxonomy":"post_tag","embeddable":true,"href":"https:\/\/www.zunoticia.com\/noticias-de-hidalgo\/wp-json\/wp\/v2\/tags?post=485619"}],"curies":[{"name":"wp","href":"https:\/\/api.w.org\/{rel}","templated":true}]}}