{"id":485656,"date":"2023-06-09T13:02:03","date_gmt":"2023-06-09T19:02:03","guid":{"rendered":"https:\/\/www.zunoticia.com\/noticias-de-hidalgo\/?p=485656"},"modified":"2023-06-09T13:02:04","modified_gmt":"2023-06-09T19:02:04","slug":"participan-fieles-catolicos-en-el-corpus-christi","status":"publish","type":"post","link":"https:\/\/www.zunoticia.com\/noticias-de-hidalgo\/2023\/06\/09\/participan-fieles-catolicos-en-el-corpus-christi\/","title":{"rendered":"Participan fieles cat\u00f3licos en el Corpus Christi"},"content":{"rendered":"<aside class=\"mashsb-container mashsb-main mashsb-stretched\"><div class=\"mashsb-box\"><div class=\"mashsb-count mash-large\" style=\"float:left\"><div class=\"counts mashsbcount\">14<\/div><span class=\"mashsb-sharetext\">SHARES<\/span><\/div><div class=\"mashsb-buttons\"><a class=\"mashicon-facebook mash-large mash-center mashsb-noshadow\" href=\"https:\/\/www.facebook.com\/sharer.php?u=https%3A%2F%2Fwww.zunoticia.com%2Fnoticias-de-hidalgo%2F2023%2F06%2F09%2Fparticipan-fieles-catolicos-en-el-corpus-christi%2F\" target=\"_top\" rel=\"nofollow\"><span class=\"icon\"><\/span><span class=\"text\">Share<\/span><\/a><a class=\"mashicon-twitter mash-large mash-center mashsb-noshadow\" href=\"https:\/\/twitter.com\/intent\/tweet?text=&amp;url=https:\/\/www.zunoticia.com\/noticias-de-hidalgo\/2023\/06\/09\/participan-fieles-catolicos-en-el-corpus-christi\/\" target=\"_top\" rel=\"nofollow\"><span class=\"icon\"><\/span><span class=\"text\">Tweet<\/span><\/a><div class=\"onoffswitch2 mash-large mashsb-noshadow\" style=\"display:none\"><\/div><\/div>\n            <\/div>\n                <div style=\"clear:both\"><\/div><div class=\"mashsb-toggle-container\"><\/div><\/aside>\n            <!-- Share buttons by mashshare.net - Version: 4.0.47-->\n<p><em>Por Enedino Hern\u00e1ndez\/Zunoticia<\/em><\/p>\n\n\n\n<p><strong>Huejutla, Hgo<\/strong>.- Cientos de fieles cat\u00f3licos de la Di\u00f3cesis de Huejutla de Reyes participaron durante la tarde &#8211; noche del jueves, en la procesi\u00f3n con motivo de la celebraci\u00f3n del Corpus Christi.<\/p>\n\n\n\n<p>La actividad religiosa del Jueves de Corpus se llev\u00f3 a cabo a partir de las seis de la tarde, desde la Glorieta San Jos\u00e9 para recorrer las principales calles, hasta llegar a las ocho de la noche a la parroquia del Santuario de la Virgen de Guadalupe, en donde se procedi\u00f3 a realizar la Eucarist\u00eda de Corpus Christi.<\/p>\n\n\n\n<p>El Obispo de la Di\u00f3cesis de Huejutla de Reyes, Jos\u00e9 Hir\u00e1is Acosta Beltr\u00e1n, se\u00f1al\u00f3 que la celebraci\u00f3n del Corpus Christi o Jueves de Corpus se celebra el jueves posterior al domingo de la Sant\u00edsima Trinidad.<\/p>\n\n\n\n<p>Asimismo, se destaca que la festividad tambi\u00e9n es conocida como Corpus Domini, la Solemnidad del cuerpo y la Sangre de Cristo, esta es una de las mayores celebraciones del calendario cristiano.<\/p>\n\n\n\n<p>Durante la celebraci\u00f3n del Jueves de Corpus Christi los sacerdotes subrayaron: \u201cte pedimos nos concedas venerar de tal modo los sagrados misterios de tu Cuerpo y de Tu Sangre, que experimentemos constantemente en nosotros el fruto de Tu redenci\u00f3n\u201d.<\/p>\n\n\n\n<figure class=\"wp-block-gallery has-nested-images columns-default is-cropped wp-block-gallery-1 is-layout-flex wp-block-gallery-is-layout-flex\">\n<figure class=\"wp-block-image size-large\"><img fetchpriority=\"high\" decoding=\"async\" width=\"940\" height=\"788\" data-id=\"485658\" src=\"https:\/\/www.zunoticia.com\/noticias-de-hidalgo\/wp-content\/uploads\/2023\/06\/3-19.png\" alt=\"\" class=\"wp-image-485658\" srcset=\"https:\/\/www.zunoticia.com\/noticias-de-hidalgo\/wp-content\/uploads\/2023\/06\/3-19.png 940w, https:\/\/www.zunoticia.com\/noticias-de-hidalgo\/wp-content\/uploads\/2023\/06\/3-19-300x251.png 300w, https:\/\/www.zunoticia.com\/noticias-de-hidalgo\/wp-content\/uploads\/2023\/06\/3-19-768x644.png 768w\" sizes=\"(max-width: 940px) 100vw, 940px\" \/><\/figure>\n\n\n\n<figure class=\"wp-block-image size-large\"><img decoding=\"async\" width=\"940\" height=\"788\" data-id=\"485659\" src=\"https:\/\/www.zunoticia.com\/noticias-de-hidalgo\/wp-content\/uploads\/2023\/06\/1-63.png\" alt=\"\" class=\"wp-image-485659\" srcset=\"https:\/\/www.zunoticia.com\/noticias-de-hidalgo\/wp-content\/uploads\/2023\/06\/1-63.png 940w, https:\/\/www.zunoticia.com\/noticias-de-hidalgo\/wp-content\/uploads\/2023\/06\/1-63-300x251.png 300w, https:\/\/www.zunoticia.com\/noticias-de-hidalgo\/wp-content\/uploads\/2023\/06\/1-63-768x644.png 768w\" sizes=\"(max-width: 940px) 100vw, 940px\" \/><\/figure>\n<\/figure>\n","protected":false},"excerpt":{"rendered":"<p>Por Enedino Hern\u00e1ndez\/Zunoticia Huejutla, Hgo.- Cientos de fieles cat\u00f3licos de la Di\u00f3cesis de Huejutla de Reyes participaron durante la tarde &#8211; noche del jueves, en la procesi\u00f3n con motivo de la celebraci\u00f3n del Corpus Christi. La actividad religiosa del Jueves de Corpus se llev\u00f3 a cabo a partir de las seis de la tarde, desde&hellip; <a class=\"more-link\" href=\"https:\/\/www.zunoticia.com\/noticias-de-hidalgo\/2023\/06\/09\/participan-fieles-catolicos-en-el-corpus-christi\/\">Seguir leyendo <span class=\"screen-reader-text\">Participan fieles cat\u00f3licos en el Corpus Christi<\/span><\/a><\/p>\n","protected":false},"author":20,"featured_media":485657,"comment_status":"closed","ping_status":"open","sticky":false,"template":"","format":"standard","meta":{"rop_custom_images_group":[],"rop_custom_messages_group":[],"rop_publish_now":"initial","rop_publish_now_accounts":{"facebook_10159540855086992_322828327761733":""},"rop_publish_now_history":[],"rop_publish_now_status":"pending","footnotes":""},"categories":[181],"tags":[121],"class_list":["post-485656","post","type-post","status-publish","format-standard","has-post-thumbnail","hentry","category-huejutla","tag-huejutla","entry"],"_links":{"self":[{"href":"https:\/\/www.zunoticia.com\/noticias-de-hidalgo\/wp-json\/wp\/v2\/posts\/485656","targetHints":{"allow":["GET"]}}],"collection":[{"href":"https:\/\/www.zunoticia.com\/noticias-de-hidalgo\/wp-json\/wp\/v2\/posts"}],"about":[{"href":"https:\/\/www.zunoticia.com\/noticias-de-hidalgo\/wp-json\/wp\/v2\/types\/post"}],"author":[{"embeddable":true,"href":"https:\/\/www.zunoticia.com\/noticias-de-hidalgo\/wp-json\/wp\/v2\/users\/20"}],"replies":[{"embeddable":true,"href":"https:\/\/www.zunoticia.com\/noticias-de-hidalgo\/wp-json\/wp\/v2\/comments?post=485656"}],"version-history":[{"count":1,"href":"https:\/\/www.zunoticia.com\/noticias-de-hidalgo\/wp-json\/wp\/v2\/posts\/485656\/revisions"}],"predecessor-version":[{"id":485660,"href":"https:\/\/www.zunoticia.com\/noticias-de-hidalgo\/wp-json\/wp\/v2\/posts\/485656\/revisions\/485660"}],"wp:featuredmedia":[{"embeddable":true,"href":"https:\/\/www.zunoticia.com\/noticias-de-hidalgo\/wp-json\/wp\/v2\/media\/485657"}],"wp:attachment":[{"href":"https:\/\/www.zunoticia.com\/noticias-de-hidalgo\/wp-json\/wp\/v2\/media?parent=485656"}],"wp:term":[{"taxonomy":"category","embeddable":true,"href":"https:\/\/www.zunoticia.com\/noticias-de-hidalgo\/wp-json\/wp\/v2\/categories?post=485656"},{"taxonomy":"post_tag","embeddable":true,"href":"https:\/\/www.zunoticia.com\/noticias-de-hidalgo\/wp-json\/wp\/v2\/tags?post=485656"}],"curies":[{"name":"wp","href":"https:\/\/api.w.org\/{rel}","templated":true}]}}