{"id":485664,"date":"2023-06-09T13:59:52","date_gmt":"2023-06-09T19:59:52","guid":{"rendered":"https:\/\/www.zunoticia.com\/noticias-de-hidalgo\/?p=485664"},"modified":"2023-06-09T13:59:53","modified_gmt":"2023-06-09T19:59:53","slug":"agradecen-apoyo-de-comerciantes-al-liberar-por-dos-dias-las-plazas-del-centro","status":"publish","type":"post","link":"https:\/\/www.zunoticia.com\/noticias-de-hidalgo\/2023\/06\/09\/agradecen-apoyo-de-comerciantes-al-liberar-por-dos-dias-las-plazas-del-centro\/","title":{"rendered":"Agradecen apoyo de comerciantes al liberar por dos d\u00edas las plazas del Centro"},"content":{"rendered":"<aside class=\"mashsb-container mashsb-main mashsb-stretched\"><div class=\"mashsb-box\"><div class=\"mashsb-count mash-large\" style=\"float:left\"><div class=\"counts mashsbcount\">21<\/div><span class=\"mashsb-sharetext\">SHARES<\/span><\/div><div class=\"mashsb-buttons\"><a class=\"mashicon-facebook mash-large mash-center mashsb-noshadow\" href=\"https:\/\/www.facebook.com\/sharer.php?u=https%3A%2F%2Fwww.zunoticia.com%2Fnoticias-de-hidalgo%2F2023%2F06%2F09%2Fagradecen-apoyo-de-comerciantes-al-liberar-por-dos-dias-las-plazas-del-centro%2F\" target=\"_top\" rel=\"nofollow\"><span class=\"icon\"><\/span><span class=\"text\">Share<\/span><\/a><a class=\"mashicon-twitter mash-large mash-center mashsb-noshadow\" href=\"https:\/\/twitter.com\/intent\/tweet?text=&amp;url=https:\/\/www.zunoticia.com\/noticias-de-hidalgo\/2023\/06\/09\/agradecen-apoyo-de-comerciantes-al-liberar-por-dos-dias-las-plazas-del-centro\/\" target=\"_top\" rel=\"nofollow\"><span class=\"icon\"><\/span><span class=\"text\">Tweet<\/span><\/a><div class=\"onoffswitch2 mash-large mashsb-noshadow\" style=\"display:none\"><\/div><\/div>\n            <\/div>\n                <div style=\"clear:both\"><\/div><div class=\"mashsb-toggle-container\"><\/div><\/aside>\n            <!-- Share buttons by mashshare.net - Version: 4.0.47-->\n<p><em>Por Enedino Hern\u00e1ndez\/Zunoticia<\/em><\/p>\n\n\n\n<p><strong>Huejutla, Hgo<\/strong>.- Tal y como se hab\u00eda se\u00f1alado, las plazas del Centro Hist\u00f3rico de Huejutla se mantienen despejadas durante los d\u00edas viernes y s\u00e1bado con motivo de la visita del presidente de M\u00e9xico a la ciudad.<\/p>\n\n\n\n<p>El director de Reglamentos, Miguel \u00c1ngel Vargas Castel\u00e1n, dijo que, el presidente municipal a trav\u00e9s del \u00e1rea de Reglamentos agradece la comprensi\u00f3n y apoyo de los comerciantes que frecuentan el Centro Hist\u00f3rico.<\/p>\n\n\n\n<p>Dijo que, solo los d\u00edas viernes y s\u00e1bado, fue cuando se les requiri\u00f3 a los comerciantes para que mantuvieran libre las plazas del Centro Hist\u00f3rico por la visita de Obrador a la ciudad.<\/p>\n\n\n\n<p>&#8220;Agradecemos la comprensi\u00f3n de los comerciantes por su apoyo y dejar libre las plazas del Centro Hist\u00f3rico, aunque fue una indicaci\u00f3n de otro nivel, gracias por todo su apoyo&#8221; sostuvo.<\/p>\n\n\n\n<p>Concluy\u00f3 citando que la suspensi\u00f3n de actividades comerciales por las plazas del Centro Hist\u00f3rico de Huejutla es con motivo de la visita del presidente, por ello se le indic\u00f3 al alcalde que se requer\u00edan las plazas totalmente libres, por ello se les hizo la notificaci\u00f3n de manera oficial al comercio semifijo y ambulante solicit\u00e1ndoles el apoyo&#8221;.<\/p>\n\n\n\n<p><\/p>\n","protected":false},"excerpt":{"rendered":"<p>Por Enedino Hern\u00e1ndez\/Zunoticia Huejutla, Hgo.- Tal y como se hab\u00eda se\u00f1alado, las plazas del Centro Hist\u00f3rico de Huejutla se mantienen despejadas durante los d\u00edas viernes y s\u00e1bado con motivo de la visita del presidente de M\u00e9xico a la ciudad. El director de Reglamentos, Miguel \u00c1ngel Vargas Castel\u00e1n, dijo que, el presidente municipal a trav\u00e9s del&hellip; <a class=\"more-link\" href=\"https:\/\/www.zunoticia.com\/noticias-de-hidalgo\/2023\/06\/09\/agradecen-apoyo-de-comerciantes-al-liberar-por-dos-dias-las-plazas-del-centro\/\">Seguir leyendo <span class=\"screen-reader-text\">Agradecen apoyo de comerciantes al liberar por dos d\u00edas las plazas del Centro<\/span><\/a><\/p>\n","protected":false},"author":20,"featured_media":485665,"comment_status":"closed","ping_status":"open","sticky":false,"template":"","format":"standard","meta":{"rop_custom_images_group":[],"rop_custom_messages_group":[],"rop_publish_now":"initial","rop_publish_now_accounts":{"facebook_10159540855086992_322828327761733":""},"rop_publish_now_history":[],"rop_publish_now_status":"pending","footnotes":""},"categories":[181],"tags":[121],"class_list":["post-485664","post","type-post","status-publish","format-standard","has-post-thumbnail","hentry","category-huejutla","tag-huejutla","entry"],"_links":{"self":[{"href":"https:\/\/www.zunoticia.com\/noticias-de-hidalgo\/wp-json\/wp\/v2\/posts\/485664","targetHints":{"allow":["GET"]}}],"collection":[{"href":"https:\/\/www.zunoticia.com\/noticias-de-hidalgo\/wp-json\/wp\/v2\/posts"}],"about":[{"href":"https:\/\/www.zunoticia.com\/noticias-de-hidalgo\/wp-json\/wp\/v2\/types\/post"}],"author":[{"embeddable":true,"href":"https:\/\/www.zunoticia.com\/noticias-de-hidalgo\/wp-json\/wp\/v2\/users\/20"}],"replies":[{"embeddable":true,"href":"https:\/\/www.zunoticia.com\/noticias-de-hidalgo\/wp-json\/wp\/v2\/comments?post=485664"}],"version-history":[{"count":1,"href":"https:\/\/www.zunoticia.com\/noticias-de-hidalgo\/wp-json\/wp\/v2\/posts\/485664\/revisions"}],"predecessor-version":[{"id":485666,"href":"https:\/\/www.zunoticia.com\/noticias-de-hidalgo\/wp-json\/wp\/v2\/posts\/485664\/revisions\/485666"}],"wp:featuredmedia":[{"embeddable":true,"href":"https:\/\/www.zunoticia.com\/noticias-de-hidalgo\/wp-json\/wp\/v2\/media\/485665"}],"wp:attachment":[{"href":"https:\/\/www.zunoticia.com\/noticias-de-hidalgo\/wp-json\/wp\/v2\/media?parent=485664"}],"wp:term":[{"taxonomy":"category","embeddable":true,"href":"https:\/\/www.zunoticia.com\/noticias-de-hidalgo\/wp-json\/wp\/v2\/categories?post=485664"},{"taxonomy":"post_tag","embeddable":true,"href":"https:\/\/www.zunoticia.com\/noticias-de-hidalgo\/wp-json\/wp\/v2\/tags?post=485664"}],"curies":[{"name":"wp","href":"https:\/\/api.w.org\/{rel}","templated":true}]}}