{"id":485683,"date":"2023-06-09T16:45:35","date_gmt":"2023-06-09T22:45:35","guid":{"rendered":"https:\/\/www.zunoticia.com\/noticias-de-hidalgo\/?p=485683"},"modified":"2023-06-09T16:45:36","modified_gmt":"2023-06-09T22:45:36","slug":"orizatlan-firma-convenio-con-la-universidad-politecnica-campus-huejutla","status":"publish","type":"post","link":"https:\/\/www.zunoticia.com\/noticias-de-hidalgo\/2023\/06\/09\/orizatlan-firma-convenio-con-la-universidad-politecnica-campus-huejutla\/","title":{"rendered":"Orizatl\u00e1n firma convenio con la Universidad Polit\u00e9cnica campus Huejutla"},"content":{"rendered":"<aside class=\"mashsb-container mashsb-main mashsb-stretched\"><div class=\"mashsb-box\"><div class=\"mashsb-count mash-large\" style=\"float:left\"><div class=\"counts mashsbcount\">1<\/div><span class=\"mashsb-sharetext\">SHARES<\/span><\/div><div class=\"mashsb-buttons\"><a class=\"mashicon-facebook mash-large mash-center mashsb-noshadow\" href=\"https:\/\/www.facebook.com\/sharer.php?u=https%3A%2F%2Fwww.zunoticia.com%2Fnoticias-de-hidalgo%2F2023%2F06%2F09%2Forizatlan-firma-convenio-con-la-universidad-politecnica-campus-huejutla%2F\" target=\"_top\" rel=\"nofollow\"><span class=\"icon\"><\/span><span class=\"text\">Share<\/span><\/a><a class=\"mashicon-twitter mash-large mash-center mashsb-noshadow\" href=\"https:\/\/twitter.com\/intent\/tweet?text=&amp;url=https:\/\/www.zunoticia.com\/noticias-de-hidalgo\/2023\/06\/09\/orizatlan-firma-convenio-con-la-universidad-politecnica-campus-huejutla\/\" target=\"_top\" rel=\"nofollow\"><span class=\"icon\"><\/span><span class=\"text\">Tweet<\/span><\/a><div class=\"onoffswitch2 mash-large mashsb-noshadow\" style=\"display:none\"><\/div><\/div>\n            <\/div>\n                <div style=\"clear:both\"><\/div><div class=\"mashsb-toggle-container\"><\/div><\/aside>\n            <!-- Share buttons by mashshare.net - Version: 4.0.47-->\n<p><em>Por Redacci\u00f3n\/Zunoticia<\/em><\/p>\n\n\n\n<p><strong>San Felipe Orizatl\u00e1n, Hgo<\/strong>.- Este viernes se llev\u00f3 a cabo la firma de convenio entre el H. Ayuntamiento de Orizatl\u00e1n que dirige la presidenta Erika Saab Lara, con la Universidad Polit\u00e9cnica Campus Huejutla a cargo por Jos\u00e9 Eugenio Segura Marroqu\u00edn, rector de la casa de estudios, con la finalidad de trabajar de manera coordinada y productiva entre ambas instituciones p\u00fablicas.<\/p>\n\n\n\n<p>En su mensaje, la alcaldesa dijo que, la firma de colaboraci\u00f3n entre el gobierno municipal y la Universidad Polit\u00e9cnica significa una alianza para trabajar de la mano para el desarrollo del municipio y de la regi\u00f3n huasteca, con el inter\u00e9s de realizar acciones conjuntas para fortalecer la educaci\u00f3n, la investigaci\u00f3n y la vinculaci\u00f3n con el sector educativo y productivo, en el \u00e1mbito de sus respectivas competencias, implementar\u00e1n y fomentar\u00e1n la cooperaci\u00f3n entre ella, para promover las estancias, estad\u00edas, capacitaci\u00f3n mutua, investigaci\u00f3n, formaci\u00f3n dual, la pr\u00e1ctica profesional, el intercambio de experiencia t\u00e9cnica y el desarrollo de las actividades de inter\u00e9s mutuo, dando oportunidad al estudiantado de la UPH para cambiar los conocimientos te\u00f3ricos con la pr\u00e1ctica.<\/p>\n\n\n\n<p>De igual forma, la asistencia en materia de investigaci\u00f3n y desarrollo tecnol\u00f3gico, transferencia de tecnolog\u00eda, estancias de investigaci\u00f3n, formaci\u00f3n y capacitaci\u00f3n de recursos humanos, promoci\u00f3n de talentos y prestaci\u00f3n de servicios, destac\u00f3 la edil.<\/p>\n\n\n\n<p>Por su parte, el rector de la Universidad Polit\u00e9cnica Campus Huejutla agradeci\u00f3 la confianza por parte de la alcaldesa Erika Saab Lara, y la oportunidad de trabajar de la mano, ya que ambas instituciones tienen un gran potencial en la regi\u00f3n huasteca, por lo que tambi\u00e9n trabajar\u00e1n conjuntamente en el emprendimiento, innovaci\u00f3n y la impartici\u00f3n de cursos en beneficio de todos, con el firme prop\u00f3sito de fortalecer la vinculaci\u00f3n y as\u00ed facilite la realizaci\u00f3n de proyectos a futuras generaciones.<\/p>\n\n\n\n<figure class=\"wp-block-image size-full\"><img fetchpriority=\"high\" decoding=\"async\" width=\"940\" height=\"788\" src=\"https:\/\/www.zunoticia.com\/noticias-de-hidalgo\/wp-content\/uploads\/2023\/06\/2-69.png\" alt=\"\" class=\"wp-image-485685\" srcset=\"https:\/\/www.zunoticia.com\/noticias-de-hidalgo\/wp-content\/uploads\/2023\/06\/2-69.png 940w, https:\/\/www.zunoticia.com\/noticias-de-hidalgo\/wp-content\/uploads\/2023\/06\/2-69-300x251.png 300w, https:\/\/www.zunoticia.com\/noticias-de-hidalgo\/wp-content\/uploads\/2023\/06\/2-69-768x644.png 768w\" sizes=\"(max-width: 940px) 100vw, 940px\" \/><\/figure>\n","protected":false},"excerpt":{"rendered":"<p>Por Redacci\u00f3n\/Zunoticia San Felipe Orizatl\u00e1n, Hgo.- Este viernes se llev\u00f3 a cabo la firma de convenio entre el H. Ayuntamiento de Orizatl\u00e1n que dirige la presidenta Erika Saab Lara, con la Universidad Polit\u00e9cnica Campus Huejutla a cargo por Jos\u00e9 Eugenio Segura Marroqu\u00edn, rector de la casa de estudios, con la finalidad de trabajar de manera&hellip; <a class=\"more-link\" href=\"https:\/\/www.zunoticia.com\/noticias-de-hidalgo\/2023\/06\/09\/orizatlan-firma-convenio-con-la-universidad-politecnica-campus-huejutla\/\">Seguir leyendo <span class=\"screen-reader-text\">Orizatl\u00e1n firma convenio con la Universidad Polit\u00e9cnica campus Huejutla<\/span><\/a><\/p>\n","protected":false},"author":20,"featured_media":485684,"comment_status":"closed","ping_status":"open","sticky":false,"template":"","format":"standard","meta":{"rop_custom_images_group":[],"rop_custom_messages_group":[],"rop_publish_now":"initial","rop_publish_now_accounts":{"facebook_10159540855086992_322828327761733":""},"rop_publish_now_history":[],"rop_publish_now_status":"pending","footnotes":""},"categories":[180],"tags":[],"class_list":["post-485683","post","type-post","status-publish","format-standard","has-post-thumbnail","hentry","category-orizatlan","entry"],"_links":{"self":[{"href":"https:\/\/www.zunoticia.com\/noticias-de-hidalgo\/wp-json\/wp\/v2\/posts\/485683","targetHints":{"allow":["GET"]}}],"collection":[{"href":"https:\/\/www.zunoticia.com\/noticias-de-hidalgo\/wp-json\/wp\/v2\/posts"}],"about":[{"href":"https:\/\/www.zunoticia.com\/noticias-de-hidalgo\/wp-json\/wp\/v2\/types\/post"}],"author":[{"embeddable":true,"href":"https:\/\/www.zunoticia.com\/noticias-de-hidalgo\/wp-json\/wp\/v2\/users\/20"}],"replies":[{"embeddable":true,"href":"https:\/\/www.zunoticia.com\/noticias-de-hidalgo\/wp-json\/wp\/v2\/comments?post=485683"}],"version-history":[{"count":1,"href":"https:\/\/www.zunoticia.com\/noticias-de-hidalgo\/wp-json\/wp\/v2\/posts\/485683\/revisions"}],"predecessor-version":[{"id":485686,"href":"https:\/\/www.zunoticia.com\/noticias-de-hidalgo\/wp-json\/wp\/v2\/posts\/485683\/revisions\/485686"}],"wp:featuredmedia":[{"embeddable":true,"href":"https:\/\/www.zunoticia.com\/noticias-de-hidalgo\/wp-json\/wp\/v2\/media\/485684"}],"wp:attachment":[{"href":"https:\/\/www.zunoticia.com\/noticias-de-hidalgo\/wp-json\/wp\/v2\/media?parent=485683"}],"wp:term":[{"taxonomy":"category","embeddable":true,"href":"https:\/\/www.zunoticia.com\/noticias-de-hidalgo\/wp-json\/wp\/v2\/categories?post=485683"},{"taxonomy":"post_tag","embeddable":true,"href":"https:\/\/www.zunoticia.com\/noticias-de-hidalgo\/wp-json\/wp\/v2\/tags?post=485683"}],"curies":[{"name":"wp","href":"https:\/\/api.w.org\/{rel}","templated":true}]}}