{"id":485687,"date":"2023-06-09T16:59:35","date_gmt":"2023-06-09T22:59:35","guid":{"rendered":"https:\/\/www.zunoticia.com\/noticias-de-hidalgo\/?p=485687"},"modified":"2023-06-09T16:59:36","modified_gmt":"2023-06-09T22:59:36","slug":"preparan-camellones-para-sembrar-semillas-de-cempoalxochitl","status":"publish","type":"post","link":"https:\/\/www.zunoticia.com\/noticias-de-hidalgo\/2023\/06\/09\/preparan-camellones-para-sembrar-semillas-de-cempoalxochitl\/","title":{"rendered":"Preparan camellones para sembrar semillas de cempoalxochitl"},"content":{"rendered":"<aside class=\"mashsb-container mashsb-main mashsb-stretched\"><div class=\"mashsb-box\"><div class=\"mashsb-count mash-large\" style=\"float:left\"><div class=\"counts mashsbcount\">38<\/div><span class=\"mashsb-sharetext\">SHARES<\/span><\/div><div class=\"mashsb-buttons\"><a class=\"mashicon-facebook mash-large mash-center mashsb-noshadow\" href=\"https:\/\/www.facebook.com\/sharer.php?u=https%3A%2F%2Fwww.zunoticia.com%2Fnoticias-de-hidalgo%2F2023%2F06%2F09%2Fpreparan-camellones-para-sembrar-semillas-de-cempoalxochitl%2F\" target=\"_top\" rel=\"nofollow\"><span class=\"icon\"><\/span><span class=\"text\">Share<\/span><\/a><a class=\"mashicon-twitter mash-large mash-center mashsb-noshadow\" href=\"https:\/\/twitter.com\/intent\/tweet?text=&amp;url=https:\/\/www.zunoticia.com\/noticias-de-hidalgo\/2023\/06\/09\/preparan-camellones-para-sembrar-semillas-de-cempoalxochitl\/\" target=\"_top\" rel=\"nofollow\"><span class=\"icon\"><\/span><span class=\"text\">Tweet<\/span><\/a><div class=\"onoffswitch2 mash-large mashsb-noshadow\" style=\"display:none\"><\/div><\/div>\n            <\/div>\n                <div style=\"clear:both\"><\/div><div class=\"mashsb-toggle-container\"><\/div><\/aside>\n            <!-- Share buttons by mashshare.net - Version: 4.0.47-->\n<p><em>Por Enedino Hern\u00e1ndez\/Zunoticia<\/em><\/p>\n\n\n\n<p><strong>Huejutla, Hgo.-<\/strong> Tal y como se hab\u00eda anticipado, durante la presente semana se iniciaron los trabajos de &#8216;deshierbe&#8217; de los camellones centrales, de la carretera federal, en el tramo comprendido del CRIC a El Moreno.<\/p>\n\n\n\n<p>El director de Proyectos Productivos en Huejutla, David Ch\u00e1vez Hern\u00e1ndez, confirm\u00f3 que con el deshierbe de los espacios citados se inician los trabajos para que el d\u00eda 24 de junio se proceda a realizar la siembra de la semilla de la flor de cempoalxochitl.<\/p>\n\n\n\n<p>Detall\u00f3 que, en los trabajos correspondientes que se aplican a lo largo de 4 kil\u00f3metros, se cuenta con el apoyo de un buen n\u00famero de trabajadores de las diversas \u00e1reas de la presidencia municipal de Huejutla.<\/p>\n\n\n\n<p>Sugiere a la poblaci\u00f3n en general que colaboren en los trabajos, sobre todo, que una vez que se haya sembrado la semilla de la flor del cempoalxochitl que cuiden en su crecimiento, ya que el a\u00f1o anterior, de manera inconsciente algunas personas arrancaban las plantas.<\/p>\n\n\n\n<figure class=\"wp-block-image size-full\"><img fetchpriority=\"high\" decoding=\"async\" width=\"940\" height=\"788\" src=\"https:\/\/www.zunoticia.com\/noticias-de-hidalgo\/wp-content\/uploads\/2023\/06\/2-70.png\" alt=\"\" class=\"wp-image-485689\" srcset=\"https:\/\/www.zunoticia.com\/noticias-de-hidalgo\/wp-content\/uploads\/2023\/06\/2-70.png 940w, https:\/\/www.zunoticia.com\/noticias-de-hidalgo\/wp-content\/uploads\/2023\/06\/2-70-300x251.png 300w, https:\/\/www.zunoticia.com\/noticias-de-hidalgo\/wp-content\/uploads\/2023\/06\/2-70-768x644.png 768w\" sizes=\"(max-width: 940px) 100vw, 940px\" \/><\/figure>\n","protected":false},"excerpt":{"rendered":"<p>Por Enedino Hern\u00e1ndez\/Zunoticia Huejutla, Hgo.- Tal y como se hab\u00eda anticipado, durante la presente semana se iniciaron los trabajos de &#8216;deshierbe&#8217; de los camellones centrales, de la carretera federal, en el tramo comprendido del CRIC a El Moreno. El director de Proyectos Productivos en Huejutla, David Ch\u00e1vez Hern\u00e1ndez, confirm\u00f3 que con el deshierbe de los&hellip; <a class=\"more-link\" href=\"https:\/\/www.zunoticia.com\/noticias-de-hidalgo\/2023\/06\/09\/preparan-camellones-para-sembrar-semillas-de-cempoalxochitl\/\">Seguir leyendo <span class=\"screen-reader-text\">Preparan camellones para sembrar semillas de cempoalxochitl<\/span><\/a><\/p>\n","protected":false},"author":20,"featured_media":485688,"comment_status":"closed","ping_status":"open","sticky":false,"template":"","format":"standard","meta":{"rop_custom_images_group":[],"rop_custom_messages_group":[],"rop_publish_now":"initial","rop_publish_now_accounts":{"facebook_10159540855086992_322828327761733":""},"rop_publish_now_history":[],"rop_publish_now_status":"pending","footnotes":""},"categories":[181],"tags":[121],"class_list":["post-485687","post","type-post","status-publish","format-standard","has-post-thumbnail","hentry","category-huejutla","tag-huejutla","entry"],"_links":{"self":[{"href":"https:\/\/www.zunoticia.com\/noticias-de-hidalgo\/wp-json\/wp\/v2\/posts\/485687","targetHints":{"allow":["GET"]}}],"collection":[{"href":"https:\/\/www.zunoticia.com\/noticias-de-hidalgo\/wp-json\/wp\/v2\/posts"}],"about":[{"href":"https:\/\/www.zunoticia.com\/noticias-de-hidalgo\/wp-json\/wp\/v2\/types\/post"}],"author":[{"embeddable":true,"href":"https:\/\/www.zunoticia.com\/noticias-de-hidalgo\/wp-json\/wp\/v2\/users\/20"}],"replies":[{"embeddable":true,"href":"https:\/\/www.zunoticia.com\/noticias-de-hidalgo\/wp-json\/wp\/v2\/comments?post=485687"}],"version-history":[{"count":1,"href":"https:\/\/www.zunoticia.com\/noticias-de-hidalgo\/wp-json\/wp\/v2\/posts\/485687\/revisions"}],"predecessor-version":[{"id":485690,"href":"https:\/\/www.zunoticia.com\/noticias-de-hidalgo\/wp-json\/wp\/v2\/posts\/485687\/revisions\/485690"}],"wp:featuredmedia":[{"embeddable":true,"href":"https:\/\/www.zunoticia.com\/noticias-de-hidalgo\/wp-json\/wp\/v2\/media\/485688"}],"wp:attachment":[{"href":"https:\/\/www.zunoticia.com\/noticias-de-hidalgo\/wp-json\/wp\/v2\/media?parent=485687"}],"wp:term":[{"taxonomy":"category","embeddable":true,"href":"https:\/\/www.zunoticia.com\/noticias-de-hidalgo\/wp-json\/wp\/v2\/categories?post=485687"},{"taxonomy":"post_tag","embeddable":true,"href":"https:\/\/www.zunoticia.com\/noticias-de-hidalgo\/wp-json\/wp\/v2\/tags?post=485687"}],"curies":[{"name":"wp","href":"https:\/\/api.w.org\/{rel}","templated":true}]}}