{"id":485714,"date":"2023-06-09T18:48:49","date_gmt":"2023-06-10T00:48:49","guid":{"rendered":"https:\/\/www.zunoticia.com\/noticias-de-hidalgo\/?p=485714"},"modified":"2023-06-09T18:48:50","modified_gmt":"2023-06-10T00:48:50","slug":"hidalgo-garantiza-la-educacion-inclusiva-estudiantes-sordos-reciben-clases-en-lengua-de-senas","status":"publish","type":"post","link":"https:\/\/www.zunoticia.com\/noticias-de-hidalgo\/2023\/06\/09\/hidalgo-garantiza-la-educacion-inclusiva-estudiantes-sordos-reciben-clases-en-lengua-de-senas\/","title":{"rendered":"Hidalgo garantiza la educaci\u00f3n inclusiva: estudiantes sordos reciben clases en lengua de se\u00f1as"},"content":{"rendered":"<aside class=\"mashsb-container mashsb-main mashsb-stretched\"><div class=\"mashsb-box\"><div class=\"mashsb-count mash-large\" style=\"float:left\"><div class=\"counts mashsbcount\">2<\/div><span class=\"mashsb-sharetext\">SHARES<\/span><\/div><div class=\"mashsb-buttons\"><a class=\"mashicon-facebook mash-large mash-center mashsb-noshadow\" href=\"https:\/\/www.facebook.com\/sharer.php?u=https%3A%2F%2Fwww.zunoticia.com%2Fnoticias-de-hidalgo%2F2023%2F06%2F09%2Fhidalgo-garantiza-la-educacion-inclusiva-estudiantes-sordos-reciben-clases-en-lengua-de-senas%2F\" target=\"_top\" rel=\"nofollow\"><span class=\"icon\"><\/span><span class=\"text\">Share<\/span><\/a><a class=\"mashicon-twitter mash-large mash-center mashsb-noshadow\" href=\"https:\/\/twitter.com\/intent\/tweet?text=&amp;url=https:\/\/www.zunoticia.com\/noticias-de-hidalgo\/2023\/06\/09\/hidalgo-garantiza-la-educacion-inclusiva-estudiantes-sordos-reciben-clases-en-lengua-de-senas\/\" target=\"_top\" rel=\"nofollow\"><span class=\"icon\"><\/span><span class=\"text\">Tweet<\/span><\/a><div class=\"onoffswitch2 mash-large mashsb-noshadow\" style=\"display:none\"><\/div><\/div>\n            <\/div>\n                <div style=\"clear:both\"><\/div><div class=\"mashsb-toggle-container\"><\/div><\/aside>\n            <!-- Share buttons by mashshare.net - Version: 4.0.47-->\n<p>\u00b7 10 de junio, se conmemora el D\u00eda Nacional de la Lengua de Se\u00f1as Mexicana.<\/p>\n\n\n\n<p><em>Por Redacci\u00f3n\/Zunoticia<\/em><\/p>\n\n\n\n<p><strong>Pachuca de Soto, Hgo<\/strong>.- La Secretar\u00eda de Educaci\u00f3n P\u00fablica de Hidalgo (SEPH), a cargo de Natividad Castrej\u00f3n Valdez, lleva a cabo diversas acciones que garantizan la educaci\u00f3n inclusiva, con lo que se cumple la instrucci\u00f3n del gobernador Julio Menchaca Salazar, de brindar el servicio educativo a todas y todos los estudiantes, con especial \u00e9nfasis a quienes presentan condiciones de marginaci\u00f3n y vulnerabilidad.<\/p>\n\n\n\n<p>Al respecto, la directora de la Unidad de Servicios de Apoyo a la Educaci\u00f3n Regular (USAER) No. 21, de Cuautepec de Hinojosa, Aurora Yasm\u00edn Morales Soto, asegur\u00f3 que en esta administraci\u00f3n a la \u201cdiscapacidad se le mira con nuevos ojos\u201d.<\/p>\n\n\n\n<p>De ah\u00ed la importancia de que se promueva el uso de la Lengua de Se\u00f1as Mexicana (LSM), principal medio por el cual se comunica la comunidad sorda en el pa\u00eds; destac\u00f3 que \u00e9sta consiste en una serie de signos gestuales articulados con las manos y acompa\u00f1ados de expresiones faciales, mirada intencional y movimiento corporal, dotados de funci\u00f3n ling\u00fc\u00edstica.<\/p>\n\n\n\n<p>\u201cSe le llama lengua y no lenguaje porque el lenguaje es la capacidad innata que tenemos todos los seres humanos para comunicarnos, mientras que la lengua es un conjunto organizado de signos ling\u00fc\u00edsticos\u201d, a\u00f1adi\u00f3.<\/p>\n\n\n\n<p>Explic\u00f3 que entre los antecedentes m\u00e1s remotos de los que se tiene registro, se encuentra la creaci\u00f3n de la escuela de sordomudos y la fundaci\u00f3n de la Escuela Nacional de Sordomudos (ENS) como escuela para formar profesores; ambas instituciones creadas por decreto presidencial de Benito Ju\u00e1rez y Edward Huet.<\/p>\n\n\n\n<p>Coment\u00f3 que la mejor manera de conmemorar este d\u00eda, es comprometerse con la comunidad sorda, respetar sus derechos, su lengua y como autoridades, comprometerse a aprenderla para romper barreras de comunicaci\u00f3n, venciendo as\u00ed el miedo a enfrentar a otro que puede ser distinto, pero hacer lo necesario para comunicarse.<\/p>\n\n\n\n<p>En Hidalgo, existen 29 Centros de Atenci\u00f3n M\u00faltiple (CAM) pertenecientes a la SEPH a trav\u00e9s de Educaci\u00f3n Especial, se atiende en este ciclo escolar a 17 estudiantes sordos, quienes reciben clases a trav\u00e9s de la Lengua de Se\u00f1as Mexicana.<\/p>\n\n\n\n<p>El 10 de junio de cada a\u00f1o, desde el 2005, se conmemora en el pa\u00eds el D\u00eda Nacional de la Lengua de Se\u00f1as Mexicana, siendo \u00e9sta la lengua materna de las personas en condici\u00f3n de sordera, la cual es reconocida oficialmente como una lengua nacional y forma parte del patrimonio ling\u00fc\u00edstico y cultural con que cuenta el pa\u00eds.<\/p>\n\n\n\n<p>UTVM ofrece educaci\u00f3n superior incluyente<\/p>\n\n\n\n<p>De esa forma, con el objetivo de contribuir al desarrollo social a trav\u00e9s de la educaci\u00f3n superior, la Universidad Tecnol\u00f3gica del Valle del Mezquital (UTVM) abri\u00f3 la convocatoria para estudiar una carrera profesional a trav\u00e9s del Programa de Educaci\u00f3n Superior Incluyente (PESI), dirigido a aquellos j\u00f3venes que tienen alguna discapacidad.<\/p>\n\n\n\n<p>Con estas acciones, se promueve no \u00fanicamente la cultura de inclusi\u00f3n educativa en la comunidad universitaria, sino en la sociedad en general, asegurando con ello un trato digno y la aceptaci\u00f3n de las personas con discapacidad.<\/p>\n\n\n\n<p>El PESI permite ofrecer educaci\u00f3n superior tecnol\u00f3gica de calidad a personas con discapacidad, favoreciendo adem\u00e1s la vinculaci\u00f3n con los sectores social y productivo, que generen las condiciones necesarias para la inserci\u00f3n laboral de los j\u00f3venes universitarios al t\u00e9rmino de sus estudios.<\/p>\n\n\n\n<figure class=\"wp-block-image size-full\"><img fetchpriority=\"high\" decoding=\"async\" width=\"940\" height=\"788\" src=\"https:\/\/www.zunoticia.com\/noticias-de-hidalgo\/wp-content\/uploads\/2023\/06\/1-71.png\" alt=\"\" class=\"wp-image-485716\" srcset=\"https:\/\/www.zunoticia.com\/noticias-de-hidalgo\/wp-content\/uploads\/2023\/06\/1-71.png 940w, https:\/\/www.zunoticia.com\/noticias-de-hidalgo\/wp-content\/uploads\/2023\/06\/1-71-300x251.png 300w, https:\/\/www.zunoticia.com\/noticias-de-hidalgo\/wp-content\/uploads\/2023\/06\/1-71-768x644.png 768w\" sizes=\"(max-width: 940px) 100vw, 940px\" \/><\/figure>\n","protected":false},"excerpt":{"rendered":"<p>\u00b7 10 de junio, se conmemora el D\u00eda Nacional de la Lengua de Se\u00f1as Mexicana. Por Redacci\u00f3n\/Zunoticia Pachuca de Soto, Hgo.- La Secretar\u00eda de Educaci\u00f3n P\u00fablica de Hidalgo (SEPH), a cargo de Natividad Castrej\u00f3n Valdez, lleva a cabo diversas acciones que garantizan la educaci\u00f3n inclusiva, con lo que se cumple la instrucci\u00f3n del gobernador Julio&hellip; <a class=\"more-link\" href=\"https:\/\/www.zunoticia.com\/noticias-de-hidalgo\/2023\/06\/09\/hidalgo-garantiza-la-educacion-inclusiva-estudiantes-sordos-reciben-clases-en-lengua-de-senas\/\">Seguir leyendo <span class=\"screen-reader-text\">Hidalgo garantiza la educaci\u00f3n inclusiva: estudiantes sordos reciben clases en lengua de se\u00f1as<\/span><\/a><\/p>\n","protected":false},"author":20,"featured_media":485715,"comment_status":"closed","ping_status":"open","sticky":false,"template":"","format":"standard","meta":{"rop_custom_images_group":[],"rop_custom_messages_group":[],"rop_publish_now":"initial","rop_publish_now_accounts":{"facebook_10159540855086992_322828327761733":""},"rop_publish_now_history":[],"rop_publish_now_status":"pending","footnotes":""},"categories":[208],"tags":[214],"class_list":["post-485714","post","type-post","status-publish","format-standard","has-post-thumbnail","hentry","category-estado","tag-estado","entry"],"_links":{"self":[{"href":"https:\/\/www.zunoticia.com\/noticias-de-hidalgo\/wp-json\/wp\/v2\/posts\/485714","targetHints":{"allow":["GET"]}}],"collection":[{"href":"https:\/\/www.zunoticia.com\/noticias-de-hidalgo\/wp-json\/wp\/v2\/posts"}],"about":[{"href":"https:\/\/www.zunoticia.com\/noticias-de-hidalgo\/wp-json\/wp\/v2\/types\/post"}],"author":[{"embeddable":true,"href":"https:\/\/www.zunoticia.com\/noticias-de-hidalgo\/wp-json\/wp\/v2\/users\/20"}],"replies":[{"embeddable":true,"href":"https:\/\/www.zunoticia.com\/noticias-de-hidalgo\/wp-json\/wp\/v2\/comments?post=485714"}],"version-history":[{"count":1,"href":"https:\/\/www.zunoticia.com\/noticias-de-hidalgo\/wp-json\/wp\/v2\/posts\/485714\/revisions"}],"predecessor-version":[{"id":485717,"href":"https:\/\/www.zunoticia.com\/noticias-de-hidalgo\/wp-json\/wp\/v2\/posts\/485714\/revisions\/485717"}],"wp:featuredmedia":[{"embeddable":true,"href":"https:\/\/www.zunoticia.com\/noticias-de-hidalgo\/wp-json\/wp\/v2\/media\/485715"}],"wp:attachment":[{"href":"https:\/\/www.zunoticia.com\/noticias-de-hidalgo\/wp-json\/wp\/v2\/media?parent=485714"}],"wp:term":[{"taxonomy":"category","embeddable":true,"href":"https:\/\/www.zunoticia.com\/noticias-de-hidalgo\/wp-json\/wp\/v2\/categories?post=485714"},{"taxonomy":"post_tag","embeddable":true,"href":"https:\/\/www.zunoticia.com\/noticias-de-hidalgo\/wp-json\/wp\/v2\/tags?post=485714"}],"curies":[{"name":"wp","href":"https:\/\/api.w.org\/{rel}","templated":true}]}}