{"id":485780,"date":"2023-06-09T21:37:07","date_gmt":"2023-06-10T03:37:07","guid":{"rendered":"https:\/\/www.zunoticia.com\/noticias-de-hidalgo\/?p=485780"},"modified":"2023-06-09T21:37:08","modified_gmt":"2023-06-10T03:37:08","slug":"inter-union-vencio-al-deportivo-nava-en-lmfvm","status":"publish","type":"post","link":"https:\/\/www.zunoticia.com\/noticias-de-hidalgo\/2023\/06\/09\/inter-union-vencio-al-deportivo-nava-en-lmfvm\/","title":{"rendered":"Inter Uni\u00f3n venci\u00f3 al Deportivo Nava en LMFVM"},"content":{"rendered":"<aside class=\"mashsb-container mashsb-main mashsb-stretched\"><div class=\"mashsb-box\"><div class=\"mashsb-count mash-large\" style=\"float:left\"><div class=\"counts mashsbcount\">1<\/div><span class=\"mashsb-sharetext\">SHARES<\/span><\/div><div class=\"mashsb-buttons\"><a class=\"mashicon-facebook mash-large mash-center mashsb-noshadow\" href=\"https:\/\/www.facebook.com\/sharer.php?u=https%3A%2F%2Fwww.zunoticia.com%2Fnoticias-de-hidalgo%2F2023%2F06%2F09%2Finter-union-vencio-al-deportivo-nava-en-lmfvm%2F\" target=\"_top\" rel=\"nofollow\"><span class=\"icon\"><\/span><span class=\"text\">Share<\/span><\/a><a class=\"mashicon-twitter mash-large mash-center mashsb-noshadow\" href=\"https:\/\/twitter.com\/intent\/tweet?text=&amp;url=https:\/\/www.zunoticia.com\/noticias-de-hidalgo\/2023\/06\/09\/inter-union-vencio-al-deportivo-nava-en-lmfvm\/\" target=\"_top\" rel=\"nofollow\"><span class=\"icon\"><\/span><span class=\"text\">Tweet<\/span><\/a><div class=\"onoffswitch2 mash-large mashsb-noshadow\" style=\"display:none\"><\/div><\/div>\n            <\/div>\n                <div style=\"clear:both\"><\/div><div class=\"mashsb-toggle-container\"><\/div><\/aside>\n            <!-- Share buttons by mashshare.net - Version: 4.0.47-->\n<ul class=\"wp-block-list\">\n<li>En otros resultados: Radio Tordos 5 \u2013 3 a Tuzos, Superior 2 \u2013 2 a Guerreros (punto extra Superior), Deportivo Pintor 5 \u2013 1 a Atlapexco.<\/li>\n<\/ul>\n\n\n\n<p><a><em>Por Jos\u00e9 Luis Romero Ruiz\/Zunoticia<\/em><\/a><\/p>\n\n\n\n<p><strong>Huejutla, Hgo.-<\/strong> El equipo Inter Uni\u00f3n se enfrent\u00f3 al Deportivo Nava en uno de los duelos m\u00e1s atractivos de la jornada 7 del torneo de copa \u201cJos\u00e9 Eugenio Segura Marroqu\u00edn\u201d de la Liga Municipal de F\u00fatbol de Veteranos M\u00e1ster (LMFVM); al final el Inter Uni\u00f3n venci\u00f3 3 \u2013 2 al Deportivo Nava.<\/p>\n\n\n\n<p>El encuentro se desarroll\u00f3 en la cancha del Corral Blanco 3, y las acciones iniciaron alrededor de las 17:00 horas y Luis Gabriel \u201cPollito\u201d Olivares hizo el 1 \u2013 0, y el 2 \u2013 0 fue obra del \u201cPollito\u201d Olivares, y al minuto 40 Edgar \u201cCaro\u201d Vel\u00e1zquez descont\u00f3 el escore 1 \u2013 2, y as\u00ed se fueron al descanso.<\/p>\n\n\n\n<p>En la parte complementaria Luis Gabriel \u201cPollito\u201d Olivares se introdujo en el \u00e1rea enemiga y el lateral izquierdo le cometi\u00f3 una falta dentro del \u00e1rea, y el silbante marc\u00f3 la pena m\u00e1xima, y Gerzain Hern\u00e1ndez consigui\u00f3 el 3 \u2013 1.<\/p>\n\n\n\n<p>El t\u00e9cnico del Inter efectu\u00f3 algunas modificaciones, y le dio descanso al \u201cPollito\u201d Olivares, y \u201cse le vino la noche encima\u201d, y el Deportivo Nava logr\u00f3 anotar el 2 \u2013 3 con gol de Federico \u201cNegro\u201d Medina, y antes de finalizar el duelo el \u00e1rbitro expuls\u00f3 a Antonio \u201cRockero\u201d Ruiz por el Inter Uni\u00f3n, y a de esta forma el Inter Uni\u00f3n derrot\u00f3 3 \u2013 2 al Deportivo Nava.<\/p>\n","protected":false},"excerpt":{"rendered":"<p>Por Jos\u00e9 Luis Romero Ruiz\/Zunoticia Huejutla, Hgo.- El equipo Inter Uni\u00f3n se enfrent\u00f3 al Deportivo Nava en uno de los duelos m\u00e1s atractivos de la jornada 7 del torneo de copa \u201cJos\u00e9 Eugenio Segura Marroqu\u00edn\u201d de la Liga Municipal de F\u00fatbol de Veteranos M\u00e1ster (LMFVM); al final el Inter Uni\u00f3n venci\u00f3 3 \u2013 2 al&hellip; <a class=\"more-link\" href=\"https:\/\/www.zunoticia.com\/noticias-de-hidalgo\/2023\/06\/09\/inter-union-vencio-al-deportivo-nava-en-lmfvm\/\">Seguir leyendo <span class=\"screen-reader-text\">Inter Uni\u00f3n venci\u00f3 al Deportivo Nava en LMFVM<\/span><\/a><\/p>\n","protected":false},"author":12,"featured_media":485776,"comment_status":"closed","ping_status":"open","sticky":false,"template":"","format":"standard","meta":{"rop_custom_images_group":[],"rop_custom_messages_group":[],"rop_publish_now":"initial","rop_publish_now_accounts":{"facebook_10159540855086992_322828327761733":""},"rop_publish_now_history":[],"rop_publish_now_status":"pending","footnotes":""},"categories":[177],"tags":[215],"class_list":["post-485780","post","type-post","status-publish","format-standard","has-post-thumbnail","hentry","category-deportes","tag-deportes","entry"],"_links":{"self":[{"href":"https:\/\/www.zunoticia.com\/noticias-de-hidalgo\/wp-json\/wp\/v2\/posts\/485780","targetHints":{"allow":["GET"]}}],"collection":[{"href":"https:\/\/www.zunoticia.com\/noticias-de-hidalgo\/wp-json\/wp\/v2\/posts"}],"about":[{"href":"https:\/\/www.zunoticia.com\/noticias-de-hidalgo\/wp-json\/wp\/v2\/types\/post"}],"author":[{"embeddable":true,"href":"https:\/\/www.zunoticia.com\/noticias-de-hidalgo\/wp-json\/wp\/v2\/users\/12"}],"replies":[{"embeddable":true,"href":"https:\/\/www.zunoticia.com\/noticias-de-hidalgo\/wp-json\/wp\/v2\/comments?post=485780"}],"version-history":[{"count":1,"href":"https:\/\/www.zunoticia.com\/noticias-de-hidalgo\/wp-json\/wp\/v2\/posts\/485780\/revisions"}],"predecessor-version":[{"id":485782,"href":"https:\/\/www.zunoticia.com\/noticias-de-hidalgo\/wp-json\/wp\/v2\/posts\/485780\/revisions\/485782"}],"wp:featuredmedia":[{"embeddable":true,"href":"https:\/\/www.zunoticia.com\/noticias-de-hidalgo\/wp-json\/wp\/v2\/media\/485776"}],"wp:attachment":[{"href":"https:\/\/www.zunoticia.com\/noticias-de-hidalgo\/wp-json\/wp\/v2\/media?parent=485780"}],"wp:term":[{"taxonomy":"category","embeddable":true,"href":"https:\/\/www.zunoticia.com\/noticias-de-hidalgo\/wp-json\/wp\/v2\/categories?post=485780"},{"taxonomy":"post_tag","embeddable":true,"href":"https:\/\/www.zunoticia.com\/noticias-de-hidalgo\/wp-json\/wp\/v2\/tags?post=485780"}],"curies":[{"name":"wp","href":"https:\/\/api.w.org\/{rel}","templated":true}]}}