{"id":485820,"date":"2023-06-09T23:24:17","date_gmt":"2023-06-10T05:24:17","guid":{"rendered":"https:\/\/www.zunoticia.com\/noticias-de-hidalgo\/?p=485820"},"modified":"2023-06-09T23:24:18","modified_gmt":"2023-06-10T05:24:18","slug":"exhorta-gobernador-a-empresarios-a-continuar-trabajando-en-beneficio-de-hidalgo","status":"publish","type":"post","link":"https:\/\/www.zunoticia.com\/noticias-de-hidalgo\/2023\/06\/09\/exhorta-gobernador-a-empresarios-a-continuar-trabajando-en-beneficio-de-hidalgo\/","title":{"rendered":"Exhorta Gobernador a empresarios a continuar trabajando en beneficio de Hidalgo"},"content":{"rendered":"<aside class=\"mashsb-container mashsb-main mashsb-stretched\"><div class=\"mashsb-box\"><div class=\"mashsb-count mash-large\" style=\"float:left\"><div class=\"counts mashsbcount\">1<\/div><span class=\"mashsb-sharetext\">SHARES<\/span><\/div><div class=\"mashsb-buttons\"><a class=\"mashicon-facebook mash-large mash-center mashsb-noshadow\" href=\"https:\/\/www.facebook.com\/sharer.php?u=https%3A%2F%2Fwww.zunoticia.com%2Fnoticias-de-hidalgo%2F2023%2F06%2F09%2Fexhorta-gobernador-a-empresarios-a-continuar-trabajando-en-beneficio-de-hidalgo%2F\" target=\"_top\" rel=\"nofollow\"><span class=\"icon\"><\/span><span class=\"text\">Share<\/span><\/a><a class=\"mashicon-twitter mash-large mash-center mashsb-noshadow\" href=\"https:\/\/twitter.com\/intent\/tweet?text=&amp;url=https:\/\/www.zunoticia.com\/noticias-de-hidalgo\/2023\/06\/09\/exhorta-gobernador-a-empresarios-a-continuar-trabajando-en-beneficio-de-hidalgo\/\" target=\"_top\" rel=\"nofollow\"><span class=\"icon\"><\/span><span class=\"text\">Tweet<\/span><\/a><div class=\"onoffswitch2 mash-large mashsb-noshadow\" style=\"display:none\"><\/div><\/div>\n            <\/div>\n                <div style=\"clear:both\"><\/div><div class=\"mashsb-toggle-container\"><\/div><\/aside>\n            <!-- Share buttons by mashshare.net - Version: 4.0.47-->\n<ul class=\"wp-block-list\">\n<li>Durante la 85 Asamblea General de la Canaco Servytur Pachuca, el gobernador fue reconocido por su labor en la promoci\u00f3n econ\u00f3mica.<\/li>\n<\/ul>\n\n\n\n<p><em>Por Redacci\u00f3n\/Zunoticia<\/em><\/p>\n\n\n\n<p><strong>Pachuca, Hgo.-<\/strong> El mandatario estatal, Julio Menchaca Salazar, asisti\u00f3 a la toma de protesta de las y los integrantes de la nueva mesa directiva de la C\u00e1mara Nacional de Comercio, Servicios y Turismo (Canaco Servytur) Pachuca, donde exhort\u00f3 a sus agremiados a seguir abonando al combate de la pobreza.<\/p>\n\n\n\n<p>\u201cAqu\u00ed hay una motivaci\u00f3n superior, que es la trascendencia para poder enfrentar rezagos importantes\u201d, resalt\u00f3 el titular del Ejecutivo hidalguense, quien reconoci\u00f3 la sinergia que existe entre el Gobierno de Hidalgo y el sector privado.<\/p>\n\n\n\n<figure class=\"wp-block-image size-large\"><img fetchpriority=\"high\" decoding=\"async\" width=\"1024\" height=\"682\" src=\"https:\/\/www.zunoticia.com\/noticias-de-hidalgo\/wp-content\/uploads\/2023\/06\/eZy-Watermark-09-06-2023-10-49-34-2290p.m.-1024x682.jpg\" alt=\"\" class=\"wp-image-485799\" srcset=\"https:\/\/www.zunoticia.com\/noticias-de-hidalgo\/wp-content\/uploads\/2023\/06\/eZy-Watermark-09-06-2023-10-49-34-2290p.m.-1024x682.jpg 1024w, https:\/\/www.zunoticia.com\/noticias-de-hidalgo\/wp-content\/uploads\/2023\/06\/eZy-Watermark-09-06-2023-10-49-34-2290p.m.-300x200.jpg 300w, https:\/\/www.zunoticia.com\/noticias-de-hidalgo\/wp-content\/uploads\/2023\/06\/eZy-Watermark-09-06-2023-10-49-34-2290p.m.-768x512.jpg 768w, https:\/\/www.zunoticia.com\/noticias-de-hidalgo\/wp-content\/uploads\/2023\/06\/eZy-Watermark-09-06-2023-10-49-34-2290p.m..jpg 1280w\" sizes=\"(max-width: 1024px) 100vw, 1024px\" \/><\/figure>\n\n\n\n<p>Por esta raz\u00f3n, se\u00f1al\u00f3 que la actividad econ\u00f3mica debe estar siempre de lado del pueblo: \u201cEl trabajo que desempe\u00f1an todos los d\u00edas se refleja en la vida de muchas familias\u201d.<\/p>\n\n\n\n<p>H\u00e9ctor Tejada Shaar, presidente nacional de Canaco Servytur, agradeci\u00f3 al gobernador por el apoyo y la amistad demostrada hacia los sectores econ\u00f3micos: \u201cA nivel estatal contamos con cuatro c\u00e1maras de comercio y, junto con Julio Menchaca Salazar, tenemos claro que el sector terciario representa el principal generador de econom\u00eda y de trabajo formal\u201d.<\/p>\n\n\n\n<p>El reci\u00e9n nombrado presidente de la Canaco Servytur Pachuca, Luis Miguel Escudero Hern\u00e1ndez, record\u00f3 que este organismo empresarial cuenta con una historia que ha sido factor clave en el destino nacional y estatal: \u201cHoy no s\u00f3lo celebramos un nuevo comienzo, sino el legado de aquellos valientes pioneros que nos han precedido, a trav\u00e9s del impulso de estrategias innovadoras\u201d, resalt\u00f3.<\/p>\n\n\n\n<p>Respecto a la relaci\u00f3n que su administraci\u00f3n mantendr\u00e1 con el Gobierno de Hidalgo, Escudero Hern\u00e1ndez enfatiz\u00f3 que las y los empresarios ser\u00e1n ejemplo de toma de decisiones estrat\u00e9gicas en favor de todas y todos: \u201cNuestro trabajo requiere colaboraci\u00f3n, solidaridad y visi\u00f3n de futuro. Juntos, se\u00f1or gobernador, somos m\u00e1s fuertes\u201d.<\/p>\n\n\n\n<figure class=\"wp-block-image size-large\"><img decoding=\"async\" width=\"1024\" height=\"682\" src=\"https:\/\/www.zunoticia.com\/noticias-de-hidalgo\/wp-content\/uploads\/2023\/06\/eZy-Watermark-09-06-2023-10-50-22-6960p.m.-1024x682.jpg\" alt=\"\" class=\"wp-image-485797\" srcset=\"https:\/\/www.zunoticia.com\/noticias-de-hidalgo\/wp-content\/uploads\/2023\/06\/eZy-Watermark-09-06-2023-10-50-22-6960p.m.-1024x682.jpg 1024w, https:\/\/www.zunoticia.com\/noticias-de-hidalgo\/wp-content\/uploads\/2023\/06\/eZy-Watermark-09-06-2023-10-50-22-6960p.m.-300x200.jpg 300w, https:\/\/www.zunoticia.com\/noticias-de-hidalgo\/wp-content\/uploads\/2023\/06\/eZy-Watermark-09-06-2023-10-50-22-6960p.m.-768x512.jpg 768w, https:\/\/www.zunoticia.com\/noticias-de-hidalgo\/wp-content\/uploads\/2023\/06\/eZy-Watermark-09-06-2023-10-50-22-6960p.m..jpg 1280w\" sizes=\"(max-width: 1024px) 100vw, 1024px\" \/><\/figure>\n\n\n\n<p>En este encuentro, el gobernador Menchaca Salazar recibi\u00f3 el galard\u00f3n \u201cDios del Comercio\u201d, por su destacado trabajo en la promoci\u00f3n econ\u00f3mica de Pachuca e Hidalgo.<\/p>\n","protected":false},"excerpt":{"rendered":"<p>Por Redacci\u00f3n\/Zunoticia Pachuca, Hgo.- El mandatario estatal, Julio Menchaca Salazar, asisti\u00f3 a la toma de protesta de las y los integrantes de la nueva mesa directiva de la C\u00e1mara Nacional de Comercio, Servicios y Turismo (Canaco Servytur) Pachuca, donde exhort\u00f3 a sus agremiados a seguir abonando al combate de la pobreza. \u201cAqu\u00ed hay una motivaci\u00f3n&hellip; <a class=\"more-link\" href=\"https:\/\/www.zunoticia.com\/noticias-de-hidalgo\/2023\/06\/09\/exhorta-gobernador-a-empresarios-a-continuar-trabajando-en-beneficio-de-hidalgo\/\">Seguir leyendo <span class=\"screen-reader-text\">Exhorta Gobernador a empresarios a continuar trabajando en beneficio de Hidalgo<\/span><\/a><\/p>\n","protected":false},"author":12,"featured_media":485798,"comment_status":"closed","ping_status":"open","sticky":false,"template":"","format":"standard","meta":{"rop_custom_images_group":[],"rop_custom_messages_group":[],"rop_publish_now":"initial","rop_publish_now_accounts":{"facebook_10159540855086992_322828327761733":""},"rop_publish_now_history":[],"rop_publish_now_status":"pending","footnotes":""},"categories":[208],"tags":[214],"class_list":["post-485820","post","type-post","status-publish","format-standard","has-post-thumbnail","hentry","category-estado","tag-estado","entry"],"_links":{"self":[{"href":"https:\/\/www.zunoticia.com\/noticias-de-hidalgo\/wp-json\/wp\/v2\/posts\/485820","targetHints":{"allow":["GET"]}}],"collection":[{"href":"https:\/\/www.zunoticia.com\/noticias-de-hidalgo\/wp-json\/wp\/v2\/posts"}],"about":[{"href":"https:\/\/www.zunoticia.com\/noticias-de-hidalgo\/wp-json\/wp\/v2\/types\/post"}],"author":[{"embeddable":true,"href":"https:\/\/www.zunoticia.com\/noticias-de-hidalgo\/wp-json\/wp\/v2\/users\/12"}],"replies":[{"embeddable":true,"href":"https:\/\/www.zunoticia.com\/noticias-de-hidalgo\/wp-json\/wp\/v2\/comments?post=485820"}],"version-history":[{"count":1,"href":"https:\/\/www.zunoticia.com\/noticias-de-hidalgo\/wp-json\/wp\/v2\/posts\/485820\/revisions"}],"predecessor-version":[{"id":485821,"href":"https:\/\/www.zunoticia.com\/noticias-de-hidalgo\/wp-json\/wp\/v2\/posts\/485820\/revisions\/485821"}],"wp:featuredmedia":[{"embeddable":true,"href":"https:\/\/www.zunoticia.com\/noticias-de-hidalgo\/wp-json\/wp\/v2\/media\/485798"}],"wp:attachment":[{"href":"https:\/\/www.zunoticia.com\/noticias-de-hidalgo\/wp-json\/wp\/v2\/media?parent=485820"}],"wp:term":[{"taxonomy":"category","embeddable":true,"href":"https:\/\/www.zunoticia.com\/noticias-de-hidalgo\/wp-json\/wp\/v2\/categories?post=485820"},{"taxonomy":"post_tag","embeddable":true,"href":"https:\/\/www.zunoticia.com\/noticias-de-hidalgo\/wp-json\/wp\/v2\/tags?post=485820"}],"curies":[{"name":"wp","href":"https:\/\/api.w.org\/{rel}","templated":true}]}}