{"id":485868,"date":"2023-06-10T17:46:46","date_gmt":"2023-06-10T23:46:46","guid":{"rendered":"https:\/\/www.zunoticia.com\/noticias-de-hidalgo\/?p=485868"},"modified":"2023-06-10T17:46:47","modified_gmt":"2023-06-10T23:46:47","slug":"piden-a-obrador-ampliacion-de-estacionamiento-y-cambio-de-cableado-de-electrificacion-del-mercado","status":"publish","type":"post","link":"https:\/\/www.zunoticia.com\/noticias-de-hidalgo\/2023\/06\/10\/piden-a-obrador-ampliacion-de-estacionamiento-y-cambio-de-cableado-de-electrificacion-del-mercado\/","title":{"rendered":"Piden a Obrador ampliaci\u00f3n de estacionamiento y cambio de cableado de electrificaci\u00f3n del mercado"},"content":{"rendered":"<aside class=\"mashsb-container mashsb-main mashsb-stretched\"><div class=\"mashsb-box\"><div class=\"mashsb-count mash-large\" style=\"float:left\"><div class=\"counts mashsbcount\">30<\/div><span class=\"mashsb-sharetext\">SHARES<\/span><\/div><div class=\"mashsb-buttons\"><a class=\"mashicon-facebook mash-large mash-center mashsb-noshadow\" href=\"https:\/\/www.facebook.com\/sharer.php?u=https%3A%2F%2Fwww.zunoticia.com%2Fnoticias-de-hidalgo%2F2023%2F06%2F10%2Fpiden-a-obrador-ampliacion-de-estacionamiento-y-cambio-de-cableado-de-electrificacion-del-mercado%2F\" target=\"_top\" rel=\"nofollow\"><span class=\"icon\"><\/span><span class=\"text\">Share<\/span><\/a><a class=\"mashicon-twitter mash-large mash-center mashsb-noshadow\" href=\"https:\/\/twitter.com\/intent\/tweet?text=&amp;url=https:\/\/www.zunoticia.com\/noticias-de-hidalgo\/2023\/06\/10\/piden-a-obrador-ampliacion-de-estacionamiento-y-cambio-de-cableado-de-electrificacion-del-mercado\/\" target=\"_top\" rel=\"nofollow\"><span class=\"icon\"><\/span><span class=\"text\">Tweet<\/span><\/a><div class=\"onoffswitch2 mash-large mashsb-noshadow\" style=\"display:none\"><\/div><\/div>\n            <\/div>\n                <div style=\"clear:both\"><\/div><div class=\"mashsb-toggle-container\"><\/div><\/aside>\n            <!-- Share buttons by mashshare.net - Version: 4.0.47-->\n<p><em>Por Enedino Hern\u00e1ndez\/Zunoticia<\/em><\/p>\n\n\n\n<p><strong>Huejutla, Hgo.-<\/strong> Integrantes de la directiva de la Uni\u00f3n de Comerciantes Locatarios y Ambulantes (UCLA) del Mercado Municipal de Huejutla, pidieron durante la visita del presidente de M\u00e9xico, Andr\u00e9s Manuel L\u00f3pez Obrador; la ampliaci\u00f3n del estacionamiento y el cambio de cableado de electrificaci\u00f3n del mercado.<\/p>\n\n\n\n<p>La directiva de la UCLA, de la cual es secretario general, Jorge Lara Garc\u00eda; entreg\u00f3 las solicitudes correspondientes en donde piden al mandatario federal el apoyo para la realizaci\u00f3n de estas dos obras que son de gran importancia para el gremio de los mercaderes.<\/p>\n\n\n\n<p>En el primer documento, la UCLA pide mediante gesti\u00f3n el &#8216;Proyecto de la Ampliaci\u00f3n del Estacionamiento del Mercado, \u201cya que es una gran necesidad para nuestros visitantes, para que tengan mayor comodidad y libertad en tiempo para realizar sus compras y con ello, se beneficiar\u00e1n los compa\u00f1eros comerciantes e impulsar\u00edamos la econom\u00eda que es un motor de crecimiento que genera empleos, reduce la pobreza y aumenta las oportunidades econ\u00f3micas\u201d.<\/p>\n\n\n\n<p>En el segundo documento, la UCLA requiere o gestiona, se\u00f1alando que en la zona del mercado se tiene un problema \u201cya que somos un foco rojo por las altas temperaturas que propicia un sobrecalentamiento de las l\u00edneas de cables, pues estos se encuentran en muy mal estado, debido a que desde que se fund\u00f3 el mercado jam\u00e1s se le ha dado mantenimiento a la red el\u00e9ctrica y pone en riesgo tanto la vida personal de todos los comerciantes, como la de nuestros visitantes, as\u00ed por ende el patrimonio de todo el trabajo de nuestra vida\u201d.<\/p>\n\n\n\n<p>&#8220;Apelando a su preocupaci\u00f3n por el bienestar de todos los mexicanos, le solicitamos de manera respetuosa su apoyo con el proyecto del cambio de cableado de electrificaci\u00f3n en todo el per\u00edmetro del mercado, para garantizar el bienestar de las familias comerciantes y familias visitantes a nuestro Huejutla&#8221; se\u00f1alan.<\/p>\n\n\n\n<p>Finalmente, una vez entregadas estas solicitudes, la directiva de la UCLA habr\u00e1n de esperar las respuestas de gesti\u00f3n correspondiente, realizado al presidente de M\u00e9xico, Andr\u00e9s Manuel L\u00f3pez Obrador.<\/p>\n\n\n\n<figure class=\"wp-block-gallery has-nested-images columns-default is-cropped wp-block-gallery-1 is-layout-flex wp-block-gallery-is-layout-flex\">\n<figure class=\"wp-block-image size-large\"><img fetchpriority=\"high\" decoding=\"async\" width=\"940\" height=\"788\" data-id=\"485871\" src=\"https:\/\/www.zunoticia.com\/noticias-de-hidalgo\/wp-content\/uploads\/2023\/06\/2-79.png\" alt=\"\" class=\"wp-image-485871\" srcset=\"https:\/\/www.zunoticia.com\/noticias-de-hidalgo\/wp-content\/uploads\/2023\/06\/2-79.png 940w, https:\/\/www.zunoticia.com\/noticias-de-hidalgo\/wp-content\/uploads\/2023\/06\/2-79-300x251.png 300w, https:\/\/www.zunoticia.com\/noticias-de-hidalgo\/wp-content\/uploads\/2023\/06\/2-79-768x644.png 768w\" sizes=\"(max-width: 940px) 100vw, 940px\" \/><\/figure>\n\n\n\n<figure class=\"wp-block-image size-large\"><img decoding=\"async\" width=\"940\" height=\"788\" data-id=\"485870\" src=\"https:\/\/www.zunoticia.com\/noticias-de-hidalgo\/wp-content\/uploads\/2023\/06\/3-26.png\" alt=\"\" class=\"wp-image-485870\" srcset=\"https:\/\/www.zunoticia.com\/noticias-de-hidalgo\/wp-content\/uploads\/2023\/06\/3-26.png 940w, https:\/\/www.zunoticia.com\/noticias-de-hidalgo\/wp-content\/uploads\/2023\/06\/3-26-300x251.png 300w, https:\/\/www.zunoticia.com\/noticias-de-hidalgo\/wp-content\/uploads\/2023\/06\/3-26-768x644.png 768w\" sizes=\"(max-width: 940px) 100vw, 940px\" \/><\/figure>\n<\/figure>\n","protected":false},"excerpt":{"rendered":"<p>Por Enedino Hern\u00e1ndez\/Zunoticia Huejutla, Hgo.- Integrantes de la directiva de la Uni\u00f3n de Comerciantes Locatarios y Ambulantes (UCLA) del Mercado Municipal de Huejutla, pidieron durante la visita del presidente de M\u00e9xico, Andr\u00e9s Manuel L\u00f3pez Obrador; la ampliaci\u00f3n del estacionamiento y el cambio de cableado de electrificaci\u00f3n del mercado. La directiva de la UCLA, de la&hellip; <a class=\"more-link\" href=\"https:\/\/www.zunoticia.com\/noticias-de-hidalgo\/2023\/06\/10\/piden-a-obrador-ampliacion-de-estacionamiento-y-cambio-de-cableado-de-electrificacion-del-mercado\/\">Seguir leyendo <span class=\"screen-reader-text\">Piden a Obrador ampliaci\u00f3n de estacionamiento y cambio de cableado de electrificaci\u00f3n del mercado<\/span><\/a><\/p>\n","protected":false},"author":20,"featured_media":485869,"comment_status":"closed","ping_status":"open","sticky":false,"template":"","format":"standard","meta":{"rop_custom_images_group":[],"rop_custom_messages_group":[],"rop_publish_now":"initial","rop_publish_now_accounts":{"facebook_10159540855086992_322828327761733":""},"rop_publish_now_history":[],"rop_publish_now_status":"pending","footnotes":""},"categories":[181,209],"tags":[121],"class_list":["post-485868","post","type-post","status-publish","format-standard","has-post-thumbnail","hentry","category-huejutla","category-relevante","tag-huejutla","entry"],"_links":{"self":[{"href":"https:\/\/www.zunoticia.com\/noticias-de-hidalgo\/wp-json\/wp\/v2\/posts\/485868","targetHints":{"allow":["GET"]}}],"collection":[{"href":"https:\/\/www.zunoticia.com\/noticias-de-hidalgo\/wp-json\/wp\/v2\/posts"}],"about":[{"href":"https:\/\/www.zunoticia.com\/noticias-de-hidalgo\/wp-json\/wp\/v2\/types\/post"}],"author":[{"embeddable":true,"href":"https:\/\/www.zunoticia.com\/noticias-de-hidalgo\/wp-json\/wp\/v2\/users\/20"}],"replies":[{"embeddable":true,"href":"https:\/\/www.zunoticia.com\/noticias-de-hidalgo\/wp-json\/wp\/v2\/comments?post=485868"}],"version-history":[{"count":1,"href":"https:\/\/www.zunoticia.com\/noticias-de-hidalgo\/wp-json\/wp\/v2\/posts\/485868\/revisions"}],"predecessor-version":[{"id":485872,"href":"https:\/\/www.zunoticia.com\/noticias-de-hidalgo\/wp-json\/wp\/v2\/posts\/485868\/revisions\/485872"}],"wp:featuredmedia":[{"embeddable":true,"href":"https:\/\/www.zunoticia.com\/noticias-de-hidalgo\/wp-json\/wp\/v2\/media\/485869"}],"wp:attachment":[{"href":"https:\/\/www.zunoticia.com\/noticias-de-hidalgo\/wp-json\/wp\/v2\/media?parent=485868"}],"wp:term":[{"taxonomy":"category","embeddable":true,"href":"https:\/\/www.zunoticia.com\/noticias-de-hidalgo\/wp-json\/wp\/v2\/categories?post=485868"},{"taxonomy":"post_tag","embeddable":true,"href":"https:\/\/www.zunoticia.com\/noticias-de-hidalgo\/wp-json\/wp\/v2\/tags?post=485868"}],"curies":[{"name":"wp","href":"https:\/\/api.w.org\/{rel}","templated":true}]}}