{"id":486085,"date":"2023-06-12T11:46:36","date_gmt":"2023-06-12T17:46:36","guid":{"rendered":"https:\/\/www.zunoticia.com\/noticias-de-hidalgo\/?p=486085"},"modified":"2023-06-12T11:46:37","modified_gmt":"2023-06-12T17:46:37","slug":"raptan-a-menor-de-dos-anos","status":"publish","type":"post","link":"https:\/\/www.zunoticia.com\/noticias-de-hidalgo\/2023\/06\/12\/raptan-a-menor-de-dos-anos\/","title":{"rendered":"Raptan a menor de dos a\u00f1os"},"content":{"rendered":"<aside class=\"mashsb-container mashsb-main mashsb-stretched\"><div class=\"mashsb-box\"><div class=\"mashsb-count mash-large\" style=\"float:left\"><div class=\"counts mashsbcount\">26<\/div><span class=\"mashsb-sharetext\">SHARES<\/span><\/div><div class=\"mashsb-buttons\"><a class=\"mashicon-facebook mash-large mash-center mashsb-noshadow\" href=\"https:\/\/www.facebook.com\/sharer.php?u=https%3A%2F%2Fwww.zunoticia.com%2Fnoticias-de-hidalgo%2F2023%2F06%2F12%2Fraptan-a-menor-de-dos-anos%2F\" target=\"_top\" rel=\"nofollow\"><span class=\"icon\"><\/span><span class=\"text\">Share<\/span><\/a><a class=\"mashicon-twitter mash-large mash-center mashsb-noshadow\" href=\"https:\/\/twitter.com\/intent\/tweet?text=&amp;url=https:\/\/www.zunoticia.com\/noticias-de-hidalgo\/2023\/06\/12\/raptan-a-menor-de-dos-anos\/\" target=\"_top\" rel=\"nofollow\"><span class=\"icon\"><\/span><span class=\"text\">Tweet<\/span><\/a><div class=\"onoffswitch2 mash-large mashsb-noshadow\" style=\"display:none\"><\/div><\/div>\n            <\/div>\n                <div style=\"clear:both\"><\/div><div class=\"mashsb-toggle-container\"><\/div><\/aside>\n            <!-- Share buttons by mashshare.net - Version: 4.0.47-->\n<p>&gt;&gt;&gt;La PGJEH inici\u00f3 una carpeta de investigaci\u00f3n y emiten ficha de b\u00fasqueda.<\/p>\n\n\n\n<p><em>Por Francisco Rosas\/Zunoticia<\/em><\/p>\n\n\n\n<p><strong>Huejutla, Hgo<\/strong>.- Se solicita la colaboraci\u00f3n de la poblaci\u00f3n en general, para localizar a la menor Alessandra Sol\u00eds Andrade, de tan solo 2 a\u00f1os de edad, quien al parecer fue sustra\u00edda por familiares del padre de la infante.<\/p>\n\n\n\n<p>De acuerdo con la ficha de b\u00fasqueda que ha emitida por la Comisi\u00f3n Estatal de B\u00fasqueda de Personas del Estado de Hidalgo (CEBPEH), la ni\u00f1a fue vista por \u00faltima vez el pasado 4 de junio en esta ciudad y hasta la fecha se desconoce su paradero, por lo que su madre se encuentra muy preocupada por ella y teme por su integridad f\u00edsica.<\/p>\n\n\n\n<p>En relaci\u00f3n a este caso, la Procuradur\u00eda General de Justicia del Estado de Hidalgo (PGJEH), est\u00e1 integrando una carpeta de investigaci\u00f3n por el delito de sustracci\u00f3n de menores.<\/p>\n\n\n\n<p>Para cualquier informaci\u00f3n que ayude la localizaci\u00f3n de la ni\u00f1a, las autoridades piden comunicarse al n\u00famero telef\u00f3nico 7711307436.<\/p>\n","protected":false},"excerpt":{"rendered":"<p>&gt;&gt;&gt;La PGJEH inici\u00f3 una carpeta de investigaci\u00f3n y emiten ficha de b\u00fasqueda. Por Francisco Rosas\/Zunoticia Huejutla, Hgo.- Se solicita la colaboraci\u00f3n de la poblaci\u00f3n en general, para localizar a la menor Alessandra Sol\u00eds Andrade, de tan solo 2 a\u00f1os de edad, quien al parecer fue sustra\u00edda por familiares del padre de la infante. De acuerdo&hellip; <a class=\"more-link\" href=\"https:\/\/www.zunoticia.com\/noticias-de-hidalgo\/2023\/06\/12\/raptan-a-menor-de-dos-anos\/\">Seguir leyendo <span class=\"screen-reader-text\">Raptan a menor de dos a\u00f1os<\/span><\/a><\/p>\n","protected":false},"author":20,"featured_media":486086,"comment_status":"closed","ping_status":"open","sticky":false,"template":"","format":"standard","meta":{"rop_custom_images_group":[],"rop_custom_messages_group":[],"rop_publish_now":"initial","rop_publish_now_accounts":{"facebook_10159540855086992_322828327761733":""},"rop_publish_now_history":[],"rop_publish_now_status":"pending","footnotes":""},"categories":[181],"tags":[121],"class_list":["post-486085","post","type-post","status-publish","format-standard","has-post-thumbnail","hentry","category-huejutla","tag-huejutla","entry"],"_links":{"self":[{"href":"https:\/\/www.zunoticia.com\/noticias-de-hidalgo\/wp-json\/wp\/v2\/posts\/486085","targetHints":{"allow":["GET"]}}],"collection":[{"href":"https:\/\/www.zunoticia.com\/noticias-de-hidalgo\/wp-json\/wp\/v2\/posts"}],"about":[{"href":"https:\/\/www.zunoticia.com\/noticias-de-hidalgo\/wp-json\/wp\/v2\/types\/post"}],"author":[{"embeddable":true,"href":"https:\/\/www.zunoticia.com\/noticias-de-hidalgo\/wp-json\/wp\/v2\/users\/20"}],"replies":[{"embeddable":true,"href":"https:\/\/www.zunoticia.com\/noticias-de-hidalgo\/wp-json\/wp\/v2\/comments?post=486085"}],"version-history":[{"count":1,"href":"https:\/\/www.zunoticia.com\/noticias-de-hidalgo\/wp-json\/wp\/v2\/posts\/486085\/revisions"}],"predecessor-version":[{"id":486087,"href":"https:\/\/www.zunoticia.com\/noticias-de-hidalgo\/wp-json\/wp\/v2\/posts\/486085\/revisions\/486087"}],"wp:featuredmedia":[{"embeddable":true,"href":"https:\/\/www.zunoticia.com\/noticias-de-hidalgo\/wp-json\/wp\/v2\/media\/486086"}],"wp:attachment":[{"href":"https:\/\/www.zunoticia.com\/noticias-de-hidalgo\/wp-json\/wp\/v2\/media?parent=486085"}],"wp:term":[{"taxonomy":"category","embeddable":true,"href":"https:\/\/www.zunoticia.com\/noticias-de-hidalgo\/wp-json\/wp\/v2\/categories?post=486085"},{"taxonomy":"post_tag","embeddable":true,"href":"https:\/\/www.zunoticia.com\/noticias-de-hidalgo\/wp-json\/wp\/v2\/tags?post=486085"}],"curies":[{"name":"wp","href":"https:\/\/api.w.org\/{rel}","templated":true}]}}