{"id":486088,"date":"2023-06-12T11:56:14","date_gmt":"2023-06-12T17:56:14","guid":{"rendered":"https:\/\/www.zunoticia.com\/noticias-de-hidalgo\/?p=486088"},"modified":"2023-06-12T11:56:16","modified_gmt":"2023-06-12T17:56:16","slug":"6-de-septiembre-habra-candidatao-para-presidentea-de-la-republica","status":"publish","type":"post","link":"https:\/\/www.zunoticia.com\/noticias-de-hidalgo\/2023\/06\/12\/6-de-septiembre-habra-candidatao-para-presidentea-de-la-republica\/","title":{"rendered":"6 de septiembre habr\u00e1 candidata(o) para presidente(a) de la Rep\u00fablica"},"content":{"rendered":"<aside class=\"mashsb-container mashsb-main mashsb-stretched\"><div class=\"mashsb-box\"><div class=\"mashsb-count mash-large\" style=\"float:left\"><div class=\"counts mashsbcount\">1<\/div><span class=\"mashsb-sharetext\">SHARES<\/span><\/div><div class=\"mashsb-buttons\"><a class=\"mashicon-facebook mash-large mash-center mashsb-noshadow\" href=\"https:\/\/www.facebook.com\/sharer.php?u=https%3A%2F%2Fwww.zunoticia.com%2Fnoticias-de-hidalgo%2F2023%2F06%2F12%2F6-de-septiembre-habra-candidatao-para-presidentea-de-la-republica%2F\" target=\"_top\" rel=\"nofollow\"><span class=\"icon\"><\/span><span class=\"text\">Share<\/span><\/a><a class=\"mashicon-twitter mash-large mash-center mashsb-noshadow\" href=\"https:\/\/twitter.com\/intent\/tweet?text=&amp;url=https:\/\/www.zunoticia.com\/noticias-de-hidalgo\/2023\/06\/12\/6-de-septiembre-habra-candidatao-para-presidentea-de-la-republica\/\" target=\"_top\" rel=\"nofollow\"><span class=\"icon\"><\/span><span class=\"text\">Tweet<\/span><\/a><div class=\"onoffswitch2 mash-large mashsb-noshadow\" style=\"display:none\"><\/div><\/div>\n            <\/div>\n                <div style=\"clear:both\"><\/div><div class=\"mashsb-toggle-container\"><\/div><\/aside>\n            <!-- Share buttons by mashshare.net - Version: 4.0.47-->\n<p>&gt;&gt; En la encuesta habr\u00e1 un m\u00e1ximo de 6 participantes y se estar\u00e1 levantando del 28 de agosto al 3 de septiembre de este a\u00f1o.<\/p>\n\n\n\n<p><em>Por Redacci\u00f3n\/Zunoticia<\/em><\/p>\n\n\n\n<p><strong>Huejutla, Hgo<\/strong>.- (A junio del 2023) \u201cEn un hecho trascendental, se dio a conocer el acuerdo del Consejo Nacional de MORENA para definir candidatos\u201d, as\u00ed lo inform\u00f3, Gabi Moguel, representante distrital de Claudia Sheinbaum en la sierra y la huasteca.<\/p>\n\n\n\n<p>En una muy bien estructurada convocatoria, se definieron los t\u00e9rminos generales, fechas y aclaraciones para elegir a la candidata o candidato que encabezar\u00e1 al Movimiento, en las pr\u00f3ximas elecciones nacionales a realizarse el pr\u00f3ximo a\u00f1o.&nbsp; La convocatoria tambi\u00e9n especifica que a partir de este lunes y hasta el viernes 16 de junio, tienen la obligaci\u00f3n de renunciar a sus cargos los aspirantes que deseen contender.<\/p>\n\n\n\n<p>En la encuesta habr\u00e1 un m\u00e1ximo de 6 participantes y se estar\u00e1 levantando del 28 de agosto al 3 de septiembre de este a\u00f1o. Posteriormente, la comisi\u00f3n encargada procesar\u00e1 la informaci\u00f3n y dar\u00e1 los resultados el 6 de septiembre, d\u00eda en que se conocer\u00e1 a la candidata o candidato que representar\u00e1 al Movimiento de Regeneraci\u00f3n Nacional para contender en el pr\u00f3ximo proceso electoral 2024 y que, sobre todo, dar\u00e1 seguimiento al trabajo realizado por el presidente Andr\u00e9s Manuel L\u00f3pez Obrador para continuar con la transformaci\u00f3n.<\/p>\n\n\n\n<p>Por su parte, Gabi Moguel, representante distrital de Claudia Sheinbaum en la sierra y la huasteca, al dar a conocer esta informaci\u00f3n, invit\u00f3 a la ciudadan\u00eda a tomar con seriedad este evento democr\u00e1tico del que depender\u00e1 el rumbo de M\u00e9xico.<\/p>\n\n\n\n<p>Finalmente, el empresario huejutlense, puntualiz\u00f3 que, de acuerdo con lo establecido por el Consejo Nacional, el resultado de la encuesta ser\u00e1 inapelable.<\/p>\n","protected":false},"excerpt":{"rendered":"<p>&gt;&gt; En la encuesta habr\u00e1 un m\u00e1ximo de 6 participantes y se estar\u00e1 levantando del 28 de agosto al 3 de septiembre de este a\u00f1o. Por Redacci\u00f3n\/Zunoticia Huejutla, Hgo.- (A junio del 2023) \u201cEn un hecho trascendental, se dio a conocer el acuerdo del Consejo Nacional de MORENA para definir candidatos\u201d, as\u00ed lo inform\u00f3, Gabi&hellip; <a class=\"more-link\" href=\"https:\/\/www.zunoticia.com\/noticias-de-hidalgo\/2023\/06\/12\/6-de-septiembre-habra-candidatao-para-presidentea-de-la-republica\/\">Seguir leyendo <span class=\"screen-reader-text\">6 de septiembre habr\u00e1 candidata(o) para presidente(a) de la Rep\u00fablica<\/span><\/a><\/p>\n","protected":false},"author":20,"featured_media":486089,"comment_status":"closed","ping_status":"open","sticky":false,"template":"","format":"standard","meta":{"rop_custom_images_group":[],"rop_custom_messages_group":[],"rop_publish_now":"initial","rop_publish_now_accounts":{"facebook_10159540855086992_322828327761733":""},"rop_publish_now_history":[],"rop_publish_now_status":"pending","footnotes":""},"categories":[181],"tags":[121],"class_list":["post-486088","post","type-post","status-publish","format-standard","has-post-thumbnail","hentry","category-huejutla","tag-huejutla","entry"],"_links":{"self":[{"href":"https:\/\/www.zunoticia.com\/noticias-de-hidalgo\/wp-json\/wp\/v2\/posts\/486088","targetHints":{"allow":["GET"]}}],"collection":[{"href":"https:\/\/www.zunoticia.com\/noticias-de-hidalgo\/wp-json\/wp\/v2\/posts"}],"about":[{"href":"https:\/\/www.zunoticia.com\/noticias-de-hidalgo\/wp-json\/wp\/v2\/types\/post"}],"author":[{"embeddable":true,"href":"https:\/\/www.zunoticia.com\/noticias-de-hidalgo\/wp-json\/wp\/v2\/users\/20"}],"replies":[{"embeddable":true,"href":"https:\/\/www.zunoticia.com\/noticias-de-hidalgo\/wp-json\/wp\/v2\/comments?post=486088"}],"version-history":[{"count":1,"href":"https:\/\/www.zunoticia.com\/noticias-de-hidalgo\/wp-json\/wp\/v2\/posts\/486088\/revisions"}],"predecessor-version":[{"id":486090,"href":"https:\/\/www.zunoticia.com\/noticias-de-hidalgo\/wp-json\/wp\/v2\/posts\/486088\/revisions\/486090"}],"wp:featuredmedia":[{"embeddable":true,"href":"https:\/\/www.zunoticia.com\/noticias-de-hidalgo\/wp-json\/wp\/v2\/media\/486089"}],"wp:attachment":[{"href":"https:\/\/www.zunoticia.com\/noticias-de-hidalgo\/wp-json\/wp\/v2\/media?parent=486088"}],"wp:term":[{"taxonomy":"category","embeddable":true,"href":"https:\/\/www.zunoticia.com\/noticias-de-hidalgo\/wp-json\/wp\/v2\/categories?post=486088"},{"taxonomy":"post_tag","embeddable":true,"href":"https:\/\/www.zunoticia.com\/noticias-de-hidalgo\/wp-json\/wp\/v2\/tags?post=486088"}],"curies":[{"name":"wp","href":"https:\/\/api.w.org\/{rel}","templated":true}]}}