{"id":486115,"date":"2023-06-12T16:43:30","date_gmt":"2023-06-12T22:43:30","guid":{"rendered":"https:\/\/www.zunoticia.com\/noticias-de-hidalgo\/?p=486115"},"modified":"2023-06-12T22:36:20","modified_gmt":"2023-06-13T04:36:20","slug":"inaugura-edda-vite-nuevo-caic-en-alfajayucan","status":"publish","type":"post","link":"https:\/\/www.zunoticia.com\/noticias-de-hidalgo\/2023\/06\/12\/inaugura-edda-vite-nuevo-caic-en-alfajayucan\/","title":{"rendered":"Inaugura Edda Vite nuevo CAIC en Alfajayucan"},"content":{"rendered":"<aside class=\"mashsb-container mashsb-main mashsb-stretched\"><div class=\"mashsb-box\"><div class=\"mashsb-count mash-large\" style=\"float:left\"><div class=\"counts mashsbcount\">24<\/div><span class=\"mashsb-sharetext\">SHARES<\/span><\/div><div class=\"mashsb-buttons\"><a class=\"mashicon-facebook mash-large mash-center mashsb-noshadow\" href=\"https:\/\/www.facebook.com\/sharer.php?u=https%3A%2F%2Fwww.zunoticia.com%2Fnoticias-de-hidalgo%2F2023%2F06%2F12%2Finaugura-edda-vite-nuevo-caic-en-alfajayucan%2F\" target=\"_top\" rel=\"nofollow\"><span class=\"icon\"><\/span><span class=\"text\">Share<\/span><\/a><a class=\"mashicon-twitter mash-large mash-center mashsb-noshadow\" href=\"https:\/\/twitter.com\/intent\/tweet?text=&amp;url=https:\/\/www.zunoticia.com\/noticias-de-hidalgo\/2023\/06\/12\/inaugura-edda-vite-nuevo-caic-en-alfajayucan\/\" target=\"_top\" rel=\"nofollow\"><span class=\"icon\"><\/span><span class=\"text\">Tweet<\/span><\/a><div class=\"onoffswitch2 mash-large mashsb-noshadow\" style=\"display:none\"><\/div><\/div>\n            <\/div>\n                <div style=\"clear:both\"><\/div><div class=\"mashsb-toggle-container\"><\/div><\/aside>\n            <!-- Share buttons by mashshare.net - Version: 4.0.47-->\n<p><em>Por Redacci\u00f3n\/Zunoticia<\/em><\/p>\n\n\n\n<p><strong>Alfajayucan, Hgo<\/strong>.- La presidente del Patronato del DIF Hidalgo, Edda Vite Ramos, y el titular del Sistema Estatal, Javier Rodr\u00edguez, realizaron una gira de trabajo en el municipio de Alfajayucan, donde se llev\u00f3 a cabo la develaci\u00f3n de placa y corte de list\u00f3n durante la inauguraci\u00f3n del Centro de Atenci\u00f3n Infantil Comunitario (CAIC).<\/p>\n\n\n\n<p>Este espacio construido para la ni\u00f1ez de la regi\u00f3n, cuenta con capacidad para 75 ni\u00f1as y ni\u00f1os, y brindar\u00e1 servicios educativos dignos y al nivel escolar que le corresponde.<\/p>\n\n\n\n<p>Durante la jornada, Edda Vite y la familia DIFH entregaron de forma directa a mujeres y hombres de entre 20 y 90 a\u00f1os de edad, sillas de ruedas que les permitir\u00e1n movilizarse y desarrollarse mejor en su vida cotidiana.<\/p>\n\n\n\n<p>Estas acciones fueron llevadas a cabo en compa\u00f1\u00eda de Nancy Anaya, presidenta del DIF Alfajayucan, y el alcalde Feregrino Mart\u00ednez.<\/p>\n\n\n\n<p>El DIF Hidalgo, encabezado por Edda Vite, seguir\u00e1 trabajando por la construcci\u00f3n de una sociedad m\u00e1s justa, por un Hidalgo diferente, en potencia y en desarrollo.<\/p>\n\n\n\n<figure class=\"wp-block-gallery has-nested-images columns-default is-cropped wp-block-gallery-1 is-layout-flex wp-block-gallery-is-layout-flex\">\n<figure class=\"wp-block-image size-large\"><img fetchpriority=\"high\" decoding=\"async\" width=\"940\" height=\"788\" data-id=\"486117\" src=\"https:\/\/www.zunoticia.com\/noticias-de-hidalgo\/wp-content\/uploads\/2023\/06\/1-87.png\" alt=\"\" class=\"wp-image-486117\" srcset=\"https:\/\/www.zunoticia.com\/noticias-de-hidalgo\/wp-content\/uploads\/2023\/06\/1-87.png 940w, https:\/\/www.zunoticia.com\/noticias-de-hidalgo\/wp-content\/uploads\/2023\/06\/1-87-300x251.png 300w, https:\/\/www.zunoticia.com\/noticias-de-hidalgo\/wp-content\/uploads\/2023\/06\/1-87-768x644.png 768w\" sizes=\"(max-width: 940px) 100vw, 940px\" \/><\/figure>\n\n\n\n<figure class=\"wp-block-image size-large\"><img decoding=\"async\" width=\"940\" height=\"788\" data-id=\"486118\" src=\"https:\/\/www.zunoticia.com\/noticias-de-hidalgo\/wp-content\/uploads\/2023\/06\/3-33.png\" alt=\"\" class=\"wp-image-486118\" srcset=\"https:\/\/www.zunoticia.com\/noticias-de-hidalgo\/wp-content\/uploads\/2023\/06\/3-33.png 940w, https:\/\/www.zunoticia.com\/noticias-de-hidalgo\/wp-content\/uploads\/2023\/06\/3-33-300x251.png 300w, https:\/\/www.zunoticia.com\/noticias-de-hidalgo\/wp-content\/uploads\/2023\/06\/3-33-768x644.png 768w\" sizes=\"(max-width: 940px) 100vw, 940px\" \/><\/figure>\n<\/figure>\n","protected":false},"excerpt":{"rendered":"<p>Por Redacci\u00f3n\/Zunoticia Alfajayucan, Hgo.- La presidente del Patronato del DIF Hidalgo, Edda Vite Ramos, y el titular del Sistema Estatal, Javier Rodr\u00edguez, realizaron una gira de trabajo en el municipio de Alfajayucan, donde se llev\u00f3 a cabo la develaci\u00f3n de placa y corte de list\u00f3n durante la inauguraci\u00f3n del Centro de Atenci\u00f3n Infantil Comunitario (CAIC).&hellip; <a class=\"more-link\" href=\"https:\/\/www.zunoticia.com\/noticias-de-hidalgo\/2023\/06\/12\/inaugura-edda-vite-nuevo-caic-en-alfajayucan\/\">Seguir leyendo <span class=\"screen-reader-text\">Inaugura Edda Vite nuevo CAIC en Alfajayucan<\/span><\/a><\/p>\n","protected":false},"author":20,"featured_media":486116,"comment_status":"closed","ping_status":"open","sticky":false,"template":"","format":"standard","meta":{"rop_custom_images_group":[],"rop_custom_messages_group":[],"rop_publish_now":"initial","rop_publish_now_accounts":{"facebook_10159540855086992_322828327761733":""},"rop_publish_now_history":[],"rop_publish_now_status":"pending","footnotes":""},"categories":[208],"tags":[214],"class_list":["post-486115","post","type-post","status-publish","format-standard","has-post-thumbnail","hentry","category-estado","tag-estado","entry"],"_links":{"self":[{"href":"https:\/\/www.zunoticia.com\/noticias-de-hidalgo\/wp-json\/wp\/v2\/posts\/486115","targetHints":{"allow":["GET"]}}],"collection":[{"href":"https:\/\/www.zunoticia.com\/noticias-de-hidalgo\/wp-json\/wp\/v2\/posts"}],"about":[{"href":"https:\/\/www.zunoticia.com\/noticias-de-hidalgo\/wp-json\/wp\/v2\/types\/post"}],"author":[{"embeddable":true,"href":"https:\/\/www.zunoticia.com\/noticias-de-hidalgo\/wp-json\/wp\/v2\/users\/20"}],"replies":[{"embeddable":true,"href":"https:\/\/www.zunoticia.com\/noticias-de-hidalgo\/wp-json\/wp\/v2\/comments?post=486115"}],"version-history":[{"count":2,"href":"https:\/\/www.zunoticia.com\/noticias-de-hidalgo\/wp-json\/wp\/v2\/posts\/486115\/revisions"}],"predecessor-version":[{"id":486250,"href":"https:\/\/www.zunoticia.com\/noticias-de-hidalgo\/wp-json\/wp\/v2\/posts\/486115\/revisions\/486250"}],"wp:featuredmedia":[{"embeddable":true,"href":"https:\/\/www.zunoticia.com\/noticias-de-hidalgo\/wp-json\/wp\/v2\/media\/486116"}],"wp:attachment":[{"href":"https:\/\/www.zunoticia.com\/noticias-de-hidalgo\/wp-json\/wp\/v2\/media?parent=486115"}],"wp:term":[{"taxonomy":"category","embeddable":true,"href":"https:\/\/www.zunoticia.com\/noticias-de-hidalgo\/wp-json\/wp\/v2\/categories?post=486115"},{"taxonomy":"post_tag","embeddable":true,"href":"https:\/\/www.zunoticia.com\/noticias-de-hidalgo\/wp-json\/wp\/v2\/tags?post=486115"}],"curies":[{"name":"wp","href":"https:\/\/api.w.org\/{rel}","templated":true}]}}