{"id":486145,"date":"2023-06-12T18:13:36","date_gmt":"2023-06-13T00:13:36","guid":{"rendered":"https:\/\/www.zunoticia.com\/noticias-de-hidalgo\/?p=486145"},"modified":"2023-06-12T18:13:37","modified_gmt":"2023-06-13T00:13:37","slug":"delegado-de-los-programas-sociales-encabezo-reunion","status":"publish","type":"post","link":"https:\/\/www.zunoticia.com\/noticias-de-hidalgo\/2023\/06\/12\/delegado-de-los-programas-sociales-encabezo-reunion\/","title":{"rendered":"Delegado de los programas Sociales encabez\u00f3 reuni\u00f3n"},"content":{"rendered":"<aside class=\"mashsb-container mashsb-main mashsb-stretched\"><div class=\"mashsb-box\"><div class=\"mashsb-count mash-large\" style=\"float:left\"><div class=\"counts mashsbcount\">30<\/div><span class=\"mashsb-sharetext\">SHARES<\/span><\/div><div class=\"mashsb-buttons\"><a class=\"mashicon-facebook mash-large mash-center mashsb-noshadow\" href=\"https:\/\/www.facebook.com\/sharer.php?u=https%3A%2F%2Fwww.zunoticia.com%2Fnoticias-de-hidalgo%2F2023%2F06%2F12%2Fdelegado-de-los-programas-sociales-encabezo-reunion%2F\" target=\"_top\" rel=\"nofollow\"><span class=\"icon\"><\/span><span class=\"text\">Share<\/span><\/a><a class=\"mashicon-twitter mash-large mash-center mashsb-noshadow\" href=\"https:\/\/twitter.com\/intent\/tweet?text=&amp;url=https:\/\/www.zunoticia.com\/noticias-de-hidalgo\/2023\/06\/12\/delegado-de-los-programas-sociales-encabezo-reunion\/\" target=\"_top\" rel=\"nofollow\"><span class=\"icon\"><\/span><span class=\"text\">Tweet<\/span><\/a><div class=\"onoffswitch2 mash-large mashsb-noshadow\" style=\"display:none\"><\/div><\/div>\n            <\/div>\n                <div style=\"clear:both\"><\/div><div class=\"mashsb-toggle-container\"><\/div><\/aside>\n            <!-- Share buttons by mashshare.net - Version: 4.0.47-->\n<p><\/p>\n\n\n\n<p><em>Por Roberto Meza\/Zunoticia<\/em><\/p>\n\n\n\n<p><strong>Huazalingo, Hgo<\/strong>.- El delegado de los programas sociales en Hidalgo, Abraham Mendoza Centeno, encabez\u00f3 una reuni\u00f3n con habitantes de este municipio para dar a conocer los avances de los programas en beneficio de los huazalinguenses.<\/p>\n\n\n\n<p>El funcionario federal fue acompa\u00f1ado por Servidores de la Naci\u00f3n, en el acto estuvieron habitantes de diversas comunidades para escuchar los avances de los programas que se est\u00e1n aterrizando en este municipio del gobierno federal y seguir incorporando a m\u00e1s huazalinguenses.<\/p>\n\n\n\n<p>La reuni\u00f3n se efectu\u00f3 la palapa de Huilotepetl, donde el funcionario explic\u00f3 que, todos los programas del gobierno federal est\u00e1n operando de manera normal en el municipio. Mendoza Centeno en esta gira de trabajo por Huazalingo fue acompa\u00f1ado por el coordinador regional Gelacio Vel\u00e1zquez Hern\u00e1ndez.<\/p>\n\n\n\n<figure class=\"wp-block-image size-full\"><img fetchpriority=\"high\" decoding=\"async\" width=\"940\" height=\"788\" src=\"https:\/\/www.zunoticia.com\/noticias-de-hidalgo\/wp-content\/uploads\/2023\/06\/2-94.png\" alt=\"\" class=\"wp-image-486147\" srcset=\"https:\/\/www.zunoticia.com\/noticias-de-hidalgo\/wp-content\/uploads\/2023\/06\/2-94.png 940w, https:\/\/www.zunoticia.com\/noticias-de-hidalgo\/wp-content\/uploads\/2023\/06\/2-94-300x251.png 300w, https:\/\/www.zunoticia.com\/noticias-de-hidalgo\/wp-content\/uploads\/2023\/06\/2-94-768x644.png 768w\" sizes=\"(max-width: 940px) 100vw, 940px\" \/><\/figure>\n","protected":false},"excerpt":{"rendered":"<p>Por Roberto Meza\/Zunoticia Huazalingo, Hgo.- El delegado de los programas sociales en Hidalgo, Abraham Mendoza Centeno, encabez\u00f3 una reuni\u00f3n con habitantes de este municipio para dar a conocer los avances de los programas en beneficio de los huazalinguenses. El funcionario federal fue acompa\u00f1ado por Servidores de la Naci\u00f3n, en el acto estuvieron habitantes de diversas&hellip; <a class=\"more-link\" href=\"https:\/\/www.zunoticia.com\/noticias-de-hidalgo\/2023\/06\/12\/delegado-de-los-programas-sociales-encabezo-reunion\/\">Seguir leyendo <span class=\"screen-reader-text\">Delegado de los programas Sociales encabez\u00f3 reuni\u00f3n<\/span><\/a><\/p>\n","protected":false},"author":20,"featured_media":486146,"comment_status":"closed","ping_status":"open","sticky":false,"template":"","format":"standard","meta":{"rop_custom_images_group":[],"rop_custom_messages_group":[],"rop_publish_now":"initial","rop_publish_now_accounts":{"facebook_10159540855086992_322828327761733":""},"rop_publish_now_history":[],"rop_publish_now_status":"pending","footnotes":""},"categories":[212],"tags":[138],"class_list":["post-486145","post","type-post","status-publish","format-standard","has-post-thumbnail","hentry","category-huazalingo","tag-huazalingo","entry"],"_links":{"self":[{"href":"https:\/\/www.zunoticia.com\/noticias-de-hidalgo\/wp-json\/wp\/v2\/posts\/486145","targetHints":{"allow":["GET"]}}],"collection":[{"href":"https:\/\/www.zunoticia.com\/noticias-de-hidalgo\/wp-json\/wp\/v2\/posts"}],"about":[{"href":"https:\/\/www.zunoticia.com\/noticias-de-hidalgo\/wp-json\/wp\/v2\/types\/post"}],"author":[{"embeddable":true,"href":"https:\/\/www.zunoticia.com\/noticias-de-hidalgo\/wp-json\/wp\/v2\/users\/20"}],"replies":[{"embeddable":true,"href":"https:\/\/www.zunoticia.com\/noticias-de-hidalgo\/wp-json\/wp\/v2\/comments?post=486145"}],"version-history":[{"count":1,"href":"https:\/\/www.zunoticia.com\/noticias-de-hidalgo\/wp-json\/wp\/v2\/posts\/486145\/revisions"}],"predecessor-version":[{"id":486148,"href":"https:\/\/www.zunoticia.com\/noticias-de-hidalgo\/wp-json\/wp\/v2\/posts\/486145\/revisions\/486148"}],"wp:featuredmedia":[{"embeddable":true,"href":"https:\/\/www.zunoticia.com\/noticias-de-hidalgo\/wp-json\/wp\/v2\/media\/486146"}],"wp:attachment":[{"href":"https:\/\/www.zunoticia.com\/noticias-de-hidalgo\/wp-json\/wp\/v2\/media?parent=486145"}],"wp:term":[{"taxonomy":"category","embeddable":true,"href":"https:\/\/www.zunoticia.com\/noticias-de-hidalgo\/wp-json\/wp\/v2\/categories?post=486145"},{"taxonomy":"post_tag","embeddable":true,"href":"https:\/\/www.zunoticia.com\/noticias-de-hidalgo\/wp-json\/wp\/v2\/tags?post=486145"}],"curies":[{"name":"wp","href":"https:\/\/api.w.org\/{rel}","templated":true}]}}