{"id":486212,"date":"2023-06-12T21:54:53","date_gmt":"2023-06-13T03:54:53","guid":{"rendered":"https:\/\/www.zunoticia.com\/noticias-de-hidalgo\/?p=486212"},"modified":"2023-06-12T21:54:55","modified_gmt":"2023-06-13T03:54:55","slug":"en-hidalgo-iniciara-censo-para-las-personas-con-discapacidad-permanente-de-30-a-64-anos","status":"publish","type":"post","link":"https:\/\/www.zunoticia.com\/noticias-de-hidalgo\/2023\/06\/12\/en-hidalgo-iniciara-censo-para-las-personas-con-discapacidad-permanente-de-30-a-64-anos\/","title":{"rendered":"En Hidalgo iniciar\u00e1 censo para las personas con discapacidad permanente de 30 a 64 a\u00f1os"},"content":{"rendered":"<aside class=\"mashsb-container mashsb-main mashsb-stretched\"><div class=\"mashsb-box\"><div class=\"mashsb-count mash-large\" style=\"float:left\"><div class=\"counts mashsbcount\">28<\/div><span class=\"mashsb-sharetext\">SHARES<\/span><\/div><div class=\"mashsb-buttons\"><a class=\"mashicon-facebook mash-large mash-center mashsb-noshadow\" href=\"https:\/\/www.facebook.com\/sharer.php?u=https%3A%2F%2Fwww.zunoticia.com%2Fnoticias-de-hidalgo%2F2023%2F06%2F12%2Fen-hidalgo-iniciara-censo-para-las-personas-con-discapacidad-permanente-de-30-a-64-anos%2F\" target=\"_top\" rel=\"nofollow\"><span class=\"icon\"><\/span><span class=\"text\">Share<\/span><\/a><a class=\"mashicon-twitter mash-large mash-center mashsb-noshadow\" href=\"https:\/\/twitter.com\/intent\/tweet?text=&amp;url=https:\/\/www.zunoticia.com\/noticias-de-hidalgo\/2023\/06\/12\/en-hidalgo-iniciara-censo-para-las-personas-con-discapacidad-permanente-de-30-a-64-anos\/\" target=\"_top\" rel=\"nofollow\"><span class=\"icon\"><\/span><span class=\"text\">Tweet<\/span><\/a><div class=\"onoffswitch2 mash-large mashsb-noshadow\" style=\"display:none\"><\/div><\/div>\n            <\/div>\n                <div style=\"clear:both\"><\/div><div class=\"mashsb-toggle-container\"><\/div><\/aside>\n            <!-- Share buttons by mashshare.net - Version: 4.0.47-->\n<p><em>Por Redacci\u00f3n\/Zunoticia<\/em><\/p>\n\n\n\n<p><strong>Pachuca de Soto, Hgo.-<\/strong> En conferencia de prensa, Abraham Mendoza Zenteno, Delegado de Programas para el Bienestar, inform\u00f3 que en Hidalgo iniciar\u00e1 el censo para incorporar a las personas con discapacidad permanente que tienen entre 30 y 64 a\u00f1os de edad cumplidos.<\/p>\n\n\n\n<p>Tras el anuncio del presidente, Andr\u00e9s Manuel L\u00f3pez Obrador, de la firma del convenio con el Gobierno de Hidalgo para la ampliaci\u00f3n del Programa de Discapacidad Permanente, iniciar\u00e1n las acciones para conocer el n\u00famero de personas que podr\u00edan ingresar al programa y determinar los mecanismos para su incorporaci\u00f3n.<\/p>\n\n\n\n<p>Los requisitos y criterios de elegibilidad ser\u00e1n los mismos que maneja el programa para las ni\u00f1as, ni\u00f1os y adolescentes de 0 a 29 a\u00f1os de edad con discapacidad permanente.<\/p>\n\n\n\n<p>De acuerdo a las Reglas de Operaci\u00f3n del programa Pensi\u00f3n para el Bienestar de las Personas con Discapacidad Permanente para el ejercicio fiscal 2023, se atender\u00e1n solicitudes a personas con discapacidad auditiva, visual, psicosocial, intelectual y motriz en grado severo, total y permanente, este requisito se comprobar\u00e1 mediante los certificados m\u00e9dicos que solicita el Programa.<\/p>\n\n\n\n<p>Estos certificados m\u00e9dicos \u00fanicamente ser\u00e1n v\u00e1lidos si son expedidos por alguna instituci\u00f3n p\u00fablica de salud como es; IMSS, ISSSTE y Secretar\u00eda de Salud Estatal a trav\u00e9s de los Servicios de Salud de Hidalgo.<\/p>\n\n\n\n<figure class=\"wp-block-image size-large\"><img fetchpriority=\"high\" decoding=\"async\" width=\"1024\" height=\"682\" src=\"https:\/\/www.zunoticia.com\/noticias-de-hidalgo\/wp-content\/uploads\/2023\/06\/eZy-Watermark-12-06-2023-07-57-56-6850p.m.-1024x682.jpg\" alt=\"\" class=\"wp-image-486176\" srcset=\"https:\/\/www.zunoticia.com\/noticias-de-hidalgo\/wp-content\/uploads\/2023\/06\/eZy-Watermark-12-06-2023-07-57-56-6850p.m.-1024x682.jpg 1024w, https:\/\/www.zunoticia.com\/noticias-de-hidalgo\/wp-content\/uploads\/2023\/06\/eZy-Watermark-12-06-2023-07-57-56-6850p.m.-300x200.jpg 300w, https:\/\/www.zunoticia.com\/noticias-de-hidalgo\/wp-content\/uploads\/2023\/06\/eZy-Watermark-12-06-2023-07-57-56-6850p.m.-768x512.jpg 768w, https:\/\/www.zunoticia.com\/noticias-de-hidalgo\/wp-content\/uploads\/2023\/06\/eZy-Watermark-12-06-2023-07-57-56-6850p.m..jpg 1280w\" sizes=\"(max-width: 1024px) 100vw, 1024px\" \/><\/figure>\n\n\n\n<p>De acuerdo a las reglas de operaci\u00f3n, los requisitos ser\u00e1n los siguientes: acta de nacimiento, identificaci\u00f3n oficial vigente que puede ser, INE, pasaporte vigente o credencial del Instituto Nacional de las Personas Adultas Mayores INAPAM u otros documentos que acrediten identidad expedidos por la autoridad correspondiente, CURP certificado, constancia o certificado m\u00e9dico, comprobante de domicilio no mayor a 6 meses de antig\u00fcedad.<\/p>\n\n\n\n<p>Si la persona con discapacidad requiere de un auxiliar se solicitar\u00e1n los siguientes documentos: acta de nacimiento, identificaci\u00f3n oficial, CURP certificado y comprobante de domicilio no mayor a 6 meses de antig\u00fcedad, todos los documentos ser\u00e1n presentados en copia.<\/p>\n\n\n\n<p>Es as\u00ed que las personas que consideren que cumplen con los lineamientos y requisitos, se les invita a tener listos sus documentos y a estar pendientes de nuestras las redes sociales oficiales de la Delegaci\u00f3n de Programas para el Bienestar, donde se estar\u00e1 informando del procedimiento y de las sedes.<\/p>\n\n\n\n<p>Para mayor informaci\u00f3n la poblaci\u00f3n podr\u00e1 acudir a los Centros Integradores de Desarrollo del Gobierno de M\u00e9xico, que se ubican en los 84 municipios del estado de Hidalgo<\/p>\n","protected":false},"excerpt":{"rendered":"<p>Por Redacci\u00f3n\/Zunoticia Pachuca de Soto, Hgo.- En conferencia de prensa, Abraham Mendoza Zenteno, Delegado de Programas para el Bienestar, inform\u00f3 que en Hidalgo iniciar\u00e1 el censo para incorporar a las personas con discapacidad permanente que tienen entre 30 y 64 a\u00f1os de edad cumplidos. Tras el anuncio del presidente, Andr\u00e9s Manuel L\u00f3pez Obrador, de la&hellip; <a class=\"more-link\" href=\"https:\/\/www.zunoticia.com\/noticias-de-hidalgo\/2023\/06\/12\/en-hidalgo-iniciara-censo-para-las-personas-con-discapacidad-permanente-de-30-a-64-anos\/\">Seguir leyendo <span class=\"screen-reader-text\">En Hidalgo iniciar\u00e1 censo para las personas con discapacidad permanente de 30 a 64 a\u00f1os<\/span><\/a><\/p>\n","protected":false},"author":12,"featured_media":486177,"comment_status":"closed","ping_status":"open","sticky":false,"template":"","format":"standard","meta":{"rop_custom_images_group":[],"rop_custom_messages_group":[],"rop_publish_now":"initial","rop_publish_now_accounts":{"facebook_10159540855086992_322828327761733":""},"rop_publish_now_history":[],"rop_publish_now_status":"pending","footnotes":""},"categories":[208],"tags":[214],"class_list":["post-486212","post","type-post","status-publish","format-standard","has-post-thumbnail","hentry","category-estado","tag-estado","entry"],"_links":{"self":[{"href":"https:\/\/www.zunoticia.com\/noticias-de-hidalgo\/wp-json\/wp\/v2\/posts\/486212","targetHints":{"allow":["GET"]}}],"collection":[{"href":"https:\/\/www.zunoticia.com\/noticias-de-hidalgo\/wp-json\/wp\/v2\/posts"}],"about":[{"href":"https:\/\/www.zunoticia.com\/noticias-de-hidalgo\/wp-json\/wp\/v2\/types\/post"}],"author":[{"embeddable":true,"href":"https:\/\/www.zunoticia.com\/noticias-de-hidalgo\/wp-json\/wp\/v2\/users\/12"}],"replies":[{"embeddable":true,"href":"https:\/\/www.zunoticia.com\/noticias-de-hidalgo\/wp-json\/wp\/v2\/comments?post=486212"}],"version-history":[{"count":1,"href":"https:\/\/www.zunoticia.com\/noticias-de-hidalgo\/wp-json\/wp\/v2\/posts\/486212\/revisions"}],"predecessor-version":[{"id":486221,"href":"https:\/\/www.zunoticia.com\/noticias-de-hidalgo\/wp-json\/wp\/v2\/posts\/486212\/revisions\/486221"}],"wp:featuredmedia":[{"embeddable":true,"href":"https:\/\/www.zunoticia.com\/noticias-de-hidalgo\/wp-json\/wp\/v2\/media\/486177"}],"wp:attachment":[{"href":"https:\/\/www.zunoticia.com\/noticias-de-hidalgo\/wp-json\/wp\/v2\/media?parent=486212"}],"wp:term":[{"taxonomy":"category","embeddable":true,"href":"https:\/\/www.zunoticia.com\/noticias-de-hidalgo\/wp-json\/wp\/v2\/categories?post=486212"},{"taxonomy":"post_tag","embeddable":true,"href":"https:\/\/www.zunoticia.com\/noticias-de-hidalgo\/wp-json\/wp\/v2\/tags?post=486212"}],"curies":[{"name":"wp","href":"https:\/\/api.w.org\/{rel}","templated":true}]}}