{"id":486454,"date":"2023-06-14T12:54:18","date_gmt":"2023-06-14T18:54:18","guid":{"rendered":"https:\/\/www.zunoticia.com\/noticias-de-hidalgo\/?p=486454"},"modified":"2023-06-14T12:54:19","modified_gmt":"2023-06-14T18:54:19","slug":"inician-preparativos-para-las-clausuras","status":"publish","type":"post","link":"https:\/\/www.zunoticia.com\/noticias-de-hidalgo\/2023\/06\/14\/inician-preparativos-para-las-clausuras\/","title":{"rendered":"Inician preparativos para las clausuras"},"content":{"rendered":"<aside class=\"mashsb-container mashsb-main mashsb-stretched\"><div class=\"mashsb-box\"><div class=\"mashsb-count mash-large\" style=\"float:left\"><div class=\"counts mashsbcount\">45<\/div><span class=\"mashsb-sharetext\">SHARES<\/span><\/div><div class=\"mashsb-buttons\"><a class=\"mashicon-facebook mash-large mash-center mashsb-noshadow\" href=\"https:\/\/www.facebook.com\/sharer.php?u=https%3A%2F%2Fwww.zunoticia.com%2Fnoticias-de-hidalgo%2F2023%2F06%2F14%2Finician-preparativos-para-las-clausuras%2F\" target=\"_top\" rel=\"nofollow\"><span class=\"icon\"><\/span><span class=\"text\">Share<\/span><\/a><a class=\"mashicon-twitter mash-large mash-center mashsb-noshadow\" href=\"https:\/\/twitter.com\/intent\/tweet?text=&amp;url=https:\/\/www.zunoticia.com\/noticias-de-hidalgo\/2023\/06\/14\/inician-preparativos-para-las-clausuras\/\" target=\"_top\" rel=\"nofollow\"><span class=\"icon\"><\/span><span class=\"text\">Tweet<\/span><\/a><div class=\"onoffswitch2 mash-large mashsb-noshadow\" style=\"display:none\"><\/div><\/div>\n            <\/div>\n                <div style=\"clear:both\"><\/div><div class=\"mashsb-toggle-container\"><\/div><\/aside>\n            <!-- Share buttons by mashshare.net - Version: 4.0.47-->\n<p><em>Por Enedino Hern\u00e1ndez\/Zunoticia<\/em><\/p>\n\n\n\n<p><strong>Huejutla, Hgo.-<\/strong> Con toda anticipaci\u00f3n se llevan a cabo los preparativos correspondientes para el periodo de las clausuras en las instituciones educativas del nivel b\u00e1sico, en esta ocasi\u00f3n se retoman estos eventos como tradicionalmente se hac\u00edan antes de la pandemia.<\/p>\n\n\n\n<p>El director de la Escuela Primaria \u201cBenito Ju\u00e1rez\u201d del Centro de Huejutla, Miguel Cruz Reyes, detall\u00f3 que en la instituci\u00f3n educativa que representa el evento de la clausura se ha programado para a las 10:00 horas del 17 de julio.<\/p>\n\n\n\n<p>A casi un mes de este evento escolar, explic\u00f3 que, los docentes preparan a tiempo los n\u00fameros que se presentar\u00e1n durante la ceremonia de clausura. Expuso que los maestros de los alumnos de sexto grado realizan los ensayos con el vals, mientras que la direcci\u00f3n organiza la documentaci\u00f3n correspondiente que se entregar\u00e1 a los egresados.<\/p>\n\n\n\n<p>Seguidamente, calific\u00f3 que, al iniciar el ciclo escolar 2022-2023 se observaba una situaci\u00f3n muy preocupante pues los alumnos llegaron a la escuela de manera presencial con cierto rezago, pero a punto de concluir se ha observado que ya se han nivelado hasta en un 90%.<\/p>\n\n\n\n<figure class=\"wp-block-image size-full\"><img fetchpriority=\"high\" decoding=\"async\" width=\"940\" height=\"788\" src=\"https:\/\/www.zunoticia.com\/noticias-de-hidalgo\/wp-content\/uploads\/2023\/06\/1-109.png\" alt=\"\" class=\"wp-image-486456\" srcset=\"https:\/\/www.zunoticia.com\/noticias-de-hidalgo\/wp-content\/uploads\/2023\/06\/1-109.png 940w, https:\/\/www.zunoticia.com\/noticias-de-hidalgo\/wp-content\/uploads\/2023\/06\/1-109-300x251.png 300w, https:\/\/www.zunoticia.com\/noticias-de-hidalgo\/wp-content\/uploads\/2023\/06\/1-109-768x644.png 768w\" sizes=\"(max-width: 940px) 100vw, 940px\" \/><\/figure>\n","protected":false},"excerpt":{"rendered":"<p>Por Enedino Hern\u00e1ndez\/Zunoticia Huejutla, Hgo.- Con toda anticipaci\u00f3n se llevan a cabo los preparativos correspondientes para el periodo de las clausuras en las instituciones educativas del nivel b\u00e1sico, en esta ocasi\u00f3n se retoman estos eventos como tradicionalmente se hac\u00edan antes de la pandemia. El director de la Escuela Primaria \u201cBenito Ju\u00e1rez\u201d del Centro de Huejutla,&hellip; <a class=\"more-link\" href=\"https:\/\/www.zunoticia.com\/noticias-de-hidalgo\/2023\/06\/14\/inician-preparativos-para-las-clausuras\/\">Seguir leyendo <span class=\"screen-reader-text\">Inician preparativos para las clausuras<\/span><\/a><\/p>\n","protected":false},"author":20,"featured_media":486455,"comment_status":"closed","ping_status":"open","sticky":false,"template":"","format":"standard","meta":{"rop_custom_images_group":[],"rop_custom_messages_group":[],"rop_publish_now":"initial","rop_publish_now_accounts":{"facebook_10159540855086992_322828327761733":""},"rop_publish_now_history":[],"rop_publish_now_status":"pending","footnotes":""},"categories":[181],"tags":[121],"class_list":["post-486454","post","type-post","status-publish","format-standard","has-post-thumbnail","hentry","category-huejutla","tag-huejutla","entry"],"_links":{"self":[{"href":"https:\/\/www.zunoticia.com\/noticias-de-hidalgo\/wp-json\/wp\/v2\/posts\/486454","targetHints":{"allow":["GET"]}}],"collection":[{"href":"https:\/\/www.zunoticia.com\/noticias-de-hidalgo\/wp-json\/wp\/v2\/posts"}],"about":[{"href":"https:\/\/www.zunoticia.com\/noticias-de-hidalgo\/wp-json\/wp\/v2\/types\/post"}],"author":[{"embeddable":true,"href":"https:\/\/www.zunoticia.com\/noticias-de-hidalgo\/wp-json\/wp\/v2\/users\/20"}],"replies":[{"embeddable":true,"href":"https:\/\/www.zunoticia.com\/noticias-de-hidalgo\/wp-json\/wp\/v2\/comments?post=486454"}],"version-history":[{"count":1,"href":"https:\/\/www.zunoticia.com\/noticias-de-hidalgo\/wp-json\/wp\/v2\/posts\/486454\/revisions"}],"predecessor-version":[{"id":486457,"href":"https:\/\/www.zunoticia.com\/noticias-de-hidalgo\/wp-json\/wp\/v2\/posts\/486454\/revisions\/486457"}],"wp:featuredmedia":[{"embeddable":true,"href":"https:\/\/www.zunoticia.com\/noticias-de-hidalgo\/wp-json\/wp\/v2\/media\/486455"}],"wp:attachment":[{"href":"https:\/\/www.zunoticia.com\/noticias-de-hidalgo\/wp-json\/wp\/v2\/media?parent=486454"}],"wp:term":[{"taxonomy":"category","embeddable":true,"href":"https:\/\/www.zunoticia.com\/noticias-de-hidalgo\/wp-json\/wp\/v2\/categories?post=486454"},{"taxonomy":"post_tag","embeddable":true,"href":"https:\/\/www.zunoticia.com\/noticias-de-hidalgo\/wp-json\/wp\/v2\/tags?post=486454"}],"curies":[{"name":"wp","href":"https:\/\/api.w.org\/{rel}","templated":true}]}}