{"id":486497,"date":"2023-06-14T18:01:38","date_gmt":"2023-06-15T00:01:38","guid":{"rendered":"https:\/\/www.zunoticia.com\/noticias-de-hidalgo\/?p=486497"},"modified":"2023-06-14T18:01:39","modified_gmt":"2023-06-15T00:01:39","slug":"pide-pc-tomar-precauciones-ante-tercera-ola-de-calor-en-la-huasteca","status":"publish","type":"post","link":"https:\/\/www.zunoticia.com\/noticias-de-hidalgo\/2023\/06\/14\/pide-pc-tomar-precauciones-ante-tercera-ola-de-calor-en-la-huasteca\/","title":{"rendered":"Pide PC tomar precauciones ante tercera ola de calor en la huasteca"},"content":{"rendered":"<aside class=\"mashsb-container mashsb-main mashsb-stretched\"><div class=\"mashsb-box\"><div class=\"mashsb-count mash-large\" style=\"float:left\"><div class=\"counts mashsbcount\">25<\/div><span class=\"mashsb-sharetext\">SHARES<\/span><\/div><div class=\"mashsb-buttons\"><a class=\"mashicon-facebook mash-large mash-center mashsb-noshadow\" href=\"https:\/\/www.facebook.com\/sharer.php?u=https%3A%2F%2Fwww.zunoticia.com%2Fnoticias-de-hidalgo%2F2023%2F06%2F14%2Fpide-pc-tomar-precauciones-ante-tercera-ola-de-calor-en-la-huasteca%2F\" target=\"_top\" rel=\"nofollow\"><span class=\"icon\"><\/span><span class=\"text\">Share<\/span><\/a><a class=\"mashicon-twitter mash-large mash-center mashsb-noshadow\" href=\"https:\/\/twitter.com\/intent\/tweet?text=&amp;url=https:\/\/www.zunoticia.com\/noticias-de-hidalgo\/2023\/06\/14\/pide-pc-tomar-precauciones-ante-tercera-ola-de-calor-en-la-huasteca\/\" target=\"_top\" rel=\"nofollow\"><span class=\"icon\"><\/span><span class=\"text\">Tweet<\/span><\/a><div class=\"onoffswitch2 mash-large mashsb-noshadow\" style=\"display:none\"><\/div><\/div>\n            <\/div>\n                <div style=\"clear:both\"><\/div><div class=\"mashsb-toggle-container\"><\/div><\/aside>\n            <!-- Share buttons by mashshare.net - Version: 4.0.47-->\n<p><em>Por Enedino Hern\u00e1ndez\/Zunoticia<\/em><\/p>\n\n\n\n<p><strong>Huejutla, Hgo<\/strong>.- El coordinador regional de Protecci\u00f3n Civil (PC) de la Subsecretar\u00eda de Gobierno en la Huasteca, H\u00e9ctor Hilario Manuel; pide p\u00fablicamente a la poblaci\u00f3n tomar las precauciones necesarias ante la tercera ola de calor que se tiene en la zona.<\/p>\n\n\n\n<p>Consider\u00f3 que, es elemental hidratarse adecuadamente, adem\u00e1s de mantenerse en lugares con sombra, as\u00ed como poner mucha atenci\u00f3n a los grupos m\u00e1s vulnerables como son los ni\u00f1os y adultos mayores.<\/p>\n\n\n\n<p>\u201cSi no hay necesidad de exponerse al sol, principalmente de las 13:00 a las 15:00 horas, se debe de evitar, a efecto de no sufrir alguna situaci\u00f3n que pudiera afectarnos seriamente como son los llamados golpes de calor\u201d explic\u00f3.<\/p>\n\n\n\n<p>Coment\u00f3 que, de acuerdo con los pron\u00f3sticos que se tienen para la regi\u00f3n de Huejutla, los d\u00edas mi\u00e9rcoles y jueves de la presente semana se espera mucho m\u00e1s calor, llegando a los 42 grados a la sombra y puede incrementarse con la sensaci\u00f3n t\u00e9rmica.<\/p>\n\n\n\n<p>Reconoci\u00f3 que, al momento se han presentado algunos incendios en la zona, por lo que se les recomienda evitar quemar la basura, no quemar pastizales \u201ccomo Protecci\u00f3n Civil estamos monitoreando todos los 9 municipios de la regi\u00f3n, todos los d\u00edas platicamos con los titulares de Protecci\u00f3n Civil para saber cu\u00e1les son las novedades y las situaciones de emergencia que se han presentado en cada municipio\u201d.<\/p>\n\n\n\n<p>Confirm\u00f3 \u201cen caso de que se requiera la movilizaci\u00f3n de algunas otras \u00e1reas del Gobierno, nos encontramos muy al pendiente para poder facilitar la ayuda que se nos solicite en la zona de la huasteca\u201d.<\/p>\n\n\n\n<p>H\u00e9ctor Hilario Manuel, dijo que, los pron\u00f3sticos del tiempo indican que el calor seguir\u00e1 en los d\u00edas siguientes \u201cuna semana m\u00e1s van a seguir estos calores, por lo tanto, hay que tener mucha paciencia, hay que hidratarse y cuidarse mucho. Debemos de seguir con las recomendaciones de Protecci\u00f3n Civil\u201d.<\/p>\n\n\n\n<p><\/p>\n","protected":false},"excerpt":{"rendered":"<p>Por Enedino Hern\u00e1ndez\/Zunoticia Huejutla, Hgo.- El coordinador regional de Protecci\u00f3n Civil (PC) de la Subsecretar\u00eda de Gobierno en la Huasteca, H\u00e9ctor Hilario Manuel; pide p\u00fablicamente a la poblaci\u00f3n tomar las precauciones necesarias ante la tercera ola de calor que se tiene en la zona. Consider\u00f3 que, es elemental hidratarse adecuadamente, adem\u00e1s de mantenerse en lugares&hellip; <a class=\"more-link\" href=\"https:\/\/www.zunoticia.com\/noticias-de-hidalgo\/2023\/06\/14\/pide-pc-tomar-precauciones-ante-tercera-ola-de-calor-en-la-huasteca\/\">Seguir leyendo <span class=\"screen-reader-text\">Pide PC tomar precauciones ante tercera ola de calor en la huasteca<\/span><\/a><\/p>\n","protected":false},"author":20,"featured_media":486498,"comment_status":"closed","ping_status":"open","sticky":false,"template":"","format":"standard","meta":{"rop_custom_images_group":[],"rop_custom_messages_group":[],"rop_publish_now":"initial","rop_publish_now_accounts":{"facebook_10159540855086992_322828327761733":""},"rop_publish_now_history":[],"rop_publish_now_status":"pending","footnotes":""},"categories":[181],"tags":[121],"class_list":["post-486497","post","type-post","status-publish","format-standard","has-post-thumbnail","hentry","category-huejutla","tag-huejutla","entry"],"_links":{"self":[{"href":"https:\/\/www.zunoticia.com\/noticias-de-hidalgo\/wp-json\/wp\/v2\/posts\/486497","targetHints":{"allow":["GET"]}}],"collection":[{"href":"https:\/\/www.zunoticia.com\/noticias-de-hidalgo\/wp-json\/wp\/v2\/posts"}],"about":[{"href":"https:\/\/www.zunoticia.com\/noticias-de-hidalgo\/wp-json\/wp\/v2\/types\/post"}],"author":[{"embeddable":true,"href":"https:\/\/www.zunoticia.com\/noticias-de-hidalgo\/wp-json\/wp\/v2\/users\/20"}],"replies":[{"embeddable":true,"href":"https:\/\/www.zunoticia.com\/noticias-de-hidalgo\/wp-json\/wp\/v2\/comments?post=486497"}],"version-history":[{"count":1,"href":"https:\/\/www.zunoticia.com\/noticias-de-hidalgo\/wp-json\/wp\/v2\/posts\/486497\/revisions"}],"predecessor-version":[{"id":486499,"href":"https:\/\/www.zunoticia.com\/noticias-de-hidalgo\/wp-json\/wp\/v2\/posts\/486497\/revisions\/486499"}],"wp:featuredmedia":[{"embeddable":true,"href":"https:\/\/www.zunoticia.com\/noticias-de-hidalgo\/wp-json\/wp\/v2\/media\/486498"}],"wp:attachment":[{"href":"https:\/\/www.zunoticia.com\/noticias-de-hidalgo\/wp-json\/wp\/v2\/media?parent=486497"}],"wp:term":[{"taxonomy":"category","embeddable":true,"href":"https:\/\/www.zunoticia.com\/noticias-de-hidalgo\/wp-json\/wp\/v2\/categories?post=486497"},{"taxonomy":"post_tag","embeddable":true,"href":"https:\/\/www.zunoticia.com\/noticias-de-hidalgo\/wp-json\/wp\/v2\/tags?post=486497"}],"curies":[{"name":"wp","href":"https:\/\/api.w.org\/{rel}","templated":true}]}}