{"id":486500,"date":"2023-06-14T18:18:49","date_gmt":"2023-06-15T00:18:49","guid":{"rendered":"https:\/\/www.zunoticia.com\/noticias-de-hidalgo\/?p=486500"},"modified":"2023-06-14T18:18:50","modified_gmt":"2023-06-15T00:18:50","slug":"exigen-agilizar-la-rehabilitacion-de-red-electrica-en-cordillera-de-oxceloco","status":"publish","type":"post","link":"https:\/\/www.zunoticia.com\/noticias-de-hidalgo\/2023\/06\/14\/exigen-agilizar-la-rehabilitacion-de-red-electrica-en-cordillera-de-oxceloco\/","title":{"rendered":"Exigen agilizar la rehabilitaci\u00f3n de red el\u00e9ctrica en cordillera de Oxceloco"},"content":{"rendered":"<aside class=\"mashsb-container mashsb-main mashsb-stretched\"><div class=\"mashsb-box\"><div class=\"mashsb-count mash-large\" style=\"float:left\"><div class=\"counts mashsbcount\">28<\/div><span class=\"mashsb-sharetext\">SHARES<\/span><\/div><div class=\"mashsb-buttons\"><a class=\"mashicon-facebook mash-large mash-center mashsb-noshadow\" href=\"https:\/\/www.facebook.com\/sharer.php?u=https%3A%2F%2Fwww.zunoticia.com%2Fnoticias-de-hidalgo%2F2023%2F06%2F14%2Fexigen-agilizar-la-rehabilitacion-de-red-electrica-en-cordillera-de-oxceloco%2F\" target=\"_top\" rel=\"nofollow\"><span class=\"icon\"><\/span><span class=\"text\">Share<\/span><\/a><a class=\"mashicon-twitter mash-large mash-center mashsb-noshadow\" href=\"https:\/\/twitter.com\/intent\/tweet?text=&amp;url=https:\/\/www.zunoticia.com\/noticias-de-hidalgo\/2023\/06\/14\/exigen-agilizar-la-rehabilitacion-de-red-electrica-en-cordillera-de-oxceloco\/\" target=\"_top\" rel=\"nofollow\"><span class=\"icon\"><\/span><span class=\"text\">Tweet<\/span><\/a><div class=\"onoffswitch2 mash-large mashsb-noshadow\" style=\"display:none\"><\/div><\/div>\n            <\/div>\n                <div style=\"clear:both\"><\/div><div class=\"mashsb-toggle-container\"><\/div><\/aside>\n            <!-- Share buttons by mashshare.net - Version: 4.0.47-->\n<p><em>Por Roberto Meza\/Zunoticia<\/em><\/p>\n\n\n\n<p><strong>Yahualica, Hgo<\/strong>.- Autoridades delegacionales y representantes de 9 comunidades de la cordillera de Oxceloco, del municipio de Yahualica, este mi\u00e9rcoles participaron en una mesa de trabajo, en las oficinas de la Comisi\u00f3n Federal de Electricidad (CFE), para ver los avances de la problem\u00e1tica de los apagones que sufren en esta regi\u00f3n&nbsp; y darle una soluci\u00f3n.<\/p>\n\n\n\n<p>En la mesa de trabajo estuvieron el edil Sen\u00f3n Navarro Morales; Yamil Fayad, representante de la Subsecretar\u00eda; Rigoberto Salazar, representante de la CFE; delegados de Atlalco, Paraje, Atlajco, Tepeixpa, Oxceloco, Chiatitla y Xochitl. Fue la sala de reuniones de esa paraestatal el escenario de este esquema de trabajo, los ejidatarios mencionaron que despu\u00e9s de un mes de que surgi\u00f3 la problem\u00e1tica los avances son m\u00ednimos, por lo que pidieron que se agilicen los trabajos.<\/p>\n\n\n\n<p>Mientras tanto, los funcionarios de la CFE explicaron que el total de los postes habr\u00e1n de llegar en los pr\u00f3ximos d\u00edas, previa licitaci\u00f3n, se les condonar\u00e1 el pago del servicio de electricidad del bimestre marzo- abril, a partir del bimestre mayo y junio ya pagar\u00e1n la luz; ser\u00e1n m\u00e1s de 130 postes los que se cambiar\u00e1n, de los cuales 20 ya fueron colocados y se licitar\u00e1 la llegada del total de estos.<\/p>\n\n\n\n<p>Los ejidatarios agregaron que, el tiempo en que la CFE se comprometi\u00f3 a terminar los trabajos fue en dos meses, sin embargo, se alargar\u00e1 hasta 4 o 6 por la licitaci\u00f3n de los postes y dem\u00e1s procesos a los que se le tiene que dar seguimiento, conforme a la legalidad.<\/p>\n\n\n\n<figure class=\"wp-block-gallery has-nested-images columns-default is-cropped wp-block-gallery-1 is-layout-flex wp-block-gallery-is-layout-flex\">\n<figure class=\"wp-block-image size-large\"><img fetchpriority=\"high\" decoding=\"async\" width=\"1024\" height=\"656\" data-id=\"486503\" src=\"https:\/\/www.zunoticia.com\/noticias-de-hidalgo\/wp-content\/uploads\/2023\/06\/WhatsApp-Image-2023-06-14-at-18.13.57-1-1024x656.jpeg\" alt=\"\" class=\"wp-image-486503\" srcset=\"https:\/\/www.zunoticia.com\/noticias-de-hidalgo\/wp-content\/uploads\/2023\/06\/WhatsApp-Image-2023-06-14-at-18.13.57-1-1024x656.jpeg 1024w, https:\/\/www.zunoticia.com\/noticias-de-hidalgo\/wp-content\/uploads\/2023\/06\/WhatsApp-Image-2023-06-14-at-18.13.57-1-300x192.jpeg 300w, https:\/\/www.zunoticia.com\/noticias-de-hidalgo\/wp-content\/uploads\/2023\/06\/WhatsApp-Image-2023-06-14-at-18.13.57-1-768x492.jpeg 768w, https:\/\/www.zunoticia.com\/noticias-de-hidalgo\/wp-content\/uploads\/2023\/06\/WhatsApp-Image-2023-06-14-at-18.13.57-1.jpeg 1280w\" sizes=\"(max-width: 1024px) 100vw, 1024px\" \/><\/figure>\n\n\n\n<figure class=\"wp-block-image size-large\"><img decoding=\"async\" width=\"1024\" height=\"473\" data-id=\"486502\" src=\"https:\/\/www.zunoticia.com\/noticias-de-hidalgo\/wp-content\/uploads\/2023\/06\/WhatsApp-Image-2023-06-14-at-18.13.57-1024x473.jpeg\" alt=\"\" class=\"wp-image-486502\" srcset=\"https:\/\/www.zunoticia.com\/noticias-de-hidalgo\/wp-content\/uploads\/2023\/06\/WhatsApp-Image-2023-06-14-at-18.13.57-1024x473.jpeg 1024w, https:\/\/www.zunoticia.com\/noticias-de-hidalgo\/wp-content\/uploads\/2023\/06\/WhatsApp-Image-2023-06-14-at-18.13.57-300x138.jpeg 300w, https:\/\/www.zunoticia.com\/noticias-de-hidalgo\/wp-content\/uploads\/2023\/06\/WhatsApp-Image-2023-06-14-at-18.13.57-768x354.jpeg 768w, https:\/\/www.zunoticia.com\/noticias-de-hidalgo\/wp-content\/uploads\/2023\/06\/WhatsApp-Image-2023-06-14-at-18.13.57.jpeg 1040w\" sizes=\"(max-width: 1024px) 100vw, 1024px\" \/><\/figure>\n<\/figure>\n","protected":false},"excerpt":{"rendered":"<p>Por Roberto Meza\/Zunoticia Yahualica, Hgo.- Autoridades delegacionales y representantes de 9 comunidades de la cordillera de Oxceloco, del municipio de Yahualica, este mi\u00e9rcoles participaron en una mesa de trabajo, en las oficinas de la Comisi\u00f3n Federal de Electricidad (CFE), para ver los avances de la problem\u00e1tica de los apagones que sufren en esta regi\u00f3n&nbsp; y&hellip; <a class=\"more-link\" href=\"https:\/\/www.zunoticia.com\/noticias-de-hidalgo\/2023\/06\/14\/exigen-agilizar-la-rehabilitacion-de-red-electrica-en-cordillera-de-oxceloco\/\">Seguir leyendo <span class=\"screen-reader-text\">Exigen agilizar la rehabilitaci\u00f3n de red el\u00e9ctrica en cordillera de Oxceloco<\/span><\/a><\/p>\n","protected":false},"author":20,"featured_media":486501,"comment_status":"closed","ping_status":"open","sticky":false,"template":"","format":"standard","meta":{"rop_custom_images_group":[],"rop_custom_messages_group":[],"rop_publish_now":"initial","rop_publish_now_accounts":{"facebook_10159540855086992_322828327761733":""},"rop_publish_now_history":[],"rop_publish_now_status":"pending","footnotes":""},"categories":[1],"tags":[],"class_list":["post-486500","post","type-post","status-publish","format-standard","has-post-thumbnail","hentry","category-sin-categoria","entry"],"_links":{"self":[{"href":"https:\/\/www.zunoticia.com\/noticias-de-hidalgo\/wp-json\/wp\/v2\/posts\/486500","targetHints":{"allow":["GET"]}}],"collection":[{"href":"https:\/\/www.zunoticia.com\/noticias-de-hidalgo\/wp-json\/wp\/v2\/posts"}],"about":[{"href":"https:\/\/www.zunoticia.com\/noticias-de-hidalgo\/wp-json\/wp\/v2\/types\/post"}],"author":[{"embeddable":true,"href":"https:\/\/www.zunoticia.com\/noticias-de-hidalgo\/wp-json\/wp\/v2\/users\/20"}],"replies":[{"embeddable":true,"href":"https:\/\/www.zunoticia.com\/noticias-de-hidalgo\/wp-json\/wp\/v2\/comments?post=486500"}],"version-history":[{"count":1,"href":"https:\/\/www.zunoticia.com\/noticias-de-hidalgo\/wp-json\/wp\/v2\/posts\/486500\/revisions"}],"predecessor-version":[{"id":486504,"href":"https:\/\/www.zunoticia.com\/noticias-de-hidalgo\/wp-json\/wp\/v2\/posts\/486500\/revisions\/486504"}],"wp:featuredmedia":[{"embeddable":true,"href":"https:\/\/www.zunoticia.com\/noticias-de-hidalgo\/wp-json\/wp\/v2\/media\/486501"}],"wp:attachment":[{"href":"https:\/\/www.zunoticia.com\/noticias-de-hidalgo\/wp-json\/wp\/v2\/media?parent=486500"}],"wp:term":[{"taxonomy":"category","embeddable":true,"href":"https:\/\/www.zunoticia.com\/noticias-de-hidalgo\/wp-json\/wp\/v2\/categories?post=486500"},{"taxonomy":"post_tag","embeddable":true,"href":"https:\/\/www.zunoticia.com\/noticias-de-hidalgo\/wp-json\/wp\/v2\/tags?post=486500"}],"curies":[{"name":"wp","href":"https:\/\/api.w.org\/{rel}","templated":true}]}}