{"id":486509,"date":"2023-06-14T18:53:49","date_gmt":"2023-06-15T00:53:49","guid":{"rendered":"https:\/\/www.zunoticia.com\/noticias-de-hidalgo\/?p=486509"},"modified":"2023-06-14T18:53:52","modified_gmt":"2023-06-15T00:53:52","slug":"fortalecen-nivel-cultural-del-habla-nahuatl-en-la-huasteca","status":"publish","type":"post","link":"https:\/\/www.zunoticia.com\/noticias-de-hidalgo\/2023\/06\/14\/fortalecen-nivel-cultural-del-habla-nahuatl-en-la-huasteca\/","title":{"rendered":"Fortalecen nivel cultural del habla n\u00e1huatl en la huasteca"},"content":{"rendered":"<aside class=\"mashsb-container mashsb-main mashsb-stretched\"><div class=\"mashsb-box\"><div class=\"mashsb-count mash-large\" style=\"float:left\"><div class=\"counts mashsbcount\">1<\/div><span class=\"mashsb-sharetext\">SHARES<\/span><\/div><div class=\"mashsb-buttons\"><a class=\"mashicon-facebook mash-large mash-center mashsb-noshadow\" href=\"https:\/\/www.facebook.com\/sharer.php?u=https%3A%2F%2Fwww.zunoticia.com%2Fnoticias-de-hidalgo%2F2023%2F06%2F14%2Ffortalecen-nivel-cultural-del-habla-nahuatl-en-la-huasteca%2F\" target=\"_top\" rel=\"nofollow\"><span class=\"icon\"><\/span><span class=\"text\">Share<\/span><\/a><a class=\"mashicon-twitter mash-large mash-center mashsb-noshadow\" href=\"https:\/\/twitter.com\/intent\/tweet?text=&amp;url=https:\/\/www.zunoticia.com\/noticias-de-hidalgo\/2023\/06\/14\/fortalecen-nivel-cultural-del-habla-nahuatl-en-la-huasteca\/\" target=\"_top\" rel=\"nofollow\"><span class=\"icon\"><\/span><span class=\"text\">Tweet<\/span><\/a><div class=\"onoffswitch2 mash-large mashsb-noshadow\" style=\"display:none\"><\/div><\/div>\n            <\/div>\n                <div style=\"clear:both\"><\/div><div class=\"mashsb-toggle-container\"><\/div><\/aside>\n            <!-- Share buttons by mashshare.net - Version: 4.0.47-->\n<p><em>Por Enedino Hern\u00e1ndez\/Zunoticia<\/em><\/p>\n\n\n\n<p><strong>Huejutla, Hgo<\/strong>.- \u201cAl momento, se ha observado que se fortalecen las acciones correspondientes del nivel cultural del habla n\u00e1huatl en la regi\u00f3n de la huasteca\u201d, as\u00ed lo confirm\u00f3 el promotor cultural del idioma n\u00e1huatl, On\u00e9simo Francisco Procopio.<\/p>\n\n\n\n<p>Dijo que, se tiene ya a muchas personas que se dedican a fortalecer todo lo relacionado con la lengua n\u00e1huatl, sin embargo; a\u00fan existen personas que porque creen que medio hablan n\u00e1huatl ya pueden difundir y eso no debe de hacerse.<\/p>\n\n\n\n<p>Expuso que, difundir el n\u00e1huatl tiene que ver con los principios de identidad y pertenencia \u00e9tnica, es decir: quien te hable de lengua y de la cultura n\u00e1huatl, debe pertenecer a esta cultura, saber los or\u00edgenes, conocer la cosmovisi\u00f3n de cada una de las cuestiones, de las tradiciones, de los hechos, de los momentos y todas las acciones que se realicen.<\/p>\n\n\n\n<p>Subray\u00f3 que, para fortalecer la cultura de la lengua n\u00e1huatl se debe hacer con respeto a la gente, con respeto a los pueblos originarios, porque ah\u00ed es en donde se encuentra todo el aspecto cultural y sus manifestaciones.<\/p>\n\n\n\n<p>Concluy\u00f3 haciendo un llamado para aquellas personas que se dicen ser promotores de la cultura n\u00e1huatl, para que estudien el trasfondo de cada una de las cosas, pues las tradiciones, costumbres y creencias, de repente no pueden interpretarse y solo lo dicen porque alguien lo dijo. Por ello, es que se debe conocer de origen.<\/p>\n\n\n\n<p><\/p>\n","protected":false},"excerpt":{"rendered":"<p>Por Enedino Hern\u00e1ndez\/Zunoticia Huejutla, Hgo.- \u201cAl momento, se ha observado que se fortalecen las acciones correspondientes del nivel cultural del habla n\u00e1huatl en la regi\u00f3n de la huasteca\u201d, as\u00ed lo confirm\u00f3 el promotor cultural del idioma n\u00e1huatl, On\u00e9simo Francisco Procopio. Dijo que, se tiene ya a muchas personas que se dedican a fortalecer todo lo&hellip; <a class=\"more-link\" href=\"https:\/\/www.zunoticia.com\/noticias-de-hidalgo\/2023\/06\/14\/fortalecen-nivel-cultural-del-habla-nahuatl-en-la-huasteca\/\">Seguir leyendo <span class=\"screen-reader-text\">Fortalecen nivel cultural del habla n\u00e1huatl en la huasteca<\/span><\/a><\/p>\n","protected":false},"author":20,"featured_media":486510,"comment_status":"closed","ping_status":"open","sticky":false,"template":"","format":"standard","meta":{"rop_custom_images_group":[],"rop_custom_messages_group":[],"rop_publish_now":"initial","rop_publish_now_accounts":{"facebook_10159540855086992_322828327761733":""},"rop_publish_now_history":[],"rop_publish_now_status":"pending","footnotes":""},"categories":[181],"tags":[121],"class_list":["post-486509","post","type-post","status-publish","format-standard","has-post-thumbnail","hentry","category-huejutla","tag-huejutla","entry"],"_links":{"self":[{"href":"https:\/\/www.zunoticia.com\/noticias-de-hidalgo\/wp-json\/wp\/v2\/posts\/486509","targetHints":{"allow":["GET"]}}],"collection":[{"href":"https:\/\/www.zunoticia.com\/noticias-de-hidalgo\/wp-json\/wp\/v2\/posts"}],"about":[{"href":"https:\/\/www.zunoticia.com\/noticias-de-hidalgo\/wp-json\/wp\/v2\/types\/post"}],"author":[{"embeddable":true,"href":"https:\/\/www.zunoticia.com\/noticias-de-hidalgo\/wp-json\/wp\/v2\/users\/20"}],"replies":[{"embeddable":true,"href":"https:\/\/www.zunoticia.com\/noticias-de-hidalgo\/wp-json\/wp\/v2\/comments?post=486509"}],"version-history":[{"count":1,"href":"https:\/\/www.zunoticia.com\/noticias-de-hidalgo\/wp-json\/wp\/v2\/posts\/486509\/revisions"}],"predecessor-version":[{"id":486511,"href":"https:\/\/www.zunoticia.com\/noticias-de-hidalgo\/wp-json\/wp\/v2\/posts\/486509\/revisions\/486511"}],"wp:featuredmedia":[{"embeddable":true,"href":"https:\/\/www.zunoticia.com\/noticias-de-hidalgo\/wp-json\/wp\/v2\/media\/486510"}],"wp:attachment":[{"href":"https:\/\/www.zunoticia.com\/noticias-de-hidalgo\/wp-json\/wp\/v2\/media?parent=486509"}],"wp:term":[{"taxonomy":"category","embeddable":true,"href":"https:\/\/www.zunoticia.com\/noticias-de-hidalgo\/wp-json\/wp\/v2\/categories?post=486509"},{"taxonomy":"post_tag","embeddable":true,"href":"https:\/\/www.zunoticia.com\/noticias-de-hidalgo\/wp-json\/wp\/v2\/tags?post=486509"}],"curies":[{"name":"wp","href":"https:\/\/api.w.org\/{rel}","templated":true}]}}