{"id":486515,"date":"2023-06-14T19:06:52","date_gmt":"2023-06-15T01:06:52","guid":{"rendered":"https:\/\/www.zunoticia.com\/noticias-de-hidalgo\/?p=486515"},"modified":"2023-06-14T19:06:53","modified_gmt":"2023-06-15T01:06:53","slug":"preparados-para-elegir-al-presidente-de-comites-de-defensa-de-la-4t-fenal","status":"publish","type":"post","link":"https:\/\/www.zunoticia.com\/noticias-de-hidalgo\/2023\/06\/14\/preparados-para-elegir-al-presidente-de-comites-de-defensa-de-la-4t-fenal\/","title":{"rendered":"Preparados para elegir al presidente de Comit\u00e9s de defensa de la 4T: FENAL"},"content":{"rendered":"<aside class=\"mashsb-container mashsb-main mashsb-stretched\"><div class=\"mashsb-box\"><div class=\"mashsb-count mash-large\" style=\"float:left\"><div class=\"counts mashsbcount\">42<\/div><span class=\"mashsb-sharetext\">SHARES<\/span><\/div><div class=\"mashsb-buttons\"><a class=\"mashicon-facebook mash-large mash-center mashsb-noshadow\" href=\"https:\/\/www.facebook.com\/sharer.php?u=https%3A%2F%2Fwww.zunoticia.com%2Fnoticias-de-hidalgo%2F2023%2F06%2F14%2Fpreparados-para-elegir-al-presidente-de-comites-de-defensa-de-la-4t-fenal%2F\" target=\"_top\" rel=\"nofollow\"><span class=\"icon\"><\/span><span class=\"text\">Share<\/span><\/a><a class=\"mashicon-twitter mash-large mash-center mashsb-noshadow\" href=\"https:\/\/twitter.com\/intent\/tweet?text=&amp;url=https:\/\/www.zunoticia.com\/noticias-de-hidalgo\/2023\/06\/14\/preparados-para-elegir-al-presidente-de-comites-de-defensa-de-la-4t-fenal\/\" target=\"_top\" rel=\"nofollow\"><span class=\"icon\"><\/span><span class=\"text\">Tweet<\/span><\/a><div class=\"onoffswitch2 mash-large mashsb-noshadow\" style=\"display:none\"><\/div><\/div>\n            <\/div>\n                <div style=\"clear:both\"><\/div><div class=\"mashsb-toggle-container\"><\/div><\/aside>\n            <!-- Share buttons by mashshare.net - Version: 4.0.47-->\n<p><em>Por Enedino Hern\u00e1ndez\/Zunoticia<\/em><\/p>\n\n\n\n<p><strong>Huejutla, Hgo<\/strong>.- El coordinador regional de la Federaci\u00f3n Nacional de Abogados Liberales (FENAL) y Coordinador de la \u201cFuerza Marcelo\u201d, Ejemer Aquileo Vargas S\u00e1enz, calific\u00f3 de positivo que de manera oportuna se haya emitido la convocatoria por parte de la Colaci\u00f3n de Morena, PT y PVEM, en donde se estipulan los lineamientos que se habr\u00e1n de tomar en cuenta para elegir al pr\u00f3ximo presidente de los Comit\u00e9s de defensa de la Cuarta Transformaci\u00f3n (4T).<\/p>\n\n\n\n<p>Dijo que, la elecci\u00f3n interna en la coalici\u00f3n ser\u00e1 para elegir al pr\u00f3ximo presidente de los Comit\u00e9s de defensa de la Cuarta Transformaci\u00f3n en el pa\u00eds, y una vez que sea electo a trav\u00e9s de las encuestas internas, tendr\u00e1 que continuar con los trabajos tendientes a darle agilidad en M\u00e9xico.<\/p>\n\n\n\n<p>Expone que, en su momento se propuso \u201cpiso parejo\u201d para los aspirantes y en su caso, que se les pidiera la renuncia a su cargo, Marcelo Ebrad, ya present\u00f3 su renuncia y se espera que antes del 16 de junio presenten sus respectivas renuncias el resto de los aspirantes.<\/p>\n\n\n\n<p>M\u00e1s adelante, invit\u00f3 a los ciudadanos que el apoyo que manifiesten a estos se haga con toda unidad y en forma pac\u00edfica, pero sobre todo sin violentar a los contrincantes, ya que son compa\u00f1eros del mismo partido, de la misma Coalici\u00f3n Morena-PT-PVEM.<\/p>\n\n\n\n<p>Concluy\u00f3 pidiendo a los ciudadanos que est\u00e9n al pendiente de los hechos, de las encuestas y de manera consciente, habremos de emitir nuestra votaci\u00f3n para ver qui\u00e9n de las propuestas es la que mejor representar\u00eda a los Comit\u00e9s de la Cuarta Transformaci\u00f3n, rumbo a las elecciones del 2024 que ya se avecina.<\/p>\n","protected":false},"excerpt":{"rendered":"<p>Por Enedino Hern\u00e1ndez\/Zunoticia Huejutla, Hgo.- El coordinador regional de la Federaci\u00f3n Nacional de Abogados Liberales (FENAL) y Coordinador de la \u201cFuerza Marcelo\u201d, Ejemer Aquileo Vargas S\u00e1enz, calific\u00f3 de positivo que de manera oportuna se haya emitido la convocatoria por parte de la Colaci\u00f3n de Morena, PT y PVEM, en donde se estipulan los lineamientos que&hellip; <a class=\"more-link\" href=\"https:\/\/www.zunoticia.com\/noticias-de-hidalgo\/2023\/06\/14\/preparados-para-elegir-al-presidente-de-comites-de-defensa-de-la-4t-fenal\/\">Seguir leyendo <span class=\"screen-reader-text\">Preparados para elegir al presidente de Comit\u00e9s de defensa de la 4T: FENAL<\/span><\/a><\/p>\n","protected":false},"author":20,"featured_media":486516,"comment_status":"closed","ping_status":"open","sticky":false,"template":"","format":"standard","meta":{"rop_custom_images_group":[],"rop_custom_messages_group":[],"rop_publish_now":"initial","rop_publish_now_accounts":{"facebook_10159540855086992_322828327761733":""},"rop_publish_now_history":[],"rop_publish_now_status":"pending","footnotes":""},"categories":[181],"tags":[121],"class_list":["post-486515","post","type-post","status-publish","format-standard","has-post-thumbnail","hentry","category-huejutla","tag-huejutla","entry"],"_links":{"self":[{"href":"https:\/\/www.zunoticia.com\/noticias-de-hidalgo\/wp-json\/wp\/v2\/posts\/486515","targetHints":{"allow":["GET"]}}],"collection":[{"href":"https:\/\/www.zunoticia.com\/noticias-de-hidalgo\/wp-json\/wp\/v2\/posts"}],"about":[{"href":"https:\/\/www.zunoticia.com\/noticias-de-hidalgo\/wp-json\/wp\/v2\/types\/post"}],"author":[{"embeddable":true,"href":"https:\/\/www.zunoticia.com\/noticias-de-hidalgo\/wp-json\/wp\/v2\/users\/20"}],"replies":[{"embeddable":true,"href":"https:\/\/www.zunoticia.com\/noticias-de-hidalgo\/wp-json\/wp\/v2\/comments?post=486515"}],"version-history":[{"count":1,"href":"https:\/\/www.zunoticia.com\/noticias-de-hidalgo\/wp-json\/wp\/v2\/posts\/486515\/revisions"}],"predecessor-version":[{"id":486517,"href":"https:\/\/www.zunoticia.com\/noticias-de-hidalgo\/wp-json\/wp\/v2\/posts\/486515\/revisions\/486517"}],"wp:featuredmedia":[{"embeddable":true,"href":"https:\/\/www.zunoticia.com\/noticias-de-hidalgo\/wp-json\/wp\/v2\/media\/486516"}],"wp:attachment":[{"href":"https:\/\/www.zunoticia.com\/noticias-de-hidalgo\/wp-json\/wp\/v2\/media?parent=486515"}],"wp:term":[{"taxonomy":"category","embeddable":true,"href":"https:\/\/www.zunoticia.com\/noticias-de-hidalgo\/wp-json\/wp\/v2\/categories?post=486515"},{"taxonomy":"post_tag","embeddable":true,"href":"https:\/\/www.zunoticia.com\/noticias-de-hidalgo\/wp-json\/wp\/v2\/tags?post=486515"}],"curies":[{"name":"wp","href":"https:\/\/api.w.org\/{rel}","templated":true}]}}