{"id":486519,"date":"2023-06-14T20:23:33","date_gmt":"2023-06-15T02:23:33","guid":{"rendered":"https:\/\/www.zunoticia.com\/noticias-de-hidalgo\/?p=486519"},"modified":"2023-06-14T20:23:35","modified_gmt":"2023-06-15T02:23:35","slug":"designar-a-un-cronista-de-la-noche-a-la-manana-no-es-muy-sano-juarez-vega","status":"publish","type":"post","link":"https:\/\/www.zunoticia.com\/noticias-de-hidalgo\/2023\/06\/14\/designar-a-un-cronista-de-la-noche-a-la-manana-no-es-muy-sano-juarez-vega\/","title":{"rendered":"Designar a un cronista de la noche a la ma\u00f1ana no es muy sano: Ju\u00e1rez Vega"},"content":{"rendered":"<aside class=\"mashsb-container mashsb-main mashsb-stretched\"><div class=\"mashsb-box\"><div class=\"mashsb-count mash-large\" style=\"float:left\"><div class=\"counts mashsbcount\">9<\/div><span class=\"mashsb-sharetext\">SHARES<\/span><\/div><div class=\"mashsb-buttons\"><a class=\"mashicon-facebook mash-large mash-center mashsb-noshadow\" href=\"https:\/\/www.facebook.com\/sharer.php?u=https%3A%2F%2Fwww.zunoticia.com%2Fnoticias-de-hidalgo%2F2023%2F06%2F14%2Fdesignar-a-un-cronista-de-la-noche-a-la-manana-no-es-muy-sano-juarez-vega%2F\" target=\"_top\" rel=\"nofollow\"><span class=\"icon\"><\/span><span class=\"text\">Share<\/span><\/a><a class=\"mashicon-twitter mash-large mash-center mashsb-noshadow\" href=\"https:\/\/twitter.com\/intent\/tweet?text=&amp;url=https:\/\/www.zunoticia.com\/noticias-de-hidalgo\/2023\/06\/14\/designar-a-un-cronista-de-la-noche-a-la-manana-no-es-muy-sano-juarez-vega\/\" target=\"_top\" rel=\"nofollow\"><span class=\"icon\"><\/span><span class=\"text\">Tweet<\/span><\/a><div class=\"onoffswitch2 mash-large mashsb-noshadow\" style=\"display:none\"><\/div><\/div>\n            <\/div>\n                <div style=\"clear:both\"><\/div><div class=\"mashsb-toggle-container\"><\/div><\/aside>\n            <!-- Share buttons by mashshare.net - Version: 4.0.47-->\n<p><em>Por Salvador Altamirano\/Zunoticia<\/em><\/p>\n\n\n\n<p><strong>Huejutla, Hgo.-<\/strong> Entrevistado en torno a la convocatoria emitida por el ayuntamiento que preside Daniel Andrade Zurutuza, tendiente a designar al nuevo cronista de la localidad, el historiador Jorge Luis Ju\u00e1rez Vega, en la que est\u00e1 entre los propuestos, en primer t\u00e9rmino agradeci\u00f3 que se le tomara en cuenta, enfatizando que ya es necesario haya alguien que narre como se manifiesta a trav\u00e9s del tiempo el acontecer de Huejutla.<\/p>\n\n\n\n<p>Agreg\u00f3 que, para tal efecto, la figura del cronista no debe ser decorativa, sino que haga cr\u00f3nicas con objetividad de los hechos transcendentales y tambi\u00e9n de las singularidades negativas que son muy comunes en nuestros d\u00edas, o sea, que tome en cuenta \u201clas luces y las sombras\u201d.<\/p>\n\n\n\n<p>Asimismo, por la premura de la convocatoria -la cual tiene vigencia de tres d\u00edas- subray\u00f3 que, designar a un cronista de la noche a la ma\u00f1ana&nbsp; no es muy sano, \u201cda la impresi\u00f3n que como sucede en la huasteca el asunto ya est\u00e1 planchado, nada m\u00e1s hay que oficializarlo para cuyo efecto hay que cumplir con las normas\u201d.<\/p>\n\n\n\n<p>A pregunta expresa, refiri\u00f3 que, las convocatorias apresuradas, \u201ca lo mejor sea uno malicioso en el pensar y exagerado en el decir, pero las formas de esa convocatoria por la premura no son las apropiadas, hay mucha gente que se puede interesar en el tema pero con tiempo, ya que se tienen cargas de trabajo\u201d.<\/p>\n\n\n\n<p>Para finalizar, Ju\u00e1rez Vega reconoci\u00f3 que la intenci\u00f3n es buena, noble y necesaria, pero tambi\u00e9n es necesario -acentu\u00f3-, que se tome en serio la creaci\u00f3n de una figura de cronista que tenga capacidad en el tema, que no nos haga seguir navegando en un mar de mentiras que oficialmente se han hecho verdades, y las verdades permanecen ocultas.<\/p>\n","protected":false},"excerpt":{"rendered":"<p>Por Salvador Altamirano\/Zunoticia Huejutla, Hgo.- Entrevistado en torno a la convocatoria emitida por el ayuntamiento que preside Daniel Andrade Zurutuza, tendiente a designar al nuevo cronista de la localidad, el historiador Jorge Luis Ju\u00e1rez Vega, en la que est\u00e1 entre los propuestos, en primer t\u00e9rmino agradeci\u00f3 que se le tomara en cuenta, enfatizando que ya&hellip; <a class=\"more-link\" href=\"https:\/\/www.zunoticia.com\/noticias-de-hidalgo\/2023\/06\/14\/designar-a-un-cronista-de-la-noche-a-la-manana-no-es-muy-sano-juarez-vega\/\">Seguir leyendo <span class=\"screen-reader-text\">Designar a un cronista de la noche a la ma\u00f1ana no es muy sano: Ju\u00e1rez Vega<\/span><\/a><\/p>\n","protected":false},"author":12,"featured_media":486534,"comment_status":"closed","ping_status":"open","sticky":false,"template":"","format":"standard","meta":{"rop_custom_images_group":[],"rop_custom_messages_group":[],"rop_publish_now":"initial","rop_publish_now_accounts":{"facebook_10159540855086992_322828327761733":""},"rop_publish_now_history":[],"rop_publish_now_status":"pending","footnotes":""},"categories":[181],"tags":[121],"class_list":["post-486519","post","type-post","status-publish","format-standard","has-post-thumbnail","hentry","category-huejutla","tag-huejutla","entry"],"_links":{"self":[{"href":"https:\/\/www.zunoticia.com\/noticias-de-hidalgo\/wp-json\/wp\/v2\/posts\/486519","targetHints":{"allow":["GET"]}}],"collection":[{"href":"https:\/\/www.zunoticia.com\/noticias-de-hidalgo\/wp-json\/wp\/v2\/posts"}],"about":[{"href":"https:\/\/www.zunoticia.com\/noticias-de-hidalgo\/wp-json\/wp\/v2\/types\/post"}],"author":[{"embeddable":true,"href":"https:\/\/www.zunoticia.com\/noticias-de-hidalgo\/wp-json\/wp\/v2\/users\/12"}],"replies":[{"embeddable":true,"href":"https:\/\/www.zunoticia.com\/noticias-de-hidalgo\/wp-json\/wp\/v2\/comments?post=486519"}],"version-history":[{"count":1,"href":"https:\/\/www.zunoticia.com\/noticias-de-hidalgo\/wp-json\/wp\/v2\/posts\/486519\/revisions"}],"predecessor-version":[{"id":486536,"href":"https:\/\/www.zunoticia.com\/noticias-de-hidalgo\/wp-json\/wp\/v2\/posts\/486519\/revisions\/486536"}],"wp:featuredmedia":[{"embeddable":true,"href":"https:\/\/www.zunoticia.com\/noticias-de-hidalgo\/wp-json\/wp\/v2\/media\/486534"}],"wp:attachment":[{"href":"https:\/\/www.zunoticia.com\/noticias-de-hidalgo\/wp-json\/wp\/v2\/media?parent=486519"}],"wp:term":[{"taxonomy":"category","embeddable":true,"href":"https:\/\/www.zunoticia.com\/noticias-de-hidalgo\/wp-json\/wp\/v2\/categories?post=486519"},{"taxonomy":"post_tag","embeddable":true,"href":"https:\/\/www.zunoticia.com\/noticias-de-hidalgo\/wp-json\/wp\/v2\/tags?post=486519"}],"curies":[{"name":"wp","href":"https:\/\/api.w.org\/{rel}","templated":true}]}}